{"id":45582,"date":"2014-11-17T21:33:18","date_gmt":"2014-11-18T00:33:18","guid":{"rendered":"http:\/\/aconteceunovale.com.br\/portal\/?p=45582"},"modified":"2014-11-17T21:33:18","modified_gmt":"2014-11-18T00:33:18","slug":"mazinho-do-acougue-e-eleito-presidente-da-camara-de-vereadores-de-capelinha","status":"publish","type":"post","link":"https:\/\/aconteceunovale.com.br\/portal\/?p=45582","title":{"rendered":"Mazinho do A\u00e7ougue \u00e9 eleito presidente da C\u00e2mara de Vereadores de Capelinha"},"content":{"rendered":"<p>O vereador Reomar Rodrigues Cordeiro (PTB), o Mazinho do A\u00e7ougue, foi eleito presidente da C\u00e2mara Municipal de Capelinha na noite desta segunda-feira, 17 de novembro. Mazinho derrotou a chapa encabe\u00e7ada pelo vereador Edelt\u00f4nio Gomes V\u00edtor (PSDB). <\/p>\n<p>A nova mesa diretora da C\u00e2mara ter\u00e1 a seguinte forma\u00e7\u00e3o: <\/p>\n<p>&#8211; Reomar Rodrigues Cordeiro, Mazinho do A\u00e7ougue (PTB) \u2013 presidente<br \/>\n&#8211; Cleuber Luiz de Miranda (PP) \u2013 vice-presidente<br \/>\n&#8211; Tadeu Filipe Fernandes de Abreu, Tadeuzinho (SD) \u2013 segundo vice-presidente<br \/>\n&#8211; Luciano Rodrigues Ribeiro Macedo, Luciano do Mundo Animal (PROS) \u2013 secret\u00e1rio<br \/>\n&#8211; Jailson Pereira (PSD) \u2013 vice-secret\u00e1rio<\/p>\n<p><img decoding=\"async\" src=\"http:\/\/aconteceunovale.com.br\/portal\/wp-content\/uploads\/2014\/11\/camara_cap_1.jpg\" alt=\"\" \/><em>Reomar Rodrigues Cordeiro &#8211; Foto: C\u00e2mara de Capelinha<\/em><br \/>\n<\/br><\/p>\n<p>Al\u00e9m dos votos dos integrantes da chapa, Mazinho tamb\u00e9m recebeu o apoio dos vereadores Gedalvo Fernandes e Roberval Pimenta. Ap\u00f3s a revela\u00e7\u00e3o do resultado da vota\u00e7\u00e3o, o presidente eleito disse em discurso que ficou muito feliz com o resultado. \u201c\u00c9 para mim um momento hist\u00f3rico, muito feliz, mas tamb\u00e9m de grande responsabilidade. N\u00e3o podemos ser omissos nessa Casa, temos que encarar e resolver nossos problemas de maneira honesta, com harmonia entre os Poderes. Minha elei\u00e7\u00e3o foi muito comentada, pois eu fazia parte da base do prefeito e agora fui apoiado pelo grupo de oposi\u00e7\u00e3o. N\u00e3o estou aqui para fazer oposi\u00e7\u00e3o \u00e0 colega vereador, a prefeito e muito menos \u00e0 sociedade. A partir de 2015, sou presidente, mas todos n\u00f3s temos as mesmas responsabilidades\u201d.<\/p>\n<p>Em seu discurso Mazinho prometeu mudan\u00e7as a partir de 2015. Uma delas \u00e9 a divulga\u00e7\u00e3o dos trabalhos da C\u00e2mara Municipal atrav\u00e9s das m\u00eddias sociais e transmiss\u00e3o das sess\u00f5es pela internet.<\/p>\n<p><img decoding=\"async\" src=\"http:\/\/aconteceunovale.com.br\/portal\/wp-content\/uploads\/2014\/11\/camara_cap_2.jpg\" alt=\"\" \/><em>Cleuber Luiz de Miranda &#8211; Foto: C\u00e2mara de Capelinha<\/em><br \/>\n<\/br><\/p>\n<p><img decoding=\"async\" src=\"http:\/\/aconteceunovale.com.br\/portal\/wp-content\/uploads\/2014\/11\/camara_cap_3.jpg\" alt=\"\" \/><em>Tadeu Filipe Fernandes de Abreu &#8211; Foto: C\u00e2mara de Capelinha<\/em><br \/>\n<\/br><\/p>\n<p><img decoding=\"async\" src=\"http:\/\/aconteceunovale.com.br\/portal\/wp-content\/uploads\/2014\/11\/camara_cap_4.jpg\" alt=\"\" \/><em>Luciano Rodrigues Ribeiro Macedo &#8211; Foto: C\u00e2mara de Capelinha<\/em><br \/>\n<\/br><\/p>\n<p><img decoding=\"async\" src=\"http:\/\/aconteceunovale.com.br\/portal\/wp-content\/uploads\/2014\/11\/camara_cap_5.jpg\" alt=\"\" \/><em>Jailson Pereira &#8211; Foto: C\u00e2mara de Capelinha<\/em><\/p>\n","protected":false},"excerpt":{"rendered":"<p>O vereador Reomar Rodrigues Cordeiro (PTB), o Mazinho do A\u00e7ougue, foi eleito presidente da C\u00e2mara Municipal de Capelinha na noite desta segunda-feira, 17 de novembro. Mazinho derrotou a chapa encabe\u00e7ada pelo vereador Edelt\u00f4nio Gomes V\u00edtor (PSDB). A nova mesa diretora da C\u00e2mara ter\u00e1 a seguinte forma\u00e7\u00e3o: &#8211; Reomar Rodrigues Cordeiro, Mazinho do A\u00e7ougue (PTB) \u2013 [&hellip;]<\/p>\n","protected":false},"author":1,"featured_media":45583,"comment_status":"open","ping_status":"closed","sticky":false,"template":"","format":"standard","meta":{"amp_status":"","footnotes":""},"categories":[120],"tags":[23267,23266,132,23262,23265,8881,23264,23261,23259,23260,23263,17594],"class_list":["post-45582","post","type-post","status-publish","format-standard","has-post-thumbnail","hentry","category-jequi","tag-camara-de-vereadores-de-capelinha","tag-camara-municipal-de-capelinha","tag-capelinha","tag-cleuber-luiz-de-miranda","tag-jailson-pereira","tag-luciano-do-mundo-animal","tag-luciano-rodrigues-ribeiro-macedo","tag-mazinho-do-acougue","tag-mazinho-do-acougue-e-eleito-presidente-da-camara-de-vereadores-de-capelinha","tag-reomar-rodrigues-cordeiro","tag-tadeu-filipe-fernandes-de-abreu","tag-tadeuzinho"],"_links":{"self":[{"href":"https:\/\/aconteceunovale.com.br\/portal\/index.php?rest_route=\/wp\/v2\/posts\/45582","targetHints":{"allow":["GET"]}}],"collection":[{"href":"https:\/\/aconteceunovale.com.br\/portal\/index.php?rest_route=\/wp\/v2\/posts"}],"about":[{"href":"https:\/\/aconteceunovale.com.br\/portal\/index.php?rest_route=\/wp\/v2\/types\/post"}],"author":[{"embeddable":true,"href":"https:\/\/aconteceunovale.com.br\/portal\/index.php?rest_route=\/wp\/v2\/users\/1"}],"replies":[{"embeddable":true,"href":"https:\/\/aconteceunovale.com.br\/portal\/index.php?rest_route=%2Fwp%2Fv2%2Fcomments&post=45582"}],"version-history":[{"count":0,"href":"https:\/\/aconteceunovale.com.br\/portal\/index.php?rest_route=\/wp\/v2\/posts\/45582\/revisions"}],"wp:featuredmedia":[{"embeddable":true,"href":"https:\/\/aconteceunovale.com.br\/portal\/index.php?rest_route=\/wp\/v2\/media\/45583"}],"wp:attachment":[{"href":"https:\/\/aconteceunovale.com.br\/portal\/index.php?rest_route=%2Fwp%2Fv2%2Fmedia&parent=45582"}],"wp:term":[{"taxonomy":"category","embeddable":true,"href":"https:\/\/aconteceunovale.com.br\/portal\/index.php?rest_route=%2Fwp%2Fv2%2Fcategories&post=45582"},{"taxonomy":"post_tag","embeddable":true,"href":"https:\/\/aconteceunovale.com.br\/portal\/index.php?rest_route=%2Fwp%2Fv2%2Ftags&post=45582"}],"curies":[{"name":"wp","href":"https:\/\/api.w.org\/{rel}","templated":true}]}}