{"id":45575,"date":"2014-11-17T20:55:59","date_gmt":"2014-11-17T23:55:59","guid":{"rendered":"http:\/\/aconteceunovale.com.br\/portal\/?p=45575"},"modified":"2014-11-17T21:00:31","modified_gmt":"2014-11-18T00:00:31","slug":"jornalista-do-norte-de-minas-ganha-duas-categorias-premio-esso-2014","status":"publish","type":"post","link":"https:\/\/aconteceunovale.com.br\/portal\/?p=45575","title":{"rendered":"Jornalista do Norte de Minas ganha duas categorias do Pr\u00eamio Esso 2014"},"content":{"rendered":"<h4><strong><em>Luiz Ribeiro ganhou na categoria Informa\u00e7\u00e3o Econ\u00f4mica e Centro-Oeste. Ao todo foram inscritos 1.047 trabalhos em diferentes categorias.<\/em><\/strong><\/h4>\n<p>Foi divulgada a rela\u00e7\u00e3o dos vencedores do Pr\u00eamio Esso 2014, o mais importante e mais tradicional concurso do jornalismo brasileiro. O jornalista norte-mineiro Luiz Ribeiro ganhou duas premia\u00e7\u00f5es na mesma edi\u00e7\u00e3o do Pr\u00eamio. Com isso, Ribeiro chega a quatro Essos, situando-se entre os maiores ganhadores da historia da premia\u00e7\u00e3o.<\/p>\n<p><img decoding=\"async\" src=\"http:\/\/aconteceunovale.com.br\/portal\/wp-content\/uploads\/2014\/11\/luiz_ribeiro_1.jpg\" alt=\"\" \/><em>Luiz Ribeiro realizou ainda uma s\u00e9rie de reportagens sobre o Vale do Jequitinhonha. Ele est\u00e1 h\u00e1 23 anos no jornal Estado de Minas &#8211; Foto: Danilo Evangelista\/Divulga\u00e7\u00e3o<\/em><br \/>\n<\/br><\/p>\n<p>Foram inscritos no Pr\u00eamio Esso deste ano 1.047 reportagens, sendo 519 reportagens e s\u00e9ries de reportagens impressas; 175 trabalhos fotogr\u00e1ficos; 291 trabalhos de cria\u00e7\u00e3o gr\u00e1fica (Jornal, Revista e Primeira P\u00e1gina) e 62 trabalhos de telejornalismo.<\/p>\n<p>O corpo de jurados foi formado por jornalistas reconhecidos em todo o pa\u00eds por sua experi\u00eancia, compet\u00eancia e credibilidade. A cerim\u00f4nia de premia\u00e7\u00e3o ser\u00e1 no dia 2 de dezembro, no Copacabana Palace, no Rio de Janeiro.<\/p>\n<h4>Quem \u00e9 Luiz Ribeiro?<\/h4>\n<p>Natural de Francisco S\u00e1, Luiz Ribeiro iniciou-se na profiss\u00e3o no extinto O Jornal de Montes Claros. Passou pelo Jornal de Noticias e pelo Hoje em Dia.<\/p>\n<p>H\u00e1 quase 23 anos, \u00e9 rep\u00f3rter do Estado de Minas\/Correio Braziliense. Ele j\u00e1a cumula 44 pr\u00eamios de jornalismo regionais e nacionais, por trabalhos individuais e em equipe.<\/p>\n<p><img decoding=\"async\" src=\"http:\/\/aconteceunovale.com.br\/portal\/wp-content\/uploads\/2014\/11\/luiz_ribeiro_2.jpg\" alt=\"\" \/><em>Luiz Ribeiro assinou in\u00fameras reportagens sobre o Vale &#8211; Foto: Danilo Evangelista\/Divulga\u00e7\u00e3o<\/em><br \/>\n<\/br><\/p>\n<p>Suas reportagens abordam temas sociais, econ\u00f4micos, ambientais e quest\u00f5es ligadas \u00e0 sa\u00fade e educa\u00e7\u00e3o e outros temas de relev\u00e2ncia para o desenvolvimento econ\u00f4mico e social.<\/p>\n<p>Na edi\u00e7\u00e3o do Pr\u00eamio Esso de 2014, Luiz Ribeiro foi vencedor da categoria Centro-Oeste, juntamente com o rep\u00f3rter Mateus Parreiras, com a s\u00e9rie de reportagens &#8220;Nova Fronteira da Seca&#8221;, publicada pelo Estado de Minas em setembro de 2013.<\/p>\n<p>O trabalho focaliza a falta de \u00e1gua no Noroeste de Minas e no Norte do estado, abordando tamb\u00e9m o problema da amea\u00e7a de desertifica\u00e7\u00e3o.<\/p>\n<p>Para elaborar as reportagens, o jornalistas percorreram cerca de 3 mil e 200 quil\u00f4metros. Luiz Ribeiro percorreu mais de 1.200 quil\u00f4metros no Norte de Minas.<\/p>\n<p>Uma das \u00e1reas visitadas foi a regi\u00e3o do Pent\u00e1urea, no munic\u00edpio de Montes Claros, onde a degrada\u00e7\u00e3o causada pelo desmatamento e extra\u00e7\u00e3o ilegal de areia amea\u00e7am as nascentes dos rios S\u00e3o Lamberto, Pacu\u00ed e Guavinip\u00e3. Condom\u00ednios rurais em desobedi\u00eancia \u00e0s normas tamb\u00e9m preocupam os ambientalistas.<\/p>\n<p>No munic\u00edpio de Francisco S\u00e1, foi documentada \u00e1rea onde j\u00e1 s\u00e3o vis\u00edveis sinais de desertifica\u00e7\u00e3o no pr\u00f3ximo do distrito de Cana Brava.<\/p>\n<p>Tamb\u00e9m foram focalizadas situa\u00e7\u00f5es enfrentadas por moradores da zona rural de Espinosa,um dos munic\u00edpios mais castigados pela falta d&#8217;\u00e1gua em Minas.<\/p>\n<h4>Reportagens mostraram perigo da desertifica\u00e7\u00e3o do Norte de Minas<\/h4>\n<p>A reportagem percorreu ainda os munic\u00edpios de Matias Cardoso, Ja\u00edba, Verdel\u00e2ndia, Jana\u00faba, Monte Azul, Espinosa, Montes Claros, Cora\u00e7\u00e3o de Jesus, S\u00e3o Jo\u00e3o da Lagoa e Francisco S\u00e1. &#8220;O tema abordado \u00e9 de suma import\u00e2ncia para o Norte de Minas, colocando em discuss\u00e3o a busca de solu\u00e7\u00f5es para a conviv\u00eancia com a seca, a necessidade de preserva\u00e7\u00e3o do meio ambiente e de a\u00e7\u00f5es preventivas contra a desertifica\u00e7\u00e3o&#8221;, observa Ribeiro, que ressalta tamb\u00e9m a import\u00e2ncia do trabalho em parceria com Mateus Parreiras, que j\u00e1 rendeu \u00e0 dupla outros t\u00edtulos, como os pr\u00eamios Embratel, Petrobras e D\u00e9lio Rocha de Interesse P\u00fablico.<\/p>\n<p><img decoding=\"async\" src=\"http:\/\/aconteceunovale.com.br\/portal\/wp-content\/uploads\/2014\/11\/luiz_ribeiro_3.jpg\" alt=\"\" \/><em>O problema da desertifica\u00e7\u00e3o do norte do estado de Minas Gerais \u00e9 uma luta travada por ambientalistas da regi\u00e3o &#8211; Foto: Danilo Evangelista\/Divulga\u00e7\u00e3o<\/em><br \/>\n<\/br><\/p>\n<p>A s\u00e9rie &#8220;A Nova Fronteira da Sede&#8221; tamb\u00e9m \u00e9 finalista do Premio ANA\/2014, promovido pela Ag\u00eancia Nacional de \u00c1guas.<\/p>\n<p>Na s\u00e9rie de reportagens 20 anos do Plano Real, publicada pelo Correio Braziliense, Luiz Ribeiro visitou o munic\u00edpio de Itacambira &#8211; na \u00e1rea urbana e na zona rural, cidade que tinha visitado na \u00e9poca do lan\u00e7amento do Plano Real, em julho de 1994.<\/p>\n<p>O rep\u00f3rter conseguiu localizar os mesmos personagens que entrevistou em 1994 e mostrou as transforma\u00e7\u00f5es na vida deles, ao longo de 20 anos.<\/p>\n<p>&#8220;Acredito que o Pr\u00eamio Esso \u00e9 um reconhecimento ao esfor\u00e7o jornal\u00edstico. No meu caso, pelo fato de eu ser o \u00fanico ganhador que mora no interior, isso \u00e9 uma demonstra\u00e7\u00e3o da boa qualidade do trabalho jornal\u00edstico fora dos grandes centros, sendo uma valoriza\u00e7\u00e3o dos profissionais da \u00e1rea de todo o Norte de Minas&#8221;, afirma o rep\u00f3rter.<\/p>\n<p><strong><em>(Fonte: Ana Maria Barbosa Comunica\u00e7\u00e3o)<\/em><\/strong><\/p>\n","protected":false},"excerpt":{"rendered":"<p>Luiz Ribeiro ganhou na categoria Informa\u00e7\u00e3o Econ\u00f4mica e Centro-Oeste. Ao todo foram inscritos 1.047 trabalhos em diferentes categorias. Foi divulgada a rela\u00e7\u00e3o dos vencedores do Pr\u00eamio Esso 2014, o mais importante e mais tradicional concurso do jornalismo brasileiro. O jornalista norte-mineiro Luiz Ribeiro ganhou duas premia\u00e7\u00f5es na mesma edi\u00e7\u00e3o do Pr\u00eamio. Com isso, Ribeiro chega [&hellip;]<\/p>\n","protected":false},"author":1,"featured_media":45576,"comment_status":"open","ping_status":"closed","sticky":false,"template":"","format":"standard","meta":{"amp_status":"","footnotes":""},"categories":[1236],"tags":[23256,1801,23253,1278,23251,1395,23249,1696,1058,204,23248,23252,23250,23258,23257,23244,23255,1708,1277,210,23254,23247,23246,23245,1104,3725,1814],"class_list":["post-45575","post","type-post","status-publish","format-standard","has-post-thumbnail","hentry","category-norte_de_minas","tag-a-nova-fronteira-da-sede","tag-coracao-de-jesus","tag-correio-brasiliense","tag-espinosa","tag-estado-de-minas","tag-francisco-sa","tag-hoje-em-dia","tag-itacambira","tag-jaiba","tag-janauba","tag-jornal-de-noticias","tag-jornal-estado-de-minas","tag-jornal-hoje-em-dia","tag-jornalista-do-norte-de-minas-ganha-duas-categorias-do-premio-esso-2014","tag-jornalista-do-norte-de-minas-ganha-duas-categorias-premio-esso-2014","tag-luiz-ribeiro","tag-mateus-parreiras","tag-matias-cardoso","tag-monte-azul","tag-montes-claros","tag-nova-fronteira-da-seca","tag-o-jornal-de-montes-claros","tag-premio-esso","tag-premio-esso-2014","tag-rio-de-janeiro","tag-sao-joao-da-lagoa","tag-verdelandia"],"_links":{"self":[{"href":"https:\/\/aconteceunovale.com.br\/portal\/index.php?rest_route=\/wp\/v2\/posts\/45575","targetHints":{"allow":["GET"]}}],"collection":[{"href":"https:\/\/aconteceunovale.com.br\/portal\/index.php?rest_route=\/wp\/v2\/posts"}],"about":[{"href":"https:\/\/aconteceunovale.com.br\/portal\/index.php?rest_route=\/wp\/v2\/types\/post"}],"author":[{"embeddable":true,"href":"https:\/\/aconteceunovale.com.br\/portal\/index.php?rest_route=\/wp\/v2\/users\/1"}],"replies":[{"embeddable":true,"href":"https:\/\/aconteceunovale.com.br\/portal\/index.php?rest_route=%2Fwp%2Fv2%2Fcomments&post=45575"}],"version-history":[{"count":0,"href":"https:\/\/aconteceunovale.com.br\/portal\/index.php?rest_route=\/wp\/v2\/posts\/45575\/revisions"}],"wp:featuredmedia":[{"embeddable":true,"href":"https:\/\/aconteceunovale.com.br\/portal\/index.php?rest_route=\/wp\/v2\/media\/45576"}],"wp:attachment":[{"href":"https:\/\/aconteceunovale.com.br\/portal\/index.php?rest_route=%2Fwp%2Fv2%2Fmedia&parent=45575"}],"wp:term":[{"taxonomy":"category","embeddable":true,"href":"https:\/\/aconteceunovale.com.br\/portal\/index.php?rest_route=%2Fwp%2Fv2%2Fcategories&post=45575"},{"taxonomy":"post_tag","embeddable":true,"href":"https:\/\/aconteceunovale.com.br\/portal\/index.php?rest_route=%2Fwp%2Fv2%2Ftags&post=45575"}],"curies":[{"name":"wp","href":"https:\/\/api.w.org\/{rel}","templated":true}]}}