{"id":45556,"date":"2014-11-17T18:41:47","date_gmt":"2014-11-17T21:41:47","guid":{"rendered":"http:\/\/aconteceunovale.com.br\/portal\/?p=45556"},"modified":"2014-11-17T18:52:41","modified_gmt":"2014-11-17T21:52:41","slug":"ibge-divulga-primeiro-mapa-de-riscos-climaticos-da-amazonia-legal","status":"publish","type":"post","link":"https:\/\/aconteceunovale.com.br\/portal\/?p=45556","title":{"rendered":"IBGE divulga primeiro mapa de riscos clim\u00e1ticos da Amaz\u00f4nia Legal"},"content":{"rendered":"<p>O Instituto Brasileiro de Geografia e Estat\u00edstica (IBGE) divulgou hoje (17) o primeiro Mapa de Agressividade Clim\u00e1tica na Amaz\u00f4nia Legal. O documento compila dados coletados por tr\u00eas d\u00e9cadas em 326 esta\u00e7\u00f5es climatol\u00f3gicas e pluviom\u00e9tricas, al\u00e9m de informa\u00e7\u00f5es do pr\u00f3prio IBGE e da Superintend\u00eancia de Desenvolvimento da Amaz\u00f4nia (Sudam).<\/p>\n<p><img decoding=\"async\" src=\"http:\/\/aconteceunovale.com.br\/portal\/wp-content\/uploads\/2014\/11\/mapa_ibge.jpg\" alt=\"\" \/> Mapa de Agressividade Clim\u00e1tica na Amaz\u00f4nia Legal, <a href=\"http:\/\/saladeimprensa.ibge.gov.br\/noticias?view=noticia&amp;idnoticia=2761\" target=\"_blank\">clique aqui para abrir<\/a><br \/>\n<\/br><\/p>\n<p>Produzido pelo Diagn\u00f3stico Ambiental da regi\u00e3o, estudo da d\u00e9cada de 1990 para conjugar a an\u00e1lise das vari\u00e1veis clim\u00e1ticas, o material tamb\u00e9m leva em conta o relevo e a cobertura vegetal da Amaz\u00f4nia Legal.<\/p>\n<p>Apesar dos dados analisados terem sido coletados entre as d\u00e9cadas de 1960 e 1990, o coordenador de Recursos Naturais do IBGE, Celso Jos\u00e9 Monteiro Filho, diz que o mapa \u00e9 importante para mostrar a import\u00e2ncia da quest\u00e3o em uma regi\u00e3o como a Amaz\u00f4nia, entendendo as condi\u00e7\u00f5es clim\u00e1ticas como um agente potencialmente transformador de um ambiente.<\/p>\n<p>\u201cO levantamento \u00e9 necess\u00e1rio para compreender o funcionamento do sistema natural por conta do clima. Ele ajuda muito a avaliar a vulnerabilidade do ambiente. N\u00e3o \u00e9 um mapa que indica ou apresenta problemas relacionados \u00e0s chuvas \u00a0e \u00e0 falta de \u00e1gua em S\u00e3o Paulo. O objetivo \u00e9 mostrar que o agente transformador de qualquer ambiente \u00e9 o clima. Se esse clima \u00e9 alterado por desmatamento ou ocupa\u00e7\u00e3o, a altera\u00e7\u00e3o transformar\u00e1 o ambiente\u201d, salientou.<\/p>\n<p>O mapa incluiu tr\u00eas grandes classes de agressividade: alta, m\u00e9dia e baixa. Cada uma \u00e9 subdividida em fatores, conforme o \u00edndice de concentra\u00e7\u00e3o de chuvas, n\u00famero de meses com excesso e defici\u00eancia e totais m\u00e9dios anuais de chuva.<\/p>\n<p>De acordo com Monteiro Filho, \u00e9 necess\u00e1rio um mapa com dados atuais, para verificar como ocorreram as mudan\u00e7as na regi\u00e3o nas \u00faltimas d\u00e9cadas. \u201cAt\u00e9 1990, os dados n\u00e3o eram muito bons. Hoje, s\u00e3o muito melhores. \u00c9 preciso uma outra an\u00e1lise para entendermosr como a situa\u00e7\u00e3o se deu nos \u00faltimos 24 anos. De qualquer forma, era uma informa\u00e7\u00e3o perdida. Na ci\u00eancia, voc\u00ea tem de ter uma base de compara\u00e7\u00e3o\u201d.<\/p>\n<p>Ressaltou que as modifica\u00e7\u00f5es na regi\u00e3o tropical foram intensas nos \u00faltimos 24 anos. Acrescentou que ainda n\u00e3o h\u00e1 previs\u00e3o da nova an\u00e1lise. O mapa do Potencial de Agressividade Clim\u00e1tica na Amaz\u00f4nia Legal pode ser acessado na\u00a0<a href=\"http:\/\/saladeimprensa.ibge.gov.br\/noticias?view=noticia&amp;idnoticia=2761\">p\u00e1gina do IBGE<\/a>. As informa\u00e7\u00f5es s\u00e3o da <strong>Ag\u00eancia Brasil<\/strong>.<\/p>\n","protected":false},"excerpt":{"rendered":"<p>O Instituto Brasileiro de Geografia e Estat\u00edstica (IBGE) divulgou hoje (17) o primeiro Mapa de Agressividade Clim\u00e1tica na Amaz\u00f4nia Legal. O documento compila dados coletados por tr\u00eas d\u00e9cadas em 326 esta\u00e7\u00f5es climatol\u00f3gicas e pluviom\u00e9tricas, al\u00e9m de informa\u00e7\u00f5es do pr\u00f3prio IBGE e da Superintend\u00eancia de Desenvolvimento da Amaz\u00f4nia (Sudam). Mapa de Agressividade Clim\u00e1tica na Amaz\u00f4nia Legal, [&hellip;]<\/p>\n","protected":false},"author":1,"featured_media":45557,"comment_status":"open","ping_status":"closed","sticky":false,"template":"","format":"standard","meta":{"amp_status":"","footnotes":""},"categories":[6],"tags":[23233,23234,1062,23236,23235,23237],"class_list":["post-45556","post","type-post","status-publish","format-standard","has-post-thumbnail","hentry","category-br","tag-agressividade-climatica","tag-amazonia-legal","tag-ibge","tag-ibge-divulga-primeiro-mapa-de-riscos-climaticos-da-amazonia-legal","tag-mapa","tag-mapa-de-agressividade-climatica-na-amazonia-legal"],"_links":{"self":[{"href":"https:\/\/aconteceunovale.com.br\/portal\/index.php?rest_route=\/wp\/v2\/posts\/45556","targetHints":{"allow":["GET"]}}],"collection":[{"href":"https:\/\/aconteceunovale.com.br\/portal\/index.php?rest_route=\/wp\/v2\/posts"}],"about":[{"href":"https:\/\/aconteceunovale.com.br\/portal\/index.php?rest_route=\/wp\/v2\/types\/post"}],"author":[{"embeddable":true,"href":"https:\/\/aconteceunovale.com.br\/portal\/index.php?rest_route=\/wp\/v2\/users\/1"}],"replies":[{"embeddable":true,"href":"https:\/\/aconteceunovale.com.br\/portal\/index.php?rest_route=%2Fwp%2Fv2%2Fcomments&post=45556"}],"version-history":[{"count":0,"href":"https:\/\/aconteceunovale.com.br\/portal\/index.php?rest_route=\/wp\/v2\/posts\/45556\/revisions"}],"wp:featuredmedia":[{"embeddable":true,"href":"https:\/\/aconteceunovale.com.br\/portal\/index.php?rest_route=\/wp\/v2\/media\/45557"}],"wp:attachment":[{"href":"https:\/\/aconteceunovale.com.br\/portal\/index.php?rest_route=%2Fwp%2Fv2%2Fmedia&parent=45556"}],"wp:term":[{"taxonomy":"category","embeddable":true,"href":"https:\/\/aconteceunovale.com.br\/portal\/index.php?rest_route=%2Fwp%2Fv2%2Fcategories&post=45556"},{"taxonomy":"post_tag","embeddable":true,"href":"https:\/\/aconteceunovale.com.br\/portal\/index.php?rest_route=%2Fwp%2Fv2%2Ftags&post=45556"}],"curies":[{"name":"wp","href":"https:\/\/api.w.org\/{rel}","templated":true}]}}