{"id":45553,"date":"2014-11-17T18:35:58","date_gmt":"2014-11-17T21:35:58","guid":{"rendered":"http:\/\/aconteceunovale.com.br\/portal\/?p=45553"},"modified":"2014-11-17T18:35:58","modified_gmt":"2014-11-17T21:35:58","slug":"rede-publica-de-saude-vai-imunizar-gestantes-contra-a-coqueluche","status":"publish","type":"post","link":"https:\/\/aconteceunovale.com.br\/portal\/?p=45553","title":{"rendered":"Rede p\u00fablica de sa\u00fade vai imunizar gestantes contra a coqueluche"},"content":{"rendered":"<p>A partir de hoje (17), a rede p\u00fablica de sa\u00fade disponibilizar\u00e1 para gestantes a vacina tr\u00edplice acelular (DTPa), que protege contra t\u00e9tano, difteria e coqueluche, conforme anunciou o ministro da Sa\u00fade, Arthur Chioro. O foco do minist\u00e9rio \u00e9 a imuniza\u00e7\u00e3o contra coqueluche, de modo que as m\u00e3es passem a imunidade para os beb\u00eas. Segundo o ministro, os casos da doen\u00e7a t\u00eam aumentado em todo o mundo. Salientou que 87% dos registros s\u00e3o de beb\u00eas com menos de seis meses.  Em 2013, foram 5.668 casos de coqueluche no Brasil e 110 \u00f3bitos.<\/p>\n<p>De acordo com o Minist\u00e9rio da Sa\u00fade, a vacina ser\u00e1 oferecida a gestantes entre 27 e 36 semanas de gravidez. Chioro informou que as doses j\u00e1 foram distribu\u00eddas em todo o pa\u00eds. Tamb\u00e9m ser\u00e3o imunizados profissionais que atuam em UTI neonatal e maternidades.<\/p>\n<p>Quando a gestante \u00e9 vacinada, o beb\u00ea fica imune por meio da placenta e protegido at\u00e9 completar o calend\u00e1rio vacinal. A imuniza\u00e7\u00e3o contra a coqueluche \u00e9 oferecida pela rede p\u00fablica para crian\u00e7as. Ela \u00e9 iniciada com a vacina pentavalente, administrada aos dois, quatro e seis meses. Entretanto, o beb\u00ea s\u00f3 \u00e9 considerado imunizado ap\u00f3s completar o quadro de vacinas. A crian\u00e7a tamb\u00e9m recebe como refor\u00e7o a vacina DTP (difteria, t\u00e9tano, coqueluche). O primeiro deve ser administrado aos 15 meses e o segundo aos 4 anos.<\/p>\n<p>\u201cN\u00f3s passamos a ter uma situa\u00e7\u00e3o preocupante, inclusive com 245 \u00f3bitos nos \u00faltimos quatro anos, \u00f3bitos concentrados em crian\u00e7as de menos de seis meses, e principalmente em menores de tr\u00eas meses, por isso \u00e9 tao importante a estrat\u00e9gia de vacina\u00e7\u00e3o da gestante como forma de garantir prote\u00e7\u00e3o ao beb\u00ea&#8221;, ressaltou o ministro da Sa\u00fade, Arthur Chioro. O ministro frisou que a medida n\u00e3o exclui a vacina\u00e7\u00e3o das crian\u00e7as no per\u00edodo adequado.<\/p>\n<p>Para Jarbas Barbosa, secret\u00e1rio de Vigil\u00e2ncia em Sa\u00fade do minist\u00e9rio, em adultos a doen\u00e7a pode passar despercebida, pois os sintomas s\u00e3o mais leves. Ressaltou que, em crian\u00e7as, percebe-se com a &#8220;tosse comprida&#8221;, que pode deixar a crian\u00e7a sem ar. Segundo Barbosa, os sintomas s\u00e3o bem caracter\u00edsticos. Como em alguns locais os m\u00e9dicos passam meses e at\u00e9 ano sem contato com pacientes com coqueluche, ela pode ser confundida com outra doen\u00e7a respirat\u00f3ria.<\/p>\n<p>Antes da disponibiliza\u00e7\u00e3o da DTPa, as gr\u00e1vidas tomavam tr\u00eas doses da vacina contra difteria e t\u00e9tano, a dupla adulto. Agora, tomar\u00e3o duas doses da dupla adulto e a terceira ser\u00e1 substitu\u00edda pela DTPa.<\/p>\n<p>O p\u00fablico a ser atingido \u00e9 composto por 2,9 milh\u00f5es de gestantes e 324 mil trabalhadores de sa\u00fade. O Minist\u00e9rio da Sa\u00fade adquiriu quatro milh\u00f5es de doses da vacina.<\/p>\n<p>Doen\u00e7a infecciosa aguda, a coqueluche \u00e9 causada pela bact\u00e9ria Bordetella pertussis, transmitida pelo contato direto, por meio de got\u00edculas de secre\u00e7\u00e3o eliminadas por tosse, espirro ou pela voz. Compromete especificamente o aparelho respirat\u00f3rio (traqueia e br\u00f4nquios) e se caracteriza por acessos de tosse seca. As informa\u00e7\u00f5es s\u00e3o da <strong>Ag\u00eancia Brasil<\/strong>.<\/p>\n","protected":false},"excerpt":{"rendered":"<p>A partir de hoje (17), a rede p\u00fablica de sa\u00fade disponibilizar\u00e1 para gestantes a vacina tr\u00edplice acelular (DTPa), que protege contra t\u00e9tano, difteria e coqueluche, conforme anunciou o ministro da Sa\u00fade, Arthur Chioro. O foco do minist\u00e9rio \u00e9 a imuniza\u00e7\u00e3o contra coqueluche, de modo que as m\u00e3es passem a imunidade para os beb\u00eas. Segundo o [&hellip;]<\/p>\n","protected":false},"author":1,"featured_media":45554,"comment_status":"open","ping_status":"closed","sticky":false,"template":"","format":"standard","meta":{"amp_status":"","footnotes":""},"categories":[6],"tags":[23228,23229,23227,21730,23232,23231,23230,8871],"class_list":["post-45553","post","type-post","status-publish","format-standard","has-post-thumbnail","hentry","category-br","tag-gravidas","tag-rede-publica","tag-rede-publica-de-saude-vai-imunizar-gestantes-contra-a-coqueluche","tag-vacina","tag-vacina-contra-coqueluche","tag-vacina-contra-difteria","tag-vacina-contra-tetano","tag-vacina-triplice-acelular"],"_links":{"self":[{"href":"https:\/\/aconteceunovale.com.br\/portal\/index.php?rest_route=\/wp\/v2\/posts\/45553","targetHints":{"allow":["GET"]}}],"collection":[{"href":"https:\/\/aconteceunovale.com.br\/portal\/index.php?rest_route=\/wp\/v2\/posts"}],"about":[{"href":"https:\/\/aconteceunovale.com.br\/portal\/index.php?rest_route=\/wp\/v2\/types\/post"}],"author":[{"embeddable":true,"href":"https:\/\/aconteceunovale.com.br\/portal\/index.php?rest_route=\/wp\/v2\/users\/1"}],"replies":[{"embeddable":true,"href":"https:\/\/aconteceunovale.com.br\/portal\/index.php?rest_route=%2Fwp%2Fv2%2Fcomments&post=45553"}],"version-history":[{"count":0,"href":"https:\/\/aconteceunovale.com.br\/portal\/index.php?rest_route=\/wp\/v2\/posts\/45553\/revisions"}],"wp:featuredmedia":[{"embeddable":true,"href":"https:\/\/aconteceunovale.com.br\/portal\/index.php?rest_route=\/wp\/v2\/media\/45554"}],"wp:attachment":[{"href":"https:\/\/aconteceunovale.com.br\/portal\/index.php?rest_route=%2Fwp%2Fv2%2Fmedia&parent=45553"}],"wp:term":[{"taxonomy":"category","embeddable":true,"href":"https:\/\/aconteceunovale.com.br\/portal\/index.php?rest_route=%2Fwp%2Fv2%2Fcategories&post=45553"},{"taxonomy":"post_tag","embeddable":true,"href":"https:\/\/aconteceunovale.com.br\/portal\/index.php?rest_route=%2Fwp%2Fv2%2Ftags&post=45553"}],"curies":[{"name":"wp","href":"https:\/\/api.w.org\/{rel}","templated":true}]}}