{"id":45523,"date":"2014-11-17T11:23:30","date_gmt":"2014-11-17T14:23:30","guid":{"rendered":"http:\/\/aconteceunovale.com.br\/portal\/?p=45523"},"modified":"2014-11-17T11:23:30","modified_gmt":"2014-11-17T14:23:30","slug":"arraial-dos-crioulos-realiza-o-4o-encontro-da-consciencia-negra-em-aracuai","status":"publish","type":"post","link":"https:\/\/aconteceunovale.com.br\/portal\/?p=45523","title":{"rendered":"Arraial dos Crioulos realiza o 4\u00ba Encontro da Consci\u00eancia Negra em Ara\u00e7ua\u00ed"},"content":{"rendered":"<h4><strong><em>O bairro, considerado o mais antigo de Ara\u00e7ua\u00ed, foi reconhecido como \u00e1rea remanescente de quilombolas.<\/em><\/strong><\/h4>\n<p>Como acontece tradicionalmente, o Dia da Consci\u00eancia Negra deve ser comemorado com m\u00fasica, dan\u00e7a e celebra\u00e7\u00e3o de 18 a 23 de novembro, em Ara\u00e7ua\u00ed, no Vale do Jequitinhonha. A festa \u00e9 organizada pela Comunidade Arraial dos Crioulos, remanescente de quilombola da regi\u00e3o e um dos bairros mais antigos da cidade.<\/p>\n<p>Na noite de quinta-feira (17), a programa\u00e7\u00e3o ser\u00e1 aberta com uma palestra sobre a quest\u00e3o quilombola, na igreja do bairro. No dia seguinte (18), est\u00e1 previsto oficina de capoeira e de grafite.<\/p>\n<p>O momento mais esperado acontece durante todo o dia de domingo, a partir das 10 da manh\u00e3, no final da rua principal do bairro, com as apresenta\u00e7\u00f5es culturais e as barraquinhas de comidas e bebidas t\u00edpicas. Grupos de capoeira e de batuque se encarregam de animar rodas, que invariavelmente seduzem os presentes, que acabam por celebrar uma grande confraterniza\u00e7\u00e3o que se encerra \u00e0s 22h.<\/p>\n<p><img decoding=\"async\" src=\"http:\/\/aconteceunovale.com.br\/portal\/wp-content\/uploads\/2014\/11\/arraial_dos_crioulos.jpg\" alt=\"\" \/><em>A festa tradicional \u00e9 realizada no bairro Arraial dos Crioulos &#8211; Foto: Divulga\u00e7\u00e3o<\/em><br \/>\n<\/br><\/p>\n<p><em><strong>(Gazeta de Ara\u00e7ua\u00ed)<\/strong><\/em><\/p>\n","protected":false},"excerpt":{"rendered":"<p>O bairro, considerado o mais antigo de Ara\u00e7ua\u00ed, foi reconhecido como \u00e1rea remanescente de quilombolas. Como acontece tradicionalmente, o Dia da Consci\u00eancia Negra deve ser comemorado com m\u00fasica, dan\u00e7a e celebra\u00e7\u00e3o de 18 a 23 de novembro, em Ara\u00e7ua\u00ed, no Vale do Jequitinhonha. A festa \u00e9 organizada pela Comunidade Arraial dos Crioulos, remanescente de quilombola [&hellip;]<\/p>\n","protected":false},"author":1,"featured_media":45524,"comment_status":"open","ping_status":"closed","sticky":false,"template":"","format":"standard","meta":{"amp_status":"","footnotes":""},"categories":[120],"tags":[186,23195,23196],"class_list":["post-45523","post","type-post","status-publish","format-standard","has-post-thumbnail","hentry","category-jequi","tag-aracuai","tag-arraial-dos-crioulos-realiza-o-4o-encontro-da-consciencia-negra-em-aracuai","tag-dia-da-consciencia-negra"],"_links":{"self":[{"href":"https:\/\/aconteceunovale.com.br\/portal\/index.php?rest_route=\/wp\/v2\/posts\/45523","targetHints":{"allow":["GET"]}}],"collection":[{"href":"https:\/\/aconteceunovale.com.br\/portal\/index.php?rest_route=\/wp\/v2\/posts"}],"about":[{"href":"https:\/\/aconteceunovale.com.br\/portal\/index.php?rest_route=\/wp\/v2\/types\/post"}],"author":[{"embeddable":true,"href":"https:\/\/aconteceunovale.com.br\/portal\/index.php?rest_route=\/wp\/v2\/users\/1"}],"replies":[{"embeddable":true,"href":"https:\/\/aconteceunovale.com.br\/portal\/index.php?rest_route=%2Fwp%2Fv2%2Fcomments&post=45523"}],"version-history":[{"count":0,"href":"https:\/\/aconteceunovale.com.br\/portal\/index.php?rest_route=\/wp\/v2\/posts\/45523\/revisions"}],"wp:featuredmedia":[{"embeddable":true,"href":"https:\/\/aconteceunovale.com.br\/portal\/index.php?rest_route=\/wp\/v2\/media\/45524"}],"wp:attachment":[{"href":"https:\/\/aconteceunovale.com.br\/portal\/index.php?rest_route=%2Fwp%2Fv2%2Fmedia&parent=45523"}],"wp:term":[{"taxonomy":"category","embeddable":true,"href":"https:\/\/aconteceunovale.com.br\/portal\/index.php?rest_route=%2Fwp%2Fv2%2Fcategories&post=45523"},{"taxonomy":"post_tag","embeddable":true,"href":"https:\/\/aconteceunovale.com.br\/portal\/index.php?rest_route=%2Fwp%2Fv2%2Ftags&post=45523"}],"curies":[{"name":"wp","href":"https:\/\/api.w.org\/{rel}","templated":true}]}}