{"id":45459,"date":"2014-11-16T15:04:37","date_gmt":"2014-11-16T18:04:37","guid":{"rendered":"http:\/\/aconteceunovale.com.br\/portal\/?p=45459"},"modified":"2014-11-16T15:04:37","modified_gmt":"2014-11-16T18:04:37","slug":"suspeitos-de-assaltar-banco-em-santa-helena-de-minas-sao-presos-em-almenara","status":"publish","type":"post","link":"https:\/\/aconteceunovale.com.br\/portal\/?p=45459","title":{"rendered":"Suspeitos de assaltar banco em Santa Helena de Minas s\u00e3o presos em Almenara"},"content":{"rendered":"<h4><strong><em>Os tr\u00eas suspeitos de 21, 28 e 34 anos, s\u00e3o do Estado da Bahia. Eles teriam assaltado uma ag\u00eancia do Banco Sicoob em Santa Helena de Minas.<\/em><\/strong><\/h4>\n<p>A Pol\u00edcia Militar de Almenara, no Vale do Jequitinhonha, prendeu na manh\u00e3 deste domingo, 16 de novembro, tr\u00eas suspeitos de envolvimento em um roubo a banco no munic\u00edpio de Santa Helena de Minas, no Vale do Mucuri. Segundo informa\u00e7\u00f5es do tenente Paulo Henrique Brant, os presos teriam roubado tr\u00eas ve\u00edculos durante a fuga e se envolvido em um acidente sem gravidade.<\/p>\n<p><img decoding=\"async\" src=\"http:\/\/aconteceunovale.com.br\/portal\/wp-content\/uploads\/2014\/11\/assaltantes_santa_helena_mg_1.jpg\" alt=\"\" \/><em>Trio foi preso em Almenara &#8211; Foto: Divulga\u00e7\u00e3o\/PMMG<\/em><br \/>\n<\/br><\/p>\n<p>Os ve\u00edculos foram abandonados em tr\u00eas diferentes munic\u00edpios: Almenara, Jacinto e Rubim. Os suspeitos de 21, 28 e 34 anos, s\u00e3o do Estado da Bahia e foram presos dentro de um \u00f4nibus quando desembarcavam em Almenara.<\/p>\n<p>A pol\u00edcia chegou at\u00e9 o trio depois de uma den\u00fancia an\u00f4nima. Com eles foram aprendidos, R$ 1.158,00 em dinheiro e um rev\u00f3lver calibre 38, com seis cartuchos. Segundo a Pol\u00edcia Militar as caracter\u00edsticas dos suspeitos batem com as dos criminosos que assaltaram uma ag\u00eancia do banco Sicoob na quinta-feira (13). Na ocasi\u00e3o, os assaltantes levaram R$ 7.439,89.<\/p>\n<p>\u201cEles confessaram o roubo dos ve\u00edculos, mas n\u00e3o admitiram a participa\u00e7\u00e3o no assalto. A pol\u00edcia procura ainda um quarto suspeito que est\u00e1 foragido e busca mais informa\u00e7\u00f5es que confirmem a participa\u00e7\u00e3o dos suspeitos no crime\u201d, declarou o tenente Brant.<\/p>\n<p><img decoding=\"async\" src=\"http:\/\/aconteceunovale.com.br\/portal\/wp-content\/uploads\/2014\/11\/assaltantes_santa_helena_mg_4.jpg\" alt=\"\" \/><em>Carro roubado em Te\u00f3filo Otoni foi abandonado ap\u00f3s assalto &#8211; Foto: Divulga\u00e7\u00e3o\/PMMG<\/em><br \/>\n<\/br><\/p>\n<h4>Ve\u00edculo roubado em Te\u00f3filo Otoni<\/h4>\n<p>O ve\u00edculo usado pelos autores no assalto ao banco de Santa Helena de Minas foi roubado de um aposentado em Te\u00f3filo Otoni na quarta-feira (12). Ap\u00f3s o assalto, os criminosos abandonaram o carro em uma estrada de terra e teriam fugido em motocicletas.<\/p>\n<p><img decoding=\"async\" src=\"http:\/\/aconteceunovale.com.br\/portal\/wp-content\/uploads\/2014\/11\/assaltantes_santa_helena_mg_2.jpg\" alt=\"\" \/><em>Arma apreendida com os suspeitos &#8211; Foto: Divulga\u00e7\u00e3o\/PMMG<\/em><br \/>\n<\/br><\/p>\n<p><img decoding=\"async\" src=\"http:\/\/aconteceunovale.com.br\/portal\/wp-content\/uploads\/2014\/11\/assaltantes_santa_helena_mg_3.jpg\" alt=\"\" \/><em>Dinheiro apreendido com os suspeitos &#8211; Foto: Divulga\u00e7\u00e3o\/PMMG<\/em><br \/>\n<\/br><\/p>\n<p><strong><em>(Inter TV dos Vales)<\/em><\/strong><\/p>\n","protected":false},"excerpt":{"rendered":"<p>Os tr\u00eas suspeitos de 21, 28 e 34 anos, s\u00e3o do Estado da Bahia. Eles teriam assaltado uma ag\u00eancia do Banco Sicoob em Santa Helena de Minas. A Pol\u00edcia Militar de Almenara, no Vale do Jequitinhonha, prendeu na manh\u00e3 deste domingo, 16 de novembro, tr\u00eas suspeitos de envolvimento em um roubo a banco no munic\u00edpio [&hellip;]<\/p>\n","protected":false},"author":1,"featured_media":45460,"comment_status":"open","ping_status":"closed","sticky":false,"template":"","format":"standard","meta":{"amp_status":"","footnotes":""},"categories":[120],"tags":[142,23144,2379,23145,1018,408,23146,407,990,23143,23147],"class_list":["post-45459","post","type-post","status-publish","format-standard","has-post-thumbnail","hentry","category-jequi","tag-almenara","tag-assalto-ao-banco-sicoob-em-santa-helena-de-minas","tag-bahia","tag-banco-sicoob-de-santa-helena-de-minas","tag-destaque","tag-jacinto","tag-paulo-henrique-brant","tag-rubim","tag-santa-helena-de-minas","tag-suspeitos-de-assaltar-banco-em-santa-helena-de-minas-sao-presos-em-almenara","tag-suspeitos-de-assaltar-banco-em-santa-helena-de-minas-sao-presos-no-vale-do-jequitinhonha"],"_links":{"self":[{"href":"https:\/\/aconteceunovale.com.br\/portal\/index.php?rest_route=\/wp\/v2\/posts\/45459","targetHints":{"allow":["GET"]}}],"collection":[{"href":"https:\/\/aconteceunovale.com.br\/portal\/index.php?rest_route=\/wp\/v2\/posts"}],"about":[{"href":"https:\/\/aconteceunovale.com.br\/portal\/index.php?rest_route=\/wp\/v2\/types\/post"}],"author":[{"embeddable":true,"href":"https:\/\/aconteceunovale.com.br\/portal\/index.php?rest_route=\/wp\/v2\/users\/1"}],"replies":[{"embeddable":true,"href":"https:\/\/aconteceunovale.com.br\/portal\/index.php?rest_route=%2Fwp%2Fv2%2Fcomments&post=45459"}],"version-history":[{"count":0,"href":"https:\/\/aconteceunovale.com.br\/portal\/index.php?rest_route=\/wp\/v2\/posts\/45459\/revisions"}],"wp:featuredmedia":[{"embeddable":true,"href":"https:\/\/aconteceunovale.com.br\/portal\/index.php?rest_route=\/wp\/v2\/media\/45460"}],"wp:attachment":[{"href":"https:\/\/aconteceunovale.com.br\/portal\/index.php?rest_route=%2Fwp%2Fv2%2Fmedia&parent=45459"}],"wp:term":[{"taxonomy":"category","embeddable":true,"href":"https:\/\/aconteceunovale.com.br\/portal\/index.php?rest_route=%2Fwp%2Fv2%2Fcategories&post=45459"},{"taxonomy":"post_tag","embeddable":true,"href":"https:\/\/aconteceunovale.com.br\/portal\/index.php?rest_route=%2Fwp%2Fv2%2Ftags&post=45459"}],"curies":[{"name":"wp","href":"https:\/\/api.w.org\/{rel}","templated":true}]}}