{"id":45456,"date":"2014-11-16T14:26:55","date_gmt":"2014-11-16T17:26:55","guid":{"rendered":"http:\/\/aconteceunovale.com.br\/portal\/?p=45456"},"modified":"2014-11-16T14:26:55","modified_gmt":"2014-11-16T17:26:55","slug":"policia-prende-quase-6-quilos-de-maconha-durante-blitz-em-aimores","status":"publish","type":"post","link":"https:\/\/aconteceunovale.com.br\/portal\/?p=45456","title":{"rendered":"Pol\u00edcia prende quase 6 quilos de maconha durante blitz em Aimor\u00e9s"},"content":{"rendered":"<h4><strong><em>Suspeito de 38 anos foi preso em flagrante e levado para Governador Valadares. Ele j\u00e1 tem duas passagens pela pol\u00edcia por amea\u00e7a e les\u00e3o corporal.<\/em><\/strong><\/h4>\n<p>Um homem de 38 anos foi preso na manh\u00e3 deste domingo, 16 de novembro, em Aimor\u00e9s, no Leste de Minas Gerais. O suspeito foi detido por policiais militares que realizavam uma blitz de rotina em um posto policial pr\u00f3ximo a divisa do Estado do Esp\u00edrito Santo.<\/p>\n<p>Segundo os policiais que participaram da opera\u00e7\u00e3o, o suspeito foi parado na blitz e um militar desconfiou de uma sacola que estava dentro do carro. Ao abrir a sacola o militar encontrou 5,7 quilos de maconha em tabletes.<\/p>\n<p>O suspeito foi levado para a Delegacia de Pol\u00edcia Civil de Governador Valadares, onde foi ouvido pelo delegado de plant\u00e3o. Ainda neste domingo ele ser\u00e1 transferido para Aimor\u00e9s. O homem j\u00e1 tinha anota\u00e7\u00e3o criminal por amea\u00e7a e les\u00e3o corporal e agora vai responder pelo crime de tr\u00e1fico de drogas.<\/p>\n<p><img decoding=\"async\" src=\"http:\/\/aconteceunovale.com.br\/portal\/wp-content\/uploads\/2014\/11\/maconha_aimores.jpg\" alt=\"\" \/><em>Quase 6 quilos de maconha foram apreendidos pela Pol\u00edcia Militar em Aimor\u00e9s (Foto: Divulga\u00e7\u00e3o)<\/em><br \/>\n<\/br><\/p>\n<p><em><strong>(Inter TV dos Vales)<\/strong><\/em><\/p>\n","protected":false},"excerpt":{"rendered":"<p>Suspeito de 38 anos foi preso em flagrante e levado para Governador Valadares. Ele j\u00e1 tem duas passagens pela pol\u00edcia por amea\u00e7a e les\u00e3o corporal. Um homem de 38 anos foi preso na manh\u00e3 deste domingo, 16 de novembro, em Aimor\u00e9s, no Leste de Minas Gerais. O suspeito foi detido por policiais militares que realizavam [&hellip;]<\/p>\n","protected":false},"author":1,"featured_media":45457,"comment_status":"open","ping_status":"closed","sticky":false,"template":"","format":"standard","meta":{"amp_status":"","footnotes":""},"categories":[121],"tags":[273,247,23142],"class_list":["post-45456","post","type-post","status-publish","format-standard","has-post-thumbnail","hentry","category-leste","tag-aimores","tag-governador-valadares","tag-policia-prende-quase-6-quilos-de-maconha-durante-blitz-em-aimores"],"_links":{"self":[{"href":"https:\/\/aconteceunovale.com.br\/portal\/index.php?rest_route=\/wp\/v2\/posts\/45456","targetHints":{"allow":["GET"]}}],"collection":[{"href":"https:\/\/aconteceunovale.com.br\/portal\/index.php?rest_route=\/wp\/v2\/posts"}],"about":[{"href":"https:\/\/aconteceunovale.com.br\/portal\/index.php?rest_route=\/wp\/v2\/types\/post"}],"author":[{"embeddable":true,"href":"https:\/\/aconteceunovale.com.br\/portal\/index.php?rest_route=\/wp\/v2\/users\/1"}],"replies":[{"embeddable":true,"href":"https:\/\/aconteceunovale.com.br\/portal\/index.php?rest_route=%2Fwp%2Fv2%2Fcomments&post=45456"}],"version-history":[{"count":0,"href":"https:\/\/aconteceunovale.com.br\/portal\/index.php?rest_route=\/wp\/v2\/posts\/45456\/revisions"}],"wp:featuredmedia":[{"embeddable":true,"href":"https:\/\/aconteceunovale.com.br\/portal\/index.php?rest_route=\/wp\/v2\/media\/45457"}],"wp:attachment":[{"href":"https:\/\/aconteceunovale.com.br\/portal\/index.php?rest_route=%2Fwp%2Fv2%2Fmedia&parent=45456"}],"wp:term":[{"taxonomy":"category","embeddable":true,"href":"https:\/\/aconteceunovale.com.br\/portal\/index.php?rest_route=%2Fwp%2Fv2%2Fcategories&post=45456"},{"taxonomy":"post_tag","embeddable":true,"href":"https:\/\/aconteceunovale.com.br\/portal\/index.php?rest_route=%2Fwp%2Fv2%2Ftags&post=45456"}],"curies":[{"name":"wp","href":"https:\/\/api.w.org\/{rel}","templated":true}]}}