{"id":45442,"date":"2014-11-16T11:09:49","date_gmt":"2014-11-16T14:09:49","guid":{"rendered":"http:\/\/aconteceunovale.com.br\/portal\/?p=45442"},"modified":"2014-11-16T11:13:49","modified_gmt":"2014-11-16T14:13:49","slug":"prefeito-do-vale-do-jequitinhonha-recebe-medalha-ordem-do-merito-legislativo","status":"publish","type":"post","link":"https:\/\/aconteceunovale.com.br\/portal\/?p=45442","title":{"rendered":"Prefeito do Vale do Jequitinhonha recebe Medalha Ordem do M\u00e9rito Legislativo"},"content":{"rendered":"<h4><strong><em>Prefeito de Salto da Divisa foi um dos homenageados. Ordem do M\u00e9rito Legislativo resgata o legado de Aleijadinho.<\/em><\/strong><\/h4>\n<p>O prefeito do munic\u00edpio de Salto da Divisa, Ronaldo Athayde da Cunha Peixoto, foi um dos homenageados com a Medalha Ordem do M\u00e9rito Legislativo, honraria concedida pela Assembl\u00e9ia Legislativa de Minas Gerais a ilustres mineiros que se destacaram pelos servi\u00e7os prestados ou por seus m\u00e9ritos excepcionais.<\/p>\n<p>Para Eust\u00e1quio Peixoto, da Fibracon Construtora, a homenagem \u00e9 o reconhecimento de uma cidade que esta cada dia melhor, que apesar das adversidades, a popula\u00e7\u00e3o esta obtendo uma melhoria continua na qualidade de vida, educa\u00e7\u00e3o e sa\u00fade. &#8220;Tudo isto \u00e9 resultado, de um trabalho \u00e1rduo, com comprometimento, responsabilidade e gest\u00e3o por parte de todos os funcion\u00e1rios.&#8221;<\/p>\n<p><img decoding=\"async\" src=\"http:\/\/aconteceunovale.com.br\/portal\/wp-content\/uploads\/2014\/11\/medalha_salto_da_divisa_1.jpg\" alt=\"\" \/><em>Ronaldo Athayde da Cunha Peixoto, prefeito de Salto da Divisa &#8211; Foto: Divulga\u00e7\u00e3o<\/em><br \/>\n<\/br><\/p>\n<p>Em 2014, a Ordem do M\u00e9rito Legislativo, resgatou o legado de Ant\u00f4nio Francisco Lisboa, o Aleijadinho, e o Barroco Mineiro. A solenidade de entrega realizada em Belo Horizonte, na \u00faltima quinta-feira, 13 de novembro, agraciou 249 personalidades e institui\u00e7\u00f5es.<\/p>\n<p>A cerim\u00f4nia, que integra as atividades da agenda comemorativa do bicenten\u00e1rio de morte de Aleijadinho, foi conduzida pelo presidente da Assembleia Legislativa de Minas Gerais (ALMG), deputado Dinis Pinheiro (PP), e teve como oradora a empres\u00e1ria e empreendedora cultural Angela Gutierrez.<\/p>\n<p>Em seu discurso, Angela Gutierrez destacou a riqueza cultural e as peculiaridades do Barroco Mineiro e seu maior expoente, Aleijadinho. Para ela, o escultor recriou em Minas Gerais um outro Barroco, sem a austeridade europeia. \u201cUma arte criativa e apaixonada, que deixou em diversas cidades mineiras obras que encantam e emocionam, como os profetas do Santu\u00e1rio Bom Jesus de Matozinhos, em Congonhas (Regi\u00e3o Central do Estado), um modelo de perfei\u00e7\u00e3o que Aleijadinho executou com mais de 60 anos de idade, com as m\u00e3os j\u00e1 tomadas pela doen\u00e7a e trabalhando com cinzel e martelo amarrados nos pulsos\u201d, afirmou.<\/p>\n<p>A empres\u00e1ria tamb\u00e9m enfatizou a import\u00e2ncia das comemora\u00e7\u00f5es dos 200 anos de Aleijadinho para a preserva\u00e7\u00e3o da cultura nacional. \u201cA valoriza\u00e7\u00e3o da mem\u00f3ria hist\u00f3rica \u00e9 essencial \u00e0 nossa identidade como na\u00e7\u00e3o, pois ela \u00e9 o que nos distingue do resto do mundo\u201d, frisou.<\/p>\n<p>Angela Gutierrez ainda chamou a aten\u00e7\u00e3o para o per\u00edodo em que a arte barroca e Aleijadinho ficaram relegados ao esquecimento e lembrou que o Barroco Mineiro e seu mais importante expoente foram redescobertos no per\u00edodo modernista. Segundo ela, um dos respons\u00e1veis por esse renascimento foi o escritor M\u00e1rio de Andrade, que, filosofando sobre o apelido diminutivo do escultor barroco, teria dito que se tratava de \u201cmeiguice\u201d de brasileiro, uma vez que Aleijadinho n\u00e3o tinha nada de fraco ou diminuto, pois era formid\u00e1vel.<\/p>\n<p>Outro modernista, o poeta Carlos Drummond de Andrade, chegou a dizer que \u201cAleijadinho lavrou em pedra sab\u00e3o todos os nossos pecados\u201d, como lembrou Angela Gutierrez. Ela ainda recordou que Aleijadinho chegou a ser chamado de \u201cMichel\u00e2ngelo dos Tr\u00f3picos\u201d. A oradora finalizou seu discurso afirmando que Aleijadinho \u201cconcretizou no art\u00edstico o que os inconfidentes fizeram na pol\u00edtica\u201d.<\/p>\n<p><img decoding=\"async\" src=\"http:\/\/aconteceunovale.com.br\/portal\/wp-content\/uploads\/2014\/11\/medalha_salto_da_divisa_2.jpg\" alt=\"\" \/><em>A Ordem do M\u00e9rito Legislativo homenageia personalidades e institui\u00e7\u00f5es que se destacaram pelos servi\u00e7os prestados ou por seus m\u00e9ritos excepcionais &#8211; Foto: Guilherme Dardanhan<\/em><br \/>\n<\/br><\/p>\n<h4>Ordem do M\u00e9rito Legislativo<\/h4>\n<p>Criada em abril de 1982, a Ordem do M\u00e9rito Legislativo \u00e9 concedida pelo presidente da ALMG e pelos membros do Conselho da Ordem, nos graus Grande M\u00e9rito, M\u00e9rito Especial e M\u00e9rito. O Conselho da Ordem \u00e9 presidido pelo chefe do Legislativo e tem como integrantes os membros da Mesa, as lideran\u00e7as da Maioria e da Minoria e os ex-presidentes da ALMG em exerc\u00edcio do mandato de deputado estadual. Al\u00e9m da medalha, os agraciados recebem diplomas assinados pelo presidente da ALMG.<\/p>\n<p>Neste ano, entre os agraciados com o grau Grande M\u00e9rito est\u00e3o o presidente do Tribunal de Justi\u00e7a de Minas Gerais, desembargador Pedro Carlos Bitencourt Marcondes; o presidente da Associa\u00e7\u00e3o dos Magistrados Mineiros (Amagis), Herbert Jos\u00e9 de Almeida Carneiro; o subsecret\u00e1rio de Estado de Pol\u00edticas sobre Drogas, Cloves Benevides; a defensora p\u00fablica-geral do Estado, Christiane Neves Proc\u00f3pio Malard; e o desembargador Beliz\u00e1rio Ant\u00f4nio da Lacerda.<\/p>\n<p>Dois deputados estaduais foram homenageados com o grau M\u00e9rito Especial: Tony Carlos (PMDB) e C\u00e1ssio Soares (PSD). Tamb\u00e9m foram agraciados com o grau M\u00e9rito Especial os secret\u00e1rios de Estado de Cultura, Eliane Parreiras; de Educa\u00e7\u00e3o, Ana L\u00facia Gazzola; de Turismo e Esportes, Tiago Lacerda; e de Desenvolvimento Regional, Pol\u00edtica Urbana e Gest\u00e3o Metropolitana, Alencar Santos Viana Filho.<\/p>\n<p>A historiadora Cristina \u00c1vila e o artista pl\u00e1stico Luiz Augusto Pianetti est\u00e3o entre os agraciados com o grau M\u00e9rito. <a href=\"http:\/\/www.almg.gov.br\/acompanhe\/noticias\/anexos\/indicacoes_ordem_do_merito_legislativo_2014.pdf\" target=\"_blank\">Confira a lista completa de agraciados<\/a>. As informa\u00e7\u00f5es s\u00e3o da <strong>ALMG<\/strong>.<\/p>\n","protected":false},"excerpt":{"rendered":"<p>Prefeito de Salto da Divisa foi um dos homenageados. Ordem do M\u00e9rito Legislativo resgata o legado de Aleijadinho. O prefeito do munic\u00edpio de Salto da Divisa, Ronaldo Athayde da Cunha Peixoto, foi um dos homenageados com a Medalha Ordem do M\u00e9rito Legislativo, honraria concedida pela Assembl\u00e9ia Legislativa de Minas Gerais a ilustres mineiros que se [&hellip;]<\/p>\n","protected":false},"author":1,"featured_media":45443,"comment_status":"open","ping_status":"closed","sticky":false,"template":"","format":"standard","meta":{"amp_status":"","footnotes":""},"categories":[120],"tags":[3380,23128,22564,22562,194,23127,23124,23125,23121,23129,23126,23120,23119,23122,23123,409],"class_list":["post-45442","post","type-post","status-publish","format-standard","has-post-thumbnail","hentry","category-jequi","tag-aleijadinho","tag-angela-gutierrez","tag-antonio-francisco-lisboa","tag-barroco-mineiro","tag-belo-horizonte","tag-dinis-pinheiro","tag-eustaquio-peixoto","tag-fibracon-construtora","tag-medalha-do-merito-legislativo","tag-medalha-ordem-do-merito-legislativo","tag-ordem-do-merito-legislativo","tag-prefeito-de-salto-da-divisa-recebe-medalha-do-merito-legislativo","tag-prefeito-do-vale-do-jequitinhonha-recebe-medalha-do-merito-legislativo","tag-ronaldo-athayde-da-cunha-peixoto","tag-ronaldo-peixoto","tag-salto-da-divisa"],"_links":{"self":[{"href":"https:\/\/aconteceunovale.com.br\/portal\/index.php?rest_route=\/wp\/v2\/posts\/45442","targetHints":{"allow":["GET"]}}],"collection":[{"href":"https:\/\/aconteceunovale.com.br\/portal\/index.php?rest_route=\/wp\/v2\/posts"}],"about":[{"href":"https:\/\/aconteceunovale.com.br\/portal\/index.php?rest_route=\/wp\/v2\/types\/post"}],"author":[{"embeddable":true,"href":"https:\/\/aconteceunovale.com.br\/portal\/index.php?rest_route=\/wp\/v2\/users\/1"}],"replies":[{"embeddable":true,"href":"https:\/\/aconteceunovale.com.br\/portal\/index.php?rest_route=%2Fwp%2Fv2%2Fcomments&post=45442"}],"version-history":[{"count":0,"href":"https:\/\/aconteceunovale.com.br\/portal\/index.php?rest_route=\/wp\/v2\/posts\/45442\/revisions"}],"wp:featuredmedia":[{"embeddable":true,"href":"https:\/\/aconteceunovale.com.br\/portal\/index.php?rest_route=\/wp\/v2\/media\/45443"}],"wp:attachment":[{"href":"https:\/\/aconteceunovale.com.br\/portal\/index.php?rest_route=%2Fwp%2Fv2%2Fmedia&parent=45442"}],"wp:term":[{"taxonomy":"category","embeddable":true,"href":"https:\/\/aconteceunovale.com.br\/portal\/index.php?rest_route=%2Fwp%2Fv2%2Fcategories&post=45442"},{"taxonomy":"post_tag","embeddable":true,"href":"https:\/\/aconteceunovale.com.br\/portal\/index.php?rest_route=%2Fwp%2Fv2%2Ftags&post=45442"}],"curies":[{"name":"wp","href":"https:\/\/api.w.org\/{rel}","templated":true}]}}