{"id":45433,"date":"2014-11-15T22:37:39","date_gmt":"2014-11-16T01:37:39","guid":{"rendered":"http:\/\/aconteceunovale.com.br\/portal\/?p=45433"},"modified":"2014-11-17T09:55:56","modified_gmt":"2014-11-17T12:55:56","slug":"batida-entre-caminhao-e-carro-deixa-duas-vitimas-fatais-na-regiao-de-conceicao-do-mato-dentro","status":"publish","type":"post","link":"https:\/\/aconteceunovale.com.br\/portal\/?p=45433","title":{"rendered":"Casal morre em acidente envolvendo carro e caminh\u00e3o na MG-010"},"content":{"rendered":"<h4><strong><em>Duas pessoas morreram presas \u00e0s ferragens. Ve\u00edculo de passeio foi arrastado por v\u00e1rios metros.<\/em><\/strong><\/h4>\n<p>Um acidente envolvendo um caminh\u00e3o e um carro de passeio deixou duas pessoas mortas na noite deste s\u00e1bado, 15 de novembro, na altura do quil\u00f4metro 130 da MG-010, pr\u00f3ximo a Morro do Pilar, na microrregi\u00e3o de Concei\u00e7\u00e3o do Mato Dentro, em Minas Gerais.<\/p>\n<p><img decoding=\"async\" src=\"http:\/\/aconteceunovale.com.br\/portal\/wp-content\/uploads\/2014\/11\/acidente_morro_do_pilar_2.jpg\" alt=\"\" \/><em>Carro foi completamente esmagado pelo caminh\u00e3o &#8211; Foto: Internauta\/WhatsApp<\/em><br \/>\n<\/br><\/p>\n<p>De acordo com informa\u00e7\u00f5es do Corpo de Bombeiros, a colis\u00e3o entre o caminh\u00e3o placa MPP-7358 e o Uno placa HGC-7726 ocorreu por volta das 20h30. Com o impacto da batida, Jos\u00e9 Vieira Matos, de 54 anos, e a esposa Isabel Cristina da Mata Matos, de 47, n\u00e3o resistiram aos graves ferimentos e morreram presos \u00e0s ferragens. O motorista do caminh\u00e3o, Geraldo de Matos Milagres, de 64 anos, sofreu ferimentos leves.<\/p>\n<p>A per\u00edcia t\u00e9cnica da Pol\u00edcia Civil foi acionada e ap\u00f3s os trabalhos periciais, equipes do Corpo de Bombeiros de Belo Horizonte fizeram a remo\u00e7\u00e3o das v\u00edtimas das ferragens.<\/p>\n<p>Ainda segundo o Corpo de Bombeiros, os trabalhos se estenderam at\u00e9 por volta das 08h20 da manh\u00e3 deste domingo (16), devido \u00e0 complexidade da ocorr\u00eancia. Com a colis\u00e3o frontal, o caminh\u00e3o arrastou o ve\u00edculo Uno por v\u00e1rios metros, encarcerando fortemente as v\u00edtimas entre as ferragens de ambos os ve\u00edculos.<\/p>\n<p>As causas do acidente n\u00e3o foram esclarecidas. O condutor do caminh\u00e3o foi encaminhado \u00e0 Delegacia da Pol\u00edcia Civil de Santa Luzia, onde prestar\u00e1 depoimento.<\/p>\n<p><img decoding=\"async\" src=\"http:\/\/aconteceunovale.com.br\/portal\/wp-content\/uploads\/2014\/11\/acidente_morro_do_pilar_1.jpg\" alt=\"\" \/><em>Carro foi completamente esmagado pelo caminh\u00e3o &#8211; Foto: Internauta\/WhatsApp<\/em><br \/>\n<\/br><\/p>\n<p><img decoding=\"async\" src=\"http:\/\/aconteceunovale.com.br\/portal\/wp-content\/uploads\/2014\/11\/acidente_morro_do_pilar_3.jpg\" alt=\"\" \/><em>Carro foi completamente esmagado pelo caminh\u00e3o &#8211; Foto: Internauta\/WhatsApp<\/em><\/p>\n","protected":false},"excerpt":{"rendered":"<p>Duas pessoas morreram presas \u00e0s ferragens. Ve\u00edculo de passeio foi arrastado por v\u00e1rios metros. Um acidente envolvendo um caminh\u00e3o e um carro de passeio deixou duas pessoas mortas na noite deste s\u00e1bado, 15 de novembro, na altura do quil\u00f4metro 130 da MG-010, pr\u00f3ximo a Morro do Pilar, na microrregi\u00e3o de Concei\u00e7\u00e3o do Mato Dentro, em [&hellip;]<\/p>\n","protected":false},"author":1,"featured_media":45508,"comment_status":"open","ping_status":"closed","sticky":false,"template":"","format":"standard","meta":{"amp_status":"","footnotes":""},"categories":[123],"tags":[23116,23115,23104,23103,23107,23108,23105,23106,23117,23102,23101,23110,23111,23109,23118,628,23114,23113,23112,2230],"class_list":["post-45433","post","type-post","status-publish","format-standard","has-post-thumbnail","hentry","category-gerais","tag-acidente-casal-morro-do-pilar","tag-acidente-com-casal-de-morro-do-pilar","tag-acidente-conceicao-do-mato-dentro","tag-acidente-em-morro-do-pilar","tag-acidente-entre-carro-e-caminhao-em-morro-do-pliar","tag-acidente-entre-carro-e-caminhao-na-mg-010","tag-acidente-morro-do-pilar","tag-acidente-na-mg-010","tag-acidente-pessoas-de-morro-do-pilar","tag-batida-entre-caminhao-e-carro-deixa-duas-vitimas-fatais-em-morro-do-pilar","tag-batida-entre-caminhao-e-carro-deixa-duas-vitimas-fatais-na-regiao-de-conceicao-do-mato-dentro","tag-batida-entre-carro-e-caminhao-deixa-dois-mortos-em-morro-do-pilar","tag-batida-entre-carro-e-caminhao-deixa-dois-mortos-na-mg-010","tag-batida-entre-carro-e-caminhao-deixa-dois-mortos-na-regiao-de-conceicao-do-mato-dentro","tag-casal-morre-em-acidente-envolvendo-carro-e-caminhao-na-mg-010","tag-conceicao-do-mato-dentro","tag-geraldo-de-matos-milagres","tag-isabel-cristina-da-mata-matos","tag-jose-vieira-matos","tag-morro-do-pilar"],"_links":{"self":[{"href":"https:\/\/aconteceunovale.com.br\/portal\/index.php?rest_route=\/wp\/v2\/posts\/45433","targetHints":{"allow":["GET"]}}],"collection":[{"href":"https:\/\/aconteceunovale.com.br\/portal\/index.php?rest_route=\/wp\/v2\/posts"}],"about":[{"href":"https:\/\/aconteceunovale.com.br\/portal\/index.php?rest_route=\/wp\/v2\/types\/post"}],"author":[{"embeddable":true,"href":"https:\/\/aconteceunovale.com.br\/portal\/index.php?rest_route=\/wp\/v2\/users\/1"}],"replies":[{"embeddable":true,"href":"https:\/\/aconteceunovale.com.br\/portal\/index.php?rest_route=%2Fwp%2Fv2%2Fcomments&post=45433"}],"version-history":[{"count":0,"href":"https:\/\/aconteceunovale.com.br\/portal\/index.php?rest_route=\/wp\/v2\/posts\/45433\/revisions"}],"wp:featuredmedia":[{"embeddable":true,"href":"https:\/\/aconteceunovale.com.br\/portal\/index.php?rest_route=\/wp\/v2\/media\/45508"}],"wp:attachment":[{"href":"https:\/\/aconteceunovale.com.br\/portal\/index.php?rest_route=%2Fwp%2Fv2%2Fmedia&parent=45433"}],"wp:term":[{"taxonomy":"category","embeddable":true,"href":"https:\/\/aconteceunovale.com.br\/portal\/index.php?rest_route=%2Fwp%2Fv2%2Fcategories&post=45433"},{"taxonomy":"post_tag","embeddable":true,"href":"https:\/\/aconteceunovale.com.br\/portal\/index.php?rest_route=%2Fwp%2Fv2%2Ftags&post=45433"}],"curies":[{"name":"wp","href":"https:\/\/api.w.org\/{rel}","templated":true}]}}