{"id":45425,"date":"2014-11-15T20:31:45","date_gmt":"2014-11-15T23:31:45","guid":{"rendered":"http:\/\/aconteceunovale.com.br\/portal\/?p=45425"},"modified":"2014-11-15T20:31:45","modified_gmt":"2014-11-15T23:31:45","slug":"individuos-armados-assaltam-posto-de-combustiveis-da-regiao-central-de-jequitinhonha","status":"publish","type":"post","link":"https:\/\/aconteceunovale.com.br\/portal\/?p=45425","title":{"rendered":"Indiv\u00edduos armados assaltam posto de combust\u00edveis da regi\u00e3o central de Jequitinhonha"},"content":{"rendered":"<h4><strong><em>Frentista relatou que os criminosos levaram aproximadamente R$ 1200,00. Autores fugiram e n\u00e3o foram localizados.<\/em><\/strong><\/h4>\n<p>Um posto de combust\u00edveis foi alvo de criminosos armados na madrugada deste s\u00e1bado, 15 de novembro, em Jequitinhonha, no Vale do Jequitinhonha.  Dois indiv\u00edduos fugiram levando aproximadamente R$ 1200,00.<\/p>\n<p>De acordo com informa\u00e7\u00f5es da Pol\u00edcia Militar, o frentista do estabelecimento localizado na BR-367, na regi\u00e3o central da cidade, acionou a corpora\u00e7\u00e3o e relatou que se encontrava no seu local de trabalho, quando foi abordado por dois indiv\u00edduos, armados com uma faca e um instrumento pontiagudo, que anunciaram o assalto com os dizeres &#8220;perdeu, perdeu&#8221;.<\/p>\n<p>Ainda segundo a PM, a v\u00edtima disse que foi obrigada a entregar cerca de R$ 1200,00 que estavam no bolso e no caixa. Militares fizeram rastreamentos na regi\u00e3o, mas n\u00e3o obtiveram \u00eaxito na localiza\u00e7\u00e3o dos autores.<\/p>\n","protected":false},"excerpt":{"rendered":"<p>Frentista relatou que os criminosos levaram aproximadamente R$ 1200,00. Autores fugiram e n\u00e3o foram localizados. Um posto de combust\u00edveis foi alvo de criminosos armados na madrugada deste s\u00e1bado, 15 de novembro, em Jequitinhonha, no Vale do Jequitinhonha. Dois indiv\u00edduos fugiram levando aproximadamente R$ 1200,00. De acordo com informa\u00e7\u00f5es da Pol\u00edcia Militar, o frentista do estabelecimento [&hellip;]<\/p>\n","protected":false},"author":1,"featured_media":42404,"comment_status":"open","ping_status":"closed","sticky":false,"template":"","format":"standard","meta":{"amp_status":"","footnotes":""},"categories":[120],"tags":[23095,23096,23093,23094,206030],"class_list":["post-45425","post","type-post","status-publish","format-standard","has-post-thumbnail","hentry","category-jequi","tag-assalto-no-posto-senhor-do-bomfim-em-jequitinhonha","tag-individuos-armados-assaltam-posto-de-combustiveis-da-regiao-central-de-jequitinhonha","tag-posto-de-combustiveis-e-assaltado-na-regiao-central-de-jequitinhonha","tag-posto-senhor-do-bomfim","tag-jequi"],"_links":{"self":[{"href":"https:\/\/aconteceunovale.com.br\/portal\/index.php?rest_route=\/wp\/v2\/posts\/45425","targetHints":{"allow":["GET"]}}],"collection":[{"href":"https:\/\/aconteceunovale.com.br\/portal\/index.php?rest_route=\/wp\/v2\/posts"}],"about":[{"href":"https:\/\/aconteceunovale.com.br\/portal\/index.php?rest_route=\/wp\/v2\/types\/post"}],"author":[{"embeddable":true,"href":"https:\/\/aconteceunovale.com.br\/portal\/index.php?rest_route=\/wp\/v2\/users\/1"}],"replies":[{"embeddable":true,"href":"https:\/\/aconteceunovale.com.br\/portal\/index.php?rest_route=%2Fwp%2Fv2%2Fcomments&post=45425"}],"version-history":[{"count":0,"href":"https:\/\/aconteceunovale.com.br\/portal\/index.php?rest_route=\/wp\/v2\/posts\/45425\/revisions"}],"wp:featuredmedia":[{"embeddable":true,"href":"https:\/\/aconteceunovale.com.br\/portal\/index.php?rest_route=\/wp\/v2\/media\/42404"}],"wp:attachment":[{"href":"https:\/\/aconteceunovale.com.br\/portal\/index.php?rest_route=%2Fwp%2Fv2%2Fmedia&parent=45425"}],"wp:term":[{"taxonomy":"category","embeddable":true,"href":"https:\/\/aconteceunovale.com.br\/portal\/index.php?rest_route=%2Fwp%2Fv2%2Fcategories&post=45425"},{"taxonomy":"post_tag","embeddable":true,"href":"https:\/\/aconteceunovale.com.br\/portal\/index.php?rest_route=%2Fwp%2Fv2%2Ftags&post=45425"}],"curies":[{"name":"wp","href":"https:\/\/api.w.org\/{rel}","templated":true}]}}