{"id":45416,"date":"2014-11-15T19:27:19","date_gmt":"2014-11-15T22:27:19","guid":{"rendered":"http:\/\/aconteceunovale.com.br\/portal\/?p=45416"},"modified":"2014-11-15T19:27:19","modified_gmt":"2014-11-15T22:27:19","slug":"familia-vai-processar-hospital-apos-homem-fazer-parto-da-esposa-e-bebe-entrar-em-coma-em-minas","status":"publish","type":"post","link":"https:\/\/aconteceunovale.com.br\/portal\/?p=45416","title":{"rendered":"Fam\u00edlia vai processar hospital ap\u00f3s homem fazer parto da esposa e beb\u00ea entrar em coma em Minas"},"content":{"rendered":"<p><em><\/p>\n<h4><strong>Casal disse ter sofrido neglig\u00eancia dos funcion\u00e1rios da unidade de sa\u00fade<\/strong><\/h4>\n<p><\/em><\/p>\n<p>A fam\u00edlia da rec\u00e9m-nascida Sophia Alicia Vit\u00f3ria \u00c2ngelo Patroc\u00ednio, que est\u00e1 em coma no Hospital Risoleta Tolentino Neves desde o dia 8 de novembro, ir\u00e1 entrar na Justi\u00e7a contra a unidade de sa\u00fade alegando neglig\u00eancia. Jos\u00e9 Rodrigo Patroc\u00ednio, de 32 anos, teve que fazer o parto da mulher Rosana L\u00facia da Cruz, de 30 anos, dentro do hospital, porque ela n\u00e3o teve atendimento.  <\/p>\n<p>Segundo o casal, a menina teve um edema cerebral e n\u00e3o esbo\u00e7ou rea\u00e7\u00f5es a diversos est\u00edmulos desde que nasceu. A m\u00e3e n\u00e3o saiu do hospital desde ent\u00e3o, com medo de perder qualquer mudan\u00e7a que possa acontecer. Ela conta que os m\u00e9dicos levantam a hip\u00f3tese da beb\u00ea ter morte cerebral. &#8220;Se ela n\u00e3o reagir a est\u00edmulo nenhum, v\u00e3o fazer exames na cabecinha dela para ver se tem algum movimento no c\u00e9rebro.&#8221;, conta a m\u00e3e.<\/p>\n<p>Ainda conforme os pais, os m\u00e9dicos ir\u00e3o esperar cerca de dez dias para fazer os exames. Patroc\u00ednio conta que tem recebido apoio de diversas pessoas. Apesar de triste e preocupado com a situa\u00e7\u00e3o da filha, ele mant\u00e9m a esperan\u00e7a. &#8220;Est\u00e3o colocando o leite pela sonda mas ela n\u00e3o aceita. Meia hora depois ela solta tudo. Mesmo assim, a minha f\u00e9 de que a minha menina vai sair daquela cama \u00e9 muito forte.&#8221;<\/p>\n<h4>O que diz o hospital?<\/h4>\n<p>Em nota, a assessoria de imprensa do Hospital Risoleta Neves informou que, como n\u00e3o havia vagas no Bloco Obst\u00e9trico, a paciente foi acompanhada na Sala de Observa\u00e7\u00e3o da Admiss\u00e3o. \u00c0s 6h40, o plantonista foi informado que uma vaga no Hospital Sofia Feldman seria disponibilizada para Rosana. No entanto, \u00e0s 7h, ela evoluiu para o parto e foi assistida pela enfermeira obstetra.<\/p>\n<p>Ainda segundo a institui\u00e7\u00e3o, no nascimento, houve atendimento ao beb\u00ea entre o primeiro e segundo minuto de vida. A rec\u00e9m-nascida estava deprimida, com o cord\u00e3o umbilical enrolado no pesco\u00e7o, e em parada card\u00edaca. A m\u00e9dica fez as manobras de reanima\u00e7\u00e3o e a crian\u00e7a foi encaminhada para a Unidade Neonatal. (R7)<\/p>\n","protected":false},"excerpt":{"rendered":"<p>Casal disse ter sofrido neglig\u00eancia dos funcion\u00e1rios da unidade de sa\u00fade A fam\u00edlia da rec\u00e9m-nascida Sophia Alicia Vit\u00f3ria \u00c2ngelo Patroc\u00ednio, que est\u00e1 em coma no Hospital Risoleta Tolentino Neves desde o dia 8 de novembro, ir\u00e1 entrar na Justi\u00e7a contra a unidade de sa\u00fade alegando neglig\u00eancia. Jos\u00e9 Rodrigo Patroc\u00ednio, de 32 anos, teve que fazer [&hellip;]<\/p>\n","protected":false},"author":1,"featured_media":45417,"comment_status":"open","ping_status":"closed","sticky":false,"template":"","format":"standard","meta":{"amp_status":"","footnotes":""},"categories":[123],"tags":[23076,23079,23078,23082,23080,23081,23077],"class_list":["post-45416","post","type-post","status-publish","format-standard","has-post-thumbnail","hentry","category-gerais","tag-familia-vai-processar-hospital-apos-homem-fazer-parto-da-esposa-e-bebe-entrar-em-coma-em-minas","tag-hospital-risoleta-neves","tag-hospital-risoleta-tolentino-neves","tag-hospital-sofia-feldman","tag-jose-rodrigo-patrocinio","tag-rosana-lucia-da-cruz","tag-sophia-alicia-vitoria-angelo-patrocinio"],"_links":{"self":[{"href":"https:\/\/aconteceunovale.com.br\/portal\/index.php?rest_route=\/wp\/v2\/posts\/45416","targetHints":{"allow":["GET"]}}],"collection":[{"href":"https:\/\/aconteceunovale.com.br\/portal\/index.php?rest_route=\/wp\/v2\/posts"}],"about":[{"href":"https:\/\/aconteceunovale.com.br\/portal\/index.php?rest_route=\/wp\/v2\/types\/post"}],"author":[{"embeddable":true,"href":"https:\/\/aconteceunovale.com.br\/portal\/index.php?rest_route=\/wp\/v2\/users\/1"}],"replies":[{"embeddable":true,"href":"https:\/\/aconteceunovale.com.br\/portal\/index.php?rest_route=%2Fwp%2Fv2%2Fcomments&post=45416"}],"version-history":[{"count":0,"href":"https:\/\/aconteceunovale.com.br\/portal\/index.php?rest_route=\/wp\/v2\/posts\/45416\/revisions"}],"wp:featuredmedia":[{"embeddable":true,"href":"https:\/\/aconteceunovale.com.br\/portal\/index.php?rest_route=\/wp\/v2\/media\/45417"}],"wp:attachment":[{"href":"https:\/\/aconteceunovale.com.br\/portal\/index.php?rest_route=%2Fwp%2Fv2%2Fmedia&parent=45416"}],"wp:term":[{"taxonomy":"category","embeddable":true,"href":"https:\/\/aconteceunovale.com.br\/portal\/index.php?rest_route=%2Fwp%2Fv2%2Fcategories&post=45416"},{"taxonomy":"post_tag","embeddable":true,"href":"https:\/\/aconteceunovale.com.br\/portal\/index.php?rest_route=%2Fwp%2Fv2%2Ftags&post=45416"}],"curies":[{"name":"wp","href":"https:\/\/api.w.org\/{rel}","templated":true}]}}