{"id":45354,"date":"2014-11-15T10:39:05","date_gmt":"2014-11-15T13:39:05","guid":{"rendered":"http:\/\/aconteceunovale.com.br\/portal\/?p=45354"},"modified":"2019-01-29T16:06:27","modified_gmt":"2019-01-29T18:06:27","slug":"uma-pessoa-morre-e-varias-ficam-feridas-em-acidente-com-onibus-de-turismo-na-br-367","status":"publish","type":"post","link":"https:\/\/aconteceunovale.com.br\/portal\/?p=45354","title":{"rendered":"Uma pessoa morre e v\u00e1rias ficam feridas em acidente com \u00f4nibus de turismo na BR-367"},"content":{"rendered":"<h4><strong><em>\u00d4nibus caiu em uma ribanceira de aproximadamente 15 metros a cerca de 10 quil\u00f4metros de Almenara. Uma pessoa morreu e v\u00e1rias ficaram feridas.<\/em><\/strong><\/h4>\n<p>Um grav\u00edssimo acidente envolvendo um \u00f4nibus de turismo deixou uma pessoa morta e v\u00e1rias feridas na manh\u00e3 deste s\u00e1bado, 15 de novembro, na altura do quil\u00f4metro 113 da BR-367, pr\u00f3ximo \u00e0 cidade de Almenara, no Vale do Jequitinhonha. As causas do acidente ainda n\u00e3o foram esclarecidas.<\/p>\n<p><img decoding=\"async\" src=\"http:\/\/aconteceunovale.com.br\/portal\/wp-content\/uploads\/2014\/11\/acidente_net_turismo_1.jpg\" alt=\"\" \/><em>\u00d4nibus caiu em uma ribanceira de aproximadamente 15 metros &#8211; Foto: Internauta\/WhatsApp<\/em><br \/>\n<\/br><\/p>\n<p>De acordo com informa\u00e7\u00f5es, o condutor do ve\u00edculo perdeu o controle direcional, saiu da pista e capotou em uma ribanceira de aproximadamente 15 metros de altura. Com o impacto do acidente, Manfredo Miranda Dias, de 81 anos, morador de Jacinto, n\u00e3o resistiu aos graves ferimentos e morreu no local. <\/p>\n<p>Os demais passageiros e o motorista ficaram feridos e foram encaminhados para atendimento m\u00e9dico no Hospital Deraldo Guimar\u00e3es. O motorista sofreu fratura no p\u00e9 direito, les\u00e3o no punho do bra\u00e7o direito e escoria\u00e7\u00f5es pelo corpo. O passageiro A.L foi hospitalizado com suspeita de fratura nas costelas e C.A.N.B, com suspeita de fratura no bra\u00e7o direito. As demais v\u00edtimas sofreram apenas ferimentos leves e foram liberadas ap\u00f3s atendimento na unidade de sa\u00fade.<\/p>\n<p>O ve\u00edculo saiu de Belo Horizonte com destino a cidade de Jacinto com 29 passageiros. De acordo com a Pol\u00edcia Militar, o propriet\u00e1rio, que era um dos passageiros do ve\u00edculo, relatou que estava efetuando o transporte de passageiros da capital mineira para Jacinto, contudo n\u00e3o possui autoriza\u00e7\u00e3o do \u00f3rg\u00e3o competente. Ele tamb\u00e9m sofreu v\u00e1rias escoria\u00e7\u00f5es pelo corpo e reclamava de fortes dores na regi\u00e3o tor\u00e1cica, sendo encaminhado para atendimento m\u00e9dico no Hospital Deraldo Guimar\u00e3es, onde permaneceu internado em observa\u00e7\u00e3o.<\/p>\n<p>A per\u00edcia t\u00e9cnica da Pol\u00edcia Civil foi acionada e ap\u00f3s os trabalhos de praxe, o corpo da v\u00edtima fatal foi encaminhado para o Instituto M\u00e9dico Legal. A per\u00edcia constatou que o \u00f4nibus n\u00e3o possu\u00eda o disco de tac\u00f3grafo. Ainda segundo a Pol\u00edcia Militar, a empresa foi autuada por transporte irregular de passageiros e por falta de disco de tac\u00f3grafo no ve\u00edculo.<\/p>\n<p><img decoding=\"async\" src=\"http:\/\/aconteceunovale.com.br\/portal\/wp-content\/uploads\/2014\/11\/vitima_almenara.jpg\" alt=\"\" \/><em>Manfredo Miranda Dias, de 81 anos, morreu no local &#8211; Foto: Reprodu\u00e7\u00e3o<\/em><br \/>\n<\/br><\/p>\n<p><img decoding=\"async\" src=\"http:\/\/aconteceunovale.com.br\/portal\/wp-content\/uploads\/2014\/11\/acidente_net_turismo_2.jpg\" alt=\"\" \/><em>\u00d4nibus caiu em uma ribanceira de aproximadamente 15 metros &#8211; Foto: Internauta\/WhatsApp<\/em><br \/>\n<\/br><\/p>\n<p><img decoding=\"async\" src=\"http:\/\/aconteceunovale.com.br\/portal\/wp-content\/uploads\/2014\/11\/acidente_net_turismo_3.jpg\" alt=\"\" \/><em>\u00d4nibus caiu em uma ribanceira de aproximadamente 15 metros &#8211; Foto: Internauta\/WhatsApp<\/em><br \/>\n<\/br><\/p>\n<p><img decoding=\"async\" src=\"http:\/\/aconteceunovale.com.br\/portal\/wp-content\/uploads\/2014\/11\/acidente_almenara_15_1.jpg\" alt=\"\" \/><em>\u00d4nibus caiu em uma ribanceira de aproximadamente 15 metros &#8211; Foto: Internauta\/WhatsApp<\/em><br \/>\n<\/br><\/p>\n<p><img decoding=\"async\" src=\"http:\/\/aconteceunovale.com.br\/portal\/wp-content\/uploads\/2014\/11\/acidente_almenara_15_2.jpg\" alt=\"\" \/><em>\u00d4nibus caiu em uma ribanceira de aproximadamente 15 metros &#8211; Foto: Internauta\/WhatsApp<\/em><br \/>\n<\/br><\/p>\n<p><img decoding=\"async\" src=\"http:\/\/aconteceunovale.com.br\/portal\/wp-content\/uploads\/2014\/11\/acidente_almenara_15_3.jpg\" alt=\"\" \/><em>\u00d4nibus caiu em uma ribanceira de aproximadamente 15 metros &#8211; Foto: Internauta\/WhatsApp<\/em><br \/>\n<\/br><\/p>\n<p><img decoding=\"async\" src=\"http:\/\/aconteceunovale.com.br\/portal\/wp-content\/uploads\/2014\/11\/acidente_almenara_15_4.jpg\" alt=\"\" \/><em>\u00d4nibus caiu em uma ribanceira de aproximadamente 15 metros &#8211; Foto: Internauta\/WhatsApp<\/em><br \/>\n<\/br><\/p>\n<p><img decoding=\"async\" src=\"http:\/\/aconteceunovale.com.br\/portal\/wp-content\/uploads\/2014\/11\/acidente_almenara_15_5.jpg\" alt=\"\" \/><em>\u00d4nibus caiu em uma ribanceira de aproximadamente 15 metros &#8211; Foto: Internauta\/WhatsApp<\/em><br \/>\n<\/br><\/p>\n<p><img decoding=\"async\" src=\"http:\/\/aconteceunovale.com.br\/portal\/wp-content\/uploads\/2014\/11\/acidente_almenara_15_6.jpg\" alt=\"\" \/><em>\u00d4nibus caiu em uma ribanceira de aproximadamente 15 metros &#8211; Foto: Internauta\/WhatsApp<\/em><br \/>\n<\/br><\/p>\n<p><img decoding=\"async\" src=\"http:\/\/aconteceunovale.com.br\/portal\/wp-content\/uploads\/2014\/11\/acidente_almenara_15_7.jpg\" alt=\"\" \/><em>\u00d4nibus caiu em uma ribanceira de aproximadamente 15 metros &#8211; Foto: Internauta\/WhatsApp<\/em><br \/>\n<\/br><\/p>\n","protected":false},"excerpt":{"rendered":"<p>\u00d4nibus caiu em uma ribanceira de aproximadamente 15 metros a cerca de 10 quil\u00f4metros de Almenara. Uma pessoa morreu e v\u00e1rias ficaram feridas. Um grav\u00edssimo acidente envolvendo um \u00f4nibus de turismo deixou uma pessoa morta e v\u00e1rias feridas na manh\u00e3 deste s\u00e1bado, 15 de novembro, na altura do quil\u00f4metro 113 da BR-367, pr\u00f3ximo \u00e0 cidade [&hellip;]<\/p>\n","protected":false},"author":1,"featured_media":45355,"comment_status":"open","ping_status":"closed","sticky":false,"template":"","format":"standard","meta":{"amp_status":"","footnotes":""},"categories":[120],"tags":[23018,23019,23009,23017,888,23013,142,194,1018,408,23043,23007,23021,23016,23020,23044],"class_list":["post-45354","post","type-post","status-publish","format-standard","has-post-thumbnail","hentry","category-jequi","tag-acidente-com-onibus-de-almenara","tag-acidente-com-onibus-do-vale-do-jequitinhonha","tag-acidente-com-onibus-em-almenara","tag-acidente-com-onibus-no-vale-do-jequitinhonha","tag-acidente-na-367","tag-acidente-na-br-367","tag-almenara","tag-belo-horizonte","tag-destaque","tag-jacinto","tag-nomes-das-vitimas-do-acidente-em-almenara","tag-onibus-de-turismo-capota-na-br-367","tag-uma-pessoa-morre-e-varias-ficam-feridas-em-acidente-com-onibus-de-turismo-em-almenara","tag-uma-pessoa-morre-e-varias-ficam-feridas-em-acidente-com-onibus-de-turismo-na-br-367","tag-uma-pessoa-morre-e-varias-ficam-feridas-em-acidente-com-onibus-de-turismo-no-vale-do-jequitinhonha","tag-vitimas-do-acidente-com-onibus-em-almenara"],"_links":{"self":[{"href":"https:\/\/aconteceunovale.com.br\/portal\/index.php?rest_route=\/wp\/v2\/posts\/45354","targetHints":{"allow":["GET"]}}],"collection":[{"href":"https:\/\/aconteceunovale.com.br\/portal\/index.php?rest_route=\/wp\/v2\/posts"}],"about":[{"href":"https:\/\/aconteceunovale.com.br\/portal\/index.php?rest_route=\/wp\/v2\/types\/post"}],"author":[{"embeddable":true,"href":"https:\/\/aconteceunovale.com.br\/portal\/index.php?rest_route=\/wp\/v2\/users\/1"}],"replies":[{"embeddable":true,"href":"https:\/\/aconteceunovale.com.br\/portal\/index.php?rest_route=%2Fwp%2Fv2%2Fcomments&post=45354"}],"version-history":[{"count":0,"href":"https:\/\/aconteceunovale.com.br\/portal\/index.php?rest_route=\/wp\/v2\/posts\/45354\/revisions"}],"wp:featuredmedia":[{"embeddable":true,"href":"https:\/\/aconteceunovale.com.br\/portal\/index.php?rest_route=\/wp\/v2\/media\/45355"}],"wp:attachment":[{"href":"https:\/\/aconteceunovale.com.br\/portal\/index.php?rest_route=%2Fwp%2Fv2%2Fmedia&parent=45354"}],"wp:term":[{"taxonomy":"category","embeddable":true,"href":"https:\/\/aconteceunovale.com.br\/portal\/index.php?rest_route=%2Fwp%2Fv2%2Fcategories&post=45354"},{"taxonomy":"post_tag","embeddable":true,"href":"https:\/\/aconteceunovale.com.br\/portal\/index.php?rest_route=%2Fwp%2Fv2%2Ftags&post=45354"}],"curies":[{"name":"wp","href":"https:\/\/api.w.org\/{rel}","templated":true}]}}