{"id":45348,"date":"2014-11-15T09:26:23","date_gmt":"2014-11-15T12:26:23","guid":{"rendered":"http:\/\/aconteceunovale.com.br\/portal\/?p=45348"},"modified":"2014-11-15T09:26:23","modified_gmt":"2014-11-15T12:26:23","slug":"projeto-jequitai-leva-mais-desenvolvimento-para-a-regiao-norte-de-minas","status":"publish","type":"post","link":"https:\/\/aconteceunovale.com.br\/portal\/?p=45348","title":{"rendered":"Projeto Jequita\u00ed leva mais desenvolvimento para a regi\u00e3o Norte de Minas"},"content":{"rendered":"<h4><strong><em>O projeto promove, al\u00e9m do desenvolvimento regional com a gera\u00e7\u00e3o de 100 mil empregos diretos e indiretos, os usos m\u00faltiplos e racionais da \u00e1gua<\/em><\/strong><\/h4>\n<p>Promover o desenvolvimento regional integrado com base no uso m\u00faltiplo da \u00e1gua. \u00c9 isso que o Projeto Hidroagr\u00edcola Jequita\u00ed, no Norte de Minas, pretende com a instala\u00e7\u00e3o de duas barragens, um per\u00edmetro de irriga\u00e7\u00e3o e, futuramente, gera\u00e7\u00e3o de energia el\u00e9trica. A Ruralminas \u00e9 respons\u00e1vel por todo o processo de pr\u00e9-obra, como a obten\u00e7\u00e3o da Licen\u00e7a de Instala\u00e7\u00e3o (LI), elabora\u00e7\u00e3o dos trabalhos socioambientais, sociais e culturais. Entre eles est\u00e3o o Plano de Assist\u00eancia Social (PAS), que organiza a\u00e7\u00f5es de prote\u00e7\u00e3o social para a popula\u00e7\u00e3o atingida direta ou indiretamente pela constru\u00e7\u00e3o das barragens; e o Plano de Gest\u00e3o Ambiental Integrada (PGAI), que tem como meta assegurar a implanta\u00e7\u00e3o e o monitoramento dos programas propostos no licenciamento ambiental do sistema de barragens de m\u00faltiplo uso.<\/p>\n<p><img decoding=\"async\" src=\"http:\/\/aconteceunovale.com.br\/portal\/wp-content\/uploads\/2014\/11\/projeto-jequitai-leva-mais-desenvolvimento-para-a-regiao-norte-de-minas.jpg\" alt=\"\" \/><em>Regi\u00e3o vive um novo ciclo de desenvolvimento socioecon\u00f4mico regional sustent\u00e1vel &#8211; Foto: Divulga\u00e7\u00e3o<\/em><br \/>\n<\/br><\/p>\n<p>A Barragem I j\u00e1 est\u00e1 em obras e formar\u00e1 um lago que ir\u00e1 beneficiar as cidades de Claro dos Po\u00e7\u00f5es, Francisco Dumont e Jequita\u00ed. A previs\u00e3o \u00e9 que a obra esteja conclu\u00edda no in\u00edcio de 2016. A Barragem II, que abranger\u00e1 apenas o munic\u00edpio de Jequita\u00ed, ter\u00e1 sua constru\u00e7\u00e3o iniciada no mesmo ano. O empreendimento total ser\u00e1 conclu\u00eddo em 2025.<\/p>\n<p>Com o inicio da implanta\u00e7\u00e3o do projeto, a regi\u00e3o vive um novo ciclo de desenvolvimento socioecon\u00f4mico regional sustent\u00e1vel. S\u00e3o gerados mais empregos, melhoria na qualidade de vida da popula\u00e7\u00e3o, nas condi\u00e7\u00f5es ambientais e redu\u00e7\u00e3o do ciclo de esvaziamento demogr\u00e1fico da regi\u00e3o. O projeto Jequita\u00ed promove, al\u00e9m do desenvolvimento regional, os usos m\u00faltiplos e racionais da \u00e1gua: irriga\u00e7\u00e3o de 35 mil hectares no Vale do Jequita\u00ed, com a previs\u00e3o de produ\u00e7\u00e3o de 420 mil toneladas\/ano, e gera\u00e7\u00e3o de 100 mil empregos diretos e indiretos; revitaliza\u00e7\u00e3o do rio S\u00e3o Francisco, regulariza\u00e7\u00e3o de vaz\u00f5es do rio Jequita\u00ed, controle de cheias, gera\u00e7\u00e3o de energia el\u00e9trica, potencial para abastecimento p\u00fablico, ecoturismo, recrea\u00e7\u00e3o e lazer, piscicultura e outros usos.<\/p>\n<p>Para o diretor t\u00e9cnico da Ruralminas, Amilton Jos\u00e9 Rodrigues Reis, o empreendimento ir\u00e1 beneficiar toda a regi\u00e3o, que vive um novo ciclo de desenvolvimento socioecon\u00f4mico regional sustent\u00e1vel. \u201cSer\u00e3o gerados mais empregos e renda, a popula\u00e7\u00e3o contar\u00e1 com melhores condi\u00e7\u00f5es de vida, redu\u00e7\u00e3o do ciclo de esvaziamento demogr\u00e1fico da regi\u00e3o, al\u00e9m de melhorias nas condi\u00e7\u00f5es ambientais\u201d, afirma.<\/p>\n<p>Para a constru\u00e7\u00e3o da Barragem I foram investidos aproximadamente R$ 60 milh\u00f5es do Programa de Acelera\u00e7\u00e3o do Crescimento (PAC Revitaliza\u00e7\u00e3o). Nas a\u00e7\u00f5es de pr\u00e9-obra foram investidos R$ 130,5 milh\u00f5es atrav\u00e9s da Codevasf (Companhia de Desenvolvimento dos Vales do S\u00e3o Francisco e Parna\u00edba) e R$ 14,5 milh\u00f5es do Governo de Minas Gerais. As informa\u00e7\u00f5es s\u00e3o da <strong>Ag\u00eancia Minas<\/strong>.<\/p>\n","protected":false},"excerpt":{"rendered":"<p>O projeto promove, al\u00e9m do desenvolvimento regional com a gera\u00e7\u00e3o de 100 mil empregos diretos e indiretos, os usos m\u00faltiplos e racionais da \u00e1gua Promover o desenvolvimento regional integrado com base no uso m\u00faltiplo da \u00e1gua. \u00c9 isso que o Projeto Hidroagr\u00edcola Jequita\u00ed, no Norte de Minas, pretende com a instala\u00e7\u00e3o de duas barragens, um [&hellip;]<\/p>\n","protected":false},"author":1,"featured_media":45349,"comment_status":"open","ping_status":"closed","sticky":false,"template":"","format":"standard","meta":{"amp_status":"","footnotes":""},"categories":[1236],"tags":[22992,2801,22496,22993,1018,1692,3724,22990,22989,22988,22991],"class_list":["post-45348","post","type-post","status-publish","format-standard","has-post-thumbnail","hentry","category-norte_de_minas","tag-amilton-jose-rodrigues-reis","tag-claro-dos-pocoes","tag-codevasf","tag-companhia-de-desenvolvimento-dos-vales-do-sao-francisco-e-parnaiba","tag-destaque","tag-francisco-dumont","tag-jequitai","tag-projeto-hidroagricola-jequitai","tag-projeto-jequitai","tag-projeto-jequitai-leva-mais-desenvolvimento-para-a-regiao-norte-de-minas","tag-vale-do-jequitai"],"_links":{"self":[{"href":"https:\/\/aconteceunovale.com.br\/portal\/index.php?rest_route=\/wp\/v2\/posts\/45348","targetHints":{"allow":["GET"]}}],"collection":[{"href":"https:\/\/aconteceunovale.com.br\/portal\/index.php?rest_route=\/wp\/v2\/posts"}],"about":[{"href":"https:\/\/aconteceunovale.com.br\/portal\/index.php?rest_route=\/wp\/v2\/types\/post"}],"author":[{"embeddable":true,"href":"https:\/\/aconteceunovale.com.br\/portal\/index.php?rest_route=\/wp\/v2\/users\/1"}],"replies":[{"embeddable":true,"href":"https:\/\/aconteceunovale.com.br\/portal\/index.php?rest_route=%2Fwp%2Fv2%2Fcomments&post=45348"}],"version-history":[{"count":0,"href":"https:\/\/aconteceunovale.com.br\/portal\/index.php?rest_route=\/wp\/v2\/posts\/45348\/revisions"}],"wp:featuredmedia":[{"embeddable":true,"href":"https:\/\/aconteceunovale.com.br\/portal\/index.php?rest_route=\/wp\/v2\/media\/45349"}],"wp:attachment":[{"href":"https:\/\/aconteceunovale.com.br\/portal\/index.php?rest_route=%2Fwp%2Fv2%2Fmedia&parent=45348"}],"wp:term":[{"taxonomy":"category","embeddable":true,"href":"https:\/\/aconteceunovale.com.br\/portal\/index.php?rest_route=%2Fwp%2Fv2%2Fcategories&post=45348"},{"taxonomy":"post_tag","embeddable":true,"href":"https:\/\/aconteceunovale.com.br\/portal\/index.php?rest_route=%2Fwp%2Fv2%2Ftags&post=45348"}],"curies":[{"name":"wp","href":"https:\/\/api.w.org\/{rel}","templated":true}]}}