{"id":45343,"date":"2014-11-14T23:00:39","date_gmt":"2014-11-15T02:00:39","guid":{"rendered":"http:\/\/aconteceunovale.com.br\/portal\/?p=45343"},"modified":"2014-11-14T23:00:39","modified_gmt":"2014-11-15T02:00:39","slug":"justica-condena-autores-do-latrocinio-do-caminhoneiro-fabiano-gomes","status":"publish","type":"post","link":"https:\/\/aconteceunovale.com.br\/portal\/?p=45343","title":{"rendered":"Justi\u00e7a condena autores do latroc\u00ednio do caminhoneiro Fabiano Gomes"},"content":{"rendered":"<h4><strong><em>Caminhoneiro foi morto no dia 30 de novembro de 2013. Corpo foi encontrado 15 dias depois em uma mata na comunidade de Barroc\u00e3o.<\/em><\/strong><\/h4>\n<p>Cinco, dos seis acusados do latroc\u00ednio do caminhoneiro Fabiano Gomes de Oliveira, foram sentenciados na tarde desta sexta-feira, 14 de novembro, pela Ju\u00edza da 2\u00ba Vara Criminal da Comarca de Salinas, Dra. Aline Martins Stoianov de Campos. <\/p>\n<p>Nagilton Xavier de Oliveira, Milton Marques de Almeida, Ant\u00f4nio Marcos Gomes Cardoso e Erivelton Martins dos Santos, foram condenados a 28 anos, 03 meses e 15 dias de pris\u00e3o, sem direito de recorrer em liberdade, pelos crimes de latroc\u00ednio, forma\u00e7\u00e3o de quadrilha e oculta\u00e7\u00e3o de cad\u00e1ver. Hernane Marinho Fernandes, tamb\u00e9m foi condenado pelos mesmos crimes, mas teve a pena reduzida para 26 anos e 03 meses, por ser menor de 21 anos.<\/p>\n<p>A senten\u00e7a n\u00e3o cita o nome de Wagner Almeida David Mendes, que est\u00e1 foragido. Ele \u00e9 apontado pelos investigadores como o chefe da organiza\u00e7\u00e3o criminosa.<\/p>\n<p><img decoding=\"async\" src=\"http:\/\/aconteceunovale.com.br\/portal\/wp-content\/uploads\/2014\/11\/caso_fabiano_condenados.jpg\" alt=\"\" \/><em>Autores foram sentenciados nesta sexta-feira (14) &#8211; Foto: Divulga\u00e7\u00e3o\/Pol\u00edcia Civil<\/em><br \/>\n<\/br><\/p>\n<h4>Relembre o caso<\/h4>\n<p>O caminhoneiro Fabiano Gomes de Oliveira, natural de Salinas, saiu de Montes Claros para realizar uma entrega na cidade de Fruta de Leite, no dia 29 de novembro de 2013, quando foi assaltado. O caminh\u00e3o utilizado por ele foi encontrado abandonado pr\u00f3ximo a Padre Carvalho.<\/p>\n<p>O corpo da v\u00edtima s\u00f3 foi encontrado no in\u00edcio da tarde do dia 14 de dezembro. Ap\u00f3s roubarem a carga de produtos de higiene pessoal, os criminosos enterraram o corpo de Fabiano em uma mata na comunidade de Barroc\u00e3o. <\/p>\n<p>A carga roubada foi avaliada em R$ 28 mil e de acordo com as investiga\u00e7\u00f5es, foi vendida para receptadores de Rio Pardo de Minas pelo valor de R$ 8 mil.<\/p>\n","protected":false},"excerpt":{"rendered":"<p>Caminhoneiro foi morto no dia 30 de novembro de 2013. Corpo foi encontrado 15 dias depois em uma mata na comunidade de Barroc\u00e3o. Cinco, dos seis acusados do latroc\u00ednio do caminhoneiro Fabiano Gomes de Oliveira, foram sentenciados na tarde desta sexta-feira, 14 de novembro, pela Ju\u00edza da 2\u00ba Vara Criminal da Comarca de Salinas, Dra. [&hellip;]<\/p>\n","protected":false},"author":1,"featured_media":45346,"comment_status":"open","ping_status":"closed","sticky":false,"template":"","format":"standard","meta":{"amp_status":"","footnotes":""},"categories":[1236],"tags":[22227,2723,22981,22982,22979,22985,22984,22986,22978,1018,22983,22980,1418,1034,2724,22987,2720,210,2721,421,190,419,2722],"class_list":["post-45343","post","type-post","status-publish","format-standard","has-post-thumbnail","hentry","category-norte_de_minas","tag-aline-martins-stoianov-de-campos","tag-antonio-marcos-gomes-cardoso","tag-caminhoneiro-de-salinas","tag-caminhoneiro-morto-no-norte-de-minas","tag-caso-caminhoneiro-fabiano","tag-caso-do-caminhoneiro-fabiano","tag-caso-do-caminhoneiro-fabiano-gomes","tag-caso-do-caminhoneiro-fabiano-gomes-de-oliveira","tag-caso-fabiano-gomes","tag-destaque","tag-erivelton-martins-dos-santos","tag-fabiano-gomes","tag-fabiano-gomes-de-oliveira","tag-fruta-de-leite","tag-hernane-marinho-fernandes","tag-justica-condena-autores-do-latrocinio-do-caminhoneiro-fabiano-gomes","tag-milton-marques-de-almeida","tag-montes-claros","tag-nagilton-xavier-de-oliveira","tag-rio-pardo-de-minas","tag-salinas","tag-taiobeiras","tag-wagner-almeida-david-mendes"],"_links":{"self":[{"href":"https:\/\/aconteceunovale.com.br\/portal\/index.php?rest_route=\/wp\/v2\/posts\/45343","targetHints":{"allow":["GET"]}}],"collection":[{"href":"https:\/\/aconteceunovale.com.br\/portal\/index.php?rest_route=\/wp\/v2\/posts"}],"about":[{"href":"https:\/\/aconteceunovale.com.br\/portal\/index.php?rest_route=\/wp\/v2\/types\/post"}],"author":[{"embeddable":true,"href":"https:\/\/aconteceunovale.com.br\/portal\/index.php?rest_route=\/wp\/v2\/users\/1"}],"replies":[{"embeddable":true,"href":"https:\/\/aconteceunovale.com.br\/portal\/index.php?rest_route=%2Fwp%2Fv2%2Fcomments&post=45343"}],"version-history":[{"count":0,"href":"https:\/\/aconteceunovale.com.br\/portal\/index.php?rest_route=\/wp\/v2\/posts\/45343\/revisions"}],"wp:featuredmedia":[{"embeddable":true,"href":"https:\/\/aconteceunovale.com.br\/portal\/index.php?rest_route=\/wp\/v2\/media\/45346"}],"wp:attachment":[{"href":"https:\/\/aconteceunovale.com.br\/portal\/index.php?rest_route=%2Fwp%2Fv2%2Fmedia&parent=45343"}],"wp:term":[{"taxonomy":"category","embeddable":true,"href":"https:\/\/aconteceunovale.com.br\/portal\/index.php?rest_route=%2Fwp%2Fv2%2Fcategories&post=45343"},{"taxonomy":"post_tag","embeddable":true,"href":"https:\/\/aconteceunovale.com.br\/portal\/index.php?rest_route=%2Fwp%2Fv2%2Ftags&post=45343"}],"curies":[{"name":"wp","href":"https:\/\/api.w.org\/{rel}","templated":true}]}}