{"id":45336,"date":"2014-11-14T21:39:25","date_gmt":"2014-11-15T00:39:25","guid":{"rendered":"http:\/\/aconteceunovale.com.br\/portal\/?p=45336"},"modified":"2014-11-14T21:44:52","modified_gmt":"2014-11-15T00:44:52","slug":"suspeito-de-assassinato-em-mathias-lobato-e-preso-apos-postar-foto-em-redes-sociais","status":"publish","type":"post","link":"https:\/\/aconteceunovale.com.br\/portal\/?p=45336","title":{"rendered":"Suspeito de assassinato em Mathias Lobato \u00e9 preso ap\u00f3s postar foto em redes sociais"},"content":{"rendered":"<h4><strong><em>Equipe da Pol\u00edcia Civil de Belo Horizonte efetuou a pris\u00e3o do suspeito nesta sexta-feira. \u00c9verton Daniel dos Santos, de 20 anos, foi preso em Jo\u00e3o Monlevade.<\/em><\/strong><\/h4>\n<p>[image src=&#8221;http:\/\/aconteceunovale.com.br\/portal\/wp-content\/uploads\/2014\/11\/preso_mathias_lobato.jpg&#8221; width=&#8221;299&#8243; height=&#8221;450&#8243; lightbox=&#8221;yes&#8221; align=&#8221;left&#8221; float=&#8221;left&#8221;]Uma foto postada nas redes sociais deu pistas para a Pol\u00edcia Civil conseguir prender, na tarde desta sexta-feira (14), um suspeito de ser o mentor de um assassinato em Mathias Lobato, pr\u00f3ximo a Governador Valadares, no Vale do Rio Doce, foi preso pela Pol\u00edcia Civil.<\/p>\n<p>Segundo a corpora\u00e7\u00e3o, foi a topografia de um conjunto de montanhas que aparecia ao fundo de uma foto que serviu como pista para a localiza\u00e7\u00e3o e pris\u00e3o de Everton Daniel Ramos Santos (foto), de 20 anos. Ele teria planejado e ordenado o assassinato de Jo\u00e3o J\u00fanior Silva Fraga, de 21 anos, morto com requintes de crueldade, em 2 de setembro.<\/p>\n<p>Everton teve a pris\u00e3o preventiva decretada pela Justi\u00e7a e estava foragido desde ent\u00e3o. Ele atuava no tr\u00e1fico de drogas e confessou ter assassinato Jo\u00e3o J\u00fanior porque a v\u00edtima tinha ficado com o dinheiro arrecadado com a revenda de drogas de sua propriedade.<\/p>\n<p>No dia em que foi executado, Jo\u00e3o J\u00fanior teria sido convidado a ir at\u00e9 a casa de Everton para beber, tendo como companhia ainda Alexandre Cardoso Martins, de 25 anos, e Matheus Cardoso da Costa, de 19. Os tr\u00eas renderam e espancaram a v\u00edtima at\u00e9 deix\u00e1-la desacordada, tendo Everton ainda cravado uma faca em seu cora\u00e7\u00e3o. O corpo de Jo\u00e3o J\u00fanior foi jogado em uma vala e coberto por folhas, no pasto localizado aos fundos da casa de Everton.<\/p>\n<p>Uma den\u00fancia levou os policiais civis da equipe da Delegacia de Governador Valadares ao local, no dia 4 de setembro, ocasi\u00e3o em que o corpo foi localizado. Everton conseguiu fugir, mas Alexandre e Matheus terminaram presos. Todos os envolvidos tiveram a pris\u00e3o preventiva decretada por homic\u00eddio qualificado e oculta\u00e7\u00e3o de cad\u00e1ver.<\/p>\n<p><img decoding=\"async\" src=\"http:\/\/aconteceunovale.com.br\/portal\/wp-content\/uploads\/2014\/11\/preso_mathias_lobato2.jpg\" alt=\"\" \/><em>Foto ajudou a localizar o suspeito &#8211; Foto: Divulga\u00e7\u00e3o\/Pol\u00edcia Civil<\/em><br \/>\n<\/br><\/p>\n<h4>Como\u00e7\u00e3o da popula\u00e7\u00e3o de Mathias Lobato<\/h4>\n<p>A grande como\u00e7\u00e3o social causada na popula\u00e7\u00e3o da cidade levou o superintendente de Investiga\u00e7\u00e3o e Pol\u00edcia Judici\u00e1ria, Jeferson Botelho, a determinar que a equipe da superintend\u00eancia atuasse no caso, quando foi verificado que, mesmo foragido da Justi\u00e7a, Everton continuava postando fotos em uma rede social.<\/p>\n<p>O estudo das caracter\u00edsticas do conjunto de montanhas que aparecia ao fundo das fotos revelou que Everton estaria na pr\u00f3pria regi\u00e3o de Governador Valadares, mais precisamente nas proximidades das cidades de Mathias Lobato e Frei Inoc\u00eancio.<\/p>\n<p>Um padr\u00e3o de \u00e1gua, tamb\u00e9m vis\u00edvel nas fotos, por fim, possibilitou localizar tamb\u00e9m o bairro e at\u00e9 o pr\u00e9dio de tr\u00eas andares, em constru\u00e7\u00e3o, onde Everton atualmente estaria trabalhando. Ele recebeu voz de pris\u00e3o no local e confessou o crime, sendo encaminhado para o Pres\u00eddio de Governador Valadares. As informa\u00e7\u00f5es s\u00e3o da <strong>Pol\u00edcia Civil de Minas Gerais<\/strong>.<\/p>\n","protected":false},"excerpt":{"rendered":"<p>Equipe da Pol\u00edcia Civil de Belo Horizonte efetuou a pris\u00e3o do suspeito nesta sexta-feira. \u00c9verton Daniel dos Santos, de 20 anos, foi preso em Jo\u00e3o Monlevade. [image src=&#8221;http:\/\/aconteceunovale.com.br\/portal\/wp-content\/uploads\/2014\/11\/preso_mathias_lobato.jpg&#8221; width=&#8221;299&#8243; height=&#8221;450&#8243; lightbox=&#8221;yes&#8221; align=&#8221;left&#8221; float=&#8221;left&#8221;]Uma foto postada nas redes sociais deu pistas para a Pol\u00edcia Civil conseguir prender, na tarde desta sexta-feira (14), um suspeito de ser [&hellip;]<\/p>\n","protected":false},"author":1,"featured_media":45337,"comment_status":"open","ping_status":"closed","sticky":false,"template":"","format":"standard","meta":{"amp_status":"","footnotes":""},"categories":[121],"tags":[22976,247,22977,1102,302,22975],"class_list":["post-45336","post","type-post","status-publish","format-standard","has-post-thumbnail","hentry","category-leste","tag-everton-daniel-ramos-santos","tag-governador-valadares","tag-joao-junior-silva-fraga","tag-joao-monlevade","tag-mathias-lobato","tag-suspeito-de-assassinato-em-mathias-lobato-e-preso-apos-postar-foto-em-redes-sociais"],"_links":{"self":[{"href":"https:\/\/aconteceunovale.com.br\/portal\/index.php?rest_route=\/wp\/v2\/posts\/45336","targetHints":{"allow":["GET"]}}],"collection":[{"href":"https:\/\/aconteceunovale.com.br\/portal\/index.php?rest_route=\/wp\/v2\/posts"}],"about":[{"href":"https:\/\/aconteceunovale.com.br\/portal\/index.php?rest_route=\/wp\/v2\/types\/post"}],"author":[{"embeddable":true,"href":"https:\/\/aconteceunovale.com.br\/portal\/index.php?rest_route=\/wp\/v2\/users\/1"}],"replies":[{"embeddable":true,"href":"https:\/\/aconteceunovale.com.br\/portal\/index.php?rest_route=%2Fwp%2Fv2%2Fcomments&post=45336"}],"version-history":[{"count":0,"href":"https:\/\/aconteceunovale.com.br\/portal\/index.php?rest_route=\/wp\/v2\/posts\/45336\/revisions"}],"wp:featuredmedia":[{"embeddable":true,"href":"https:\/\/aconteceunovale.com.br\/portal\/index.php?rest_route=\/wp\/v2\/media\/45337"}],"wp:attachment":[{"href":"https:\/\/aconteceunovale.com.br\/portal\/index.php?rest_route=%2Fwp%2Fv2%2Fmedia&parent=45336"}],"wp:term":[{"taxonomy":"category","embeddable":true,"href":"https:\/\/aconteceunovale.com.br\/portal\/index.php?rest_route=%2Fwp%2Fv2%2Fcategories&post=45336"},{"taxonomy":"post_tag","embeddable":true,"href":"https:\/\/aconteceunovale.com.br\/portal\/index.php?rest_route=%2Fwp%2Fv2%2Ftags&post=45336"}],"curies":[{"name":"wp","href":"https:\/\/api.w.org\/{rel}","templated":true}]}}