{"id":45330,"date":"2014-11-14T20:34:10","date_gmt":"2014-11-14T23:34:10","guid":{"rendered":"http:\/\/aconteceunovale.com.br\/portal\/?p=45330"},"modified":"2014-11-14T20:34:10","modified_gmt":"2014-11-14T23:34:10","slug":"ativistas-desrespeitam-simbolos-catolicos-durante-protesto-contra-visita-do-papa-na-franca","status":"publish","type":"post","link":"https:\/\/aconteceunovale.com.br\/portal\/?p=45330","title":{"rendered":"Ativistas desrespeitam s\u00edmbolos cat\u00f3licos durante protesto contra visita do Papa na Fran\u00e7a"},"content":{"rendered":"<h4><strong><em>Tr\u00eas mulheres protestaram no Vaticano. Papa visitar\u00e1 Parlamento Europeu no dia 25 de novembro.<\/em><\/strong><\/h4>\n<p>Tr\u00eas mulheres que integram o grupo feminista Femen protestaram nesta sexta-feira (14) diante do Vaticano contra a visita programada do Papa Francisco ao Parlamento europeu, em Estrasburgo, na Fran\u00e7a.<\/p>\n<p><img decoding=\"async\" src=\"http:\/\/aconteceunovale.com.br\/portal\/wp-content\/uploads\/2014\/11\/ativista_femen_1.jpg\" alt=\"\" \/><em>Ativistas do Femen protestam no Vaticano nesta sexta-feira (Foto: Alberto Pizzoli \/ AFP Photo)<\/em><br \/>\n<\/br><\/p>\n<p>As militantes pretendiam denunciar, com os seios nus como \u00e9 habitual, a visita do pont\u00edfice, que consideram um &#8220;ataque \u00e0 seculariza\u00e7\u00e3o&#8221; na Europa.<\/p>\n<p>No corpo de uma das manifestantes era poss\u00edvel ler a frase &#8220;Pope is not a politician&#8221; (&#8220;Papa n\u00e3o \u00e9 um pol\u00edtico&#8221;), enquanto as outras escreveram nas costas &#8220;Keep it inside&#8221; (&#8220;Mantenha dentro&#8221;) e exibiam, de maneira provocativa, uma cruz. A pol\u00edcia reagiu rapidamente e retirou as ativistas, que foram detidas.<\/p>\n<p>O Papa Francisco viajar\u00e1 a Estrasburgo no dia 25 de novembro para uma visita ao Parlamento Europeu. Ser\u00e1 a segunda visita oficial de um papa \u00e0 Euroc\u00e2mara, depois de Jo\u00e3o Paulo II.<\/p>\n<p><img decoding=\"async\" src=\"http:\/\/aconteceunovale.com.br\/portal\/wp-content\/uploads\/2014\/11\/ativista_femen_2.jpg\" alt=\"\" \/><em>Ativista do Femen \u00e9 detida por policiais ap\u00f3s protesto (Foto: Alberto Pizzoli \/ AFP Photo)<\/em><br \/>\n<\/br><\/p>\n<p><img decoding=\"async\" src=\"http:\/\/aconteceunovale.com.br\/portal\/wp-content\/uploads\/2014\/11\/ativista_femen_3.jpg\" alt=\"\" \/><em>Ativista do Femen chama a aten\u00e7\u00e3o de turistas no Vaticano (Foto: Alberto Pizzoli \/ AFP Photo)<\/em><br \/>\n<\/br><\/p>\n<p><em><strong>(Portal G1)<\/strong><\/em><\/p>\n","protected":false},"excerpt":{"rendered":"<p>Tr\u00eas mulheres protestaram no Vaticano. Papa visitar\u00e1 Parlamento Europeu no dia 25 de novembro. Tr\u00eas mulheres que integram o grupo feminista Femen protestaram nesta sexta-feira (14) diante do Vaticano contra a visita programada do Papa Francisco ao Parlamento europeu, em Estrasburgo, na Fran\u00e7a. Ativistas do Femen protestam no Vaticano nesta sexta-feira (Foto: Alberto Pizzoli \/ [&hellip;]<\/p>\n","protected":false},"author":1,"featured_media":45331,"comment_status":"open","ping_status":"closed","sticky":false,"template":"","format":"standard","meta":{"amp_status":"","footnotes":""},"categories":[6],"tags":[22962,22961,22963,22959,22960,22964,22967,946,22966,22969,22968,22965],"class_list":["post-45330","post","type-post","status-publish","format-standard","has-post-thumbnail","hentry","category-br","tag-ativistas-desrespeitam-simbolos-catolicos","tag-ativistas-desrespeitam-simbolos-catolicos-durante-protesto-contra-visita-do-papa-na-franca","tag-ativistas-do-femen-desrespeitam-simbolos-catolicos","tag-ativistas-do-femen-protestam-contra-visita-do-papa-a-estrasburgo","tag-estrasburgo","tag-femen","tag-keep-it-inside","tag-papa-francisco","tag-pope-is-not-a-politician","tag-protesto-contra-o-papa","tag-vaticano","tag-visita-do-papa-francisco-a-estrasburgo"],"_links":{"self":[{"href":"https:\/\/aconteceunovale.com.br\/portal\/index.php?rest_route=\/wp\/v2\/posts\/45330","targetHints":{"allow":["GET"]}}],"collection":[{"href":"https:\/\/aconteceunovale.com.br\/portal\/index.php?rest_route=\/wp\/v2\/posts"}],"about":[{"href":"https:\/\/aconteceunovale.com.br\/portal\/index.php?rest_route=\/wp\/v2\/types\/post"}],"author":[{"embeddable":true,"href":"https:\/\/aconteceunovale.com.br\/portal\/index.php?rest_route=\/wp\/v2\/users\/1"}],"replies":[{"embeddable":true,"href":"https:\/\/aconteceunovale.com.br\/portal\/index.php?rest_route=%2Fwp%2Fv2%2Fcomments&post=45330"}],"version-history":[{"count":0,"href":"https:\/\/aconteceunovale.com.br\/portal\/index.php?rest_route=\/wp\/v2\/posts\/45330\/revisions"}],"wp:featuredmedia":[{"embeddable":true,"href":"https:\/\/aconteceunovale.com.br\/portal\/index.php?rest_route=\/wp\/v2\/media\/45331"}],"wp:attachment":[{"href":"https:\/\/aconteceunovale.com.br\/portal\/index.php?rest_route=%2Fwp%2Fv2%2Fmedia&parent=45330"}],"wp:term":[{"taxonomy":"category","embeddable":true,"href":"https:\/\/aconteceunovale.com.br\/portal\/index.php?rest_route=%2Fwp%2Fv2%2Fcategories&post=45330"},{"taxonomy":"post_tag","embeddable":true,"href":"https:\/\/aconteceunovale.com.br\/portal\/index.php?rest_route=%2Fwp%2Fv2%2Ftags&post=45330"}],"curies":[{"name":"wp","href":"https:\/\/api.w.org\/{rel}","templated":true}]}}