{"id":45323,"date":"2014-11-14T19:27:53","date_gmt":"2014-11-14T22:27:53","guid":{"rendered":"http:\/\/aconteceunovale.com.br\/portal\/?p=45323"},"modified":"2014-11-14T19:27:53","modified_gmt":"2014-11-14T22:27:53","slug":"homem-que-tentou-matar-as-filhas-em-aracuai-diz-a-policia-que-exagerou-na-correcao","status":"publish","type":"post","link":"https:\/\/aconteceunovale.com.br\/portal\/?p=45323","title":{"rendered":"Homem que tentou matar as filhas em Ara\u00e7ua\u00ed diz \u00e0 pol\u00edcia que &#8220;exagerou na corre\u00e7\u00e3o&#8221;"},"content":{"rendered":"<h4><strong><em>Durante depoimento \u00e0 PC, ele disse ainda sofrer surtos psicol\u00f3gicos. M\u00e3e dele diz temer pela vida dela e das netas.<\/em><\/strong><\/h4>\n<p>Em depoimento \u00e0 Pol\u00edcia Civil, o pai que agrediu as duas filhas e a m\u00e3e dele em Ara\u00e7ua\u00ed, no Vale do Jequitinhonha, afirmou ter \u201cexagerado na corre\u00e7\u00e3o das filhas\u201d, na noite de quinta-feira (13). Segundo o depoimento, as crian\u00e7as, de 5 e 6 anos, &#8220;estavam agitadas e brigavam entre elas, e isso teria motivado a corre\u00e7\u00e3o&#8221;.<\/p>\n<p><img decoding=\"async\" src=\"http:\/\/aconteceunovale.com.br\/portal\/wp-content\/uploads\/2014\/11\/caso_ara_14_1.jpg\" alt=\"\" \/><em>Homem foi detido ap\u00f3s tentar matar as filhas de 5 e 6 anos &#8211; Foto: Gazeta de Ara\u00e7ua\u00ed<\/em><br \/>\n<\/br><\/p>\n<p>Segundo a Pol\u00edcia Militar, Jos\u00e9 Maria Miranda, de 38 anos, esfaqueou as duas crian\u00e7as na cabe\u00e7a e no rosto, no momento em que elas iam dormir. Ap\u00f3s ser agredida, a m\u00e3e dele, uma idosa de 74 anos, conseguiu sair da casa, levando uma das netas. Elas foram socorridas por vizinhos, que acionaram a PM e o Samu. As crian\u00e7as foram encaminhadas ao hospital em Ara\u00e7ua\u00ed, mas, devido a gravidade dos ferimentos, precisaram ser transferidas para um hospital em Diamantina.<\/p>\n<p>O agressor foi preso em flagrante e levado para a delegacia de Pedra Azul. Nesta sexta-feira (14) ele foi encaminhado ao Presidio de Ara\u00e7ua\u00ed.<\/p>\n<p>Jos\u00e9 Maria afirmou durante o depoimento que sofre surtos psicol\u00f3gicos e faz acompanhamento no Centro Psicossocial (Caps) da cidade. Disse ainda que nesta quinta-feira havia tomado a medica\u00e7\u00e3o, mas n\u00e3o sabe dizer o motivo pelo qual ficou alterado.<\/p>\n<p>Nesta sexta-feira, a m\u00e3e de Jos\u00e9 Maria tamb\u00e9m prestou depoimentos \u00e0 pol\u00edcia. Ela confirmou que o filho faz acompanhamento no Caps da cidade. Segundo a escriv\u00e3, Norm\u00e9lia Lopes Gama, a idosa solicitou ainda que a pris\u00e3o em flagrante do filho fosse transformada em pris\u00e3o preventiva, por \u201ctemer pela vida dela e das netas\u201d.<\/p>\n<h4>Hist\u00f3rico de viol\u00eancia<\/h4>\n<p>A Pol\u00edcia Civil de Ara\u00e7ua\u00ed informou ainda que Jos\u00e9 Maria Miranda possui outras duas passagens pela pol\u00edcia, uma por amea\u00e7a e outra por posse ilegal de armas de fogo. De acordo com informa\u00e7\u00f5es da PC, h\u00e1 cerca de quatro anos, a m\u00e3e das crian\u00e7as deixou as filhas com a av\u00f3 paterna e fugiu, ap\u00f3s sofrer amea\u00e7as de Jos\u00e9 Maria.<\/p>\n<p><img decoding=\"async\" src=\"http:\/\/aconteceunovale.com.br\/portal\/wp-content\/uploads\/2014\/11\/caso_ara_14_2.jpg\" alt=\"\" \/><em>Policiais encontraram cena de horror dentro da casa &#8211; Foto: Gazeta de Ara\u00e7ua\u00ed<\/em><br \/>\n<\/br><\/p>\n<p><strong><em>(Inter TV Grande Minas)<\/em><\/strong><\/p>\n","protected":false},"excerpt":{"rendered":"<p>Durante depoimento \u00e0 PC, ele disse ainda sofrer surtos psicol\u00f3gicos. M\u00e3e dele diz temer pela vida dela e das netas. Em depoimento \u00e0 Pol\u00edcia Civil, o pai que agrediu as duas filhas e a m\u00e3e dele em Ara\u00e7ua\u00ed, no Vale do Jequitinhonha, afirmou ter \u201cexagerado na corre\u00e7\u00e3o das filhas\u201d, na noite de quinta-feira (13). Segundo [&hellip;]<\/p>\n","protected":false},"author":1,"featured_media":45296,"comment_status":"open","ping_status":"closed","sticky":false,"template":"","format":"standard","meta":{"amp_status":"","footnotes":""},"categories":[120],"tags":[186,1018,198,22951,22952,455],"class_list":["post-45323","post","type-post","status-publish","format-standard","has-post-thumbnail","hentry","category-jequi","tag-aracuai","tag-destaque","tag-diamantina","tag-homem-que-tentou-matar-as-filhas-em-aracuai-diz-a-policia-que-exagerou-na-correcao","tag-jose-maria-miranda","tag-pedra-azul"],"_links":{"self":[{"href":"https:\/\/aconteceunovale.com.br\/portal\/index.php?rest_route=\/wp\/v2\/posts\/45323","targetHints":{"allow":["GET"]}}],"collection":[{"href":"https:\/\/aconteceunovale.com.br\/portal\/index.php?rest_route=\/wp\/v2\/posts"}],"about":[{"href":"https:\/\/aconteceunovale.com.br\/portal\/index.php?rest_route=\/wp\/v2\/types\/post"}],"author":[{"embeddable":true,"href":"https:\/\/aconteceunovale.com.br\/portal\/index.php?rest_route=\/wp\/v2\/users\/1"}],"replies":[{"embeddable":true,"href":"https:\/\/aconteceunovale.com.br\/portal\/index.php?rest_route=%2Fwp%2Fv2%2Fcomments&post=45323"}],"version-history":[{"count":0,"href":"https:\/\/aconteceunovale.com.br\/portal\/index.php?rest_route=\/wp\/v2\/posts\/45323\/revisions"}],"wp:featuredmedia":[{"embeddable":true,"href":"https:\/\/aconteceunovale.com.br\/portal\/index.php?rest_route=\/wp\/v2\/media\/45296"}],"wp:attachment":[{"href":"https:\/\/aconteceunovale.com.br\/portal\/index.php?rest_route=%2Fwp%2Fv2%2Fmedia&parent=45323"}],"wp:term":[{"taxonomy":"category","embeddable":true,"href":"https:\/\/aconteceunovale.com.br\/portal\/index.php?rest_route=%2Fwp%2Fv2%2Fcategories&post=45323"},{"taxonomy":"post_tag","embeddable":true,"href":"https:\/\/aconteceunovale.com.br\/portal\/index.php?rest_route=%2Fwp%2Fv2%2Ftags&post=45323"}],"curies":[{"name":"wp","href":"https:\/\/api.w.org\/{rel}","templated":true}]}}