{"id":45320,"date":"2014-11-14T19:22:31","date_gmt":"2014-11-14T22:22:31","guid":{"rendered":"http:\/\/aconteceunovale.com.br\/portal\/?p=45320"},"modified":"2014-11-14T19:22:31","modified_gmt":"2014-11-14T22:22:31","slug":"homens-sao-presos-com-38-quilos-de-maconha-em-governador-valadares","status":"publish","type":"post","link":"https:\/\/aconteceunovale.com.br\/portal\/?p=45320","title":{"rendered":"Homens s\u00e3o presos com 38 quilos de maconha em Governador Valadares"},"content":{"rendered":"<h4><strong><em>Foram apreendidos 57 tabletes de maconha. Drogas eram vendidas em caixas de pl\u00e1stico, usadas por comerciantes.<\/em><\/strong><\/h4>\n<p>Uma a\u00e7\u00e3o da Pol\u00edcia Militar resultou na apreens\u00e3o de 38 quilos de maconha na noite de quinta-feira, 13 de novembro, em Governador Valadares, no Leste de Minas Gerais. Segundo informa\u00e7\u00f5es da PM, o material foi apreendido no viaduto que fica entre as rodovias 116 e 259, no bairro Planalto. No local um caminh\u00e3o vendia melancias, para disfar\u00e7ar o tr\u00e1fico.<\/p>\n<p>Ainda de acordo com a PM, toda a droga seria levado para Frei Inoc\u00eancio, onde mora um dos suspeitos, de 35 anos. Outros dois homens, de 43 e 51 anos, tamb\u00e9m foram presos. A pol\u00edcia tamb\u00e9m apreendeu tr\u00eas carros, usados no transporte, al\u00e9m de joias, celulares e dinheiro.<\/p>\n<p>Enquanto eram vendidas frutas e legumes em uma feira, pr\u00f3ximo ao viaduto, as drogas eram passadas nas mesmas caixas de pl\u00e1stico, usadas por feirantes, de um carro para o outro. Os militares conseguiram identificar a a\u00e7\u00e3o dos traficantes por desconfiar do homem de 35 anos, que j\u00e1 possui passagens por porte ilegal de arma, tr\u00e1fico, tentativa de homic\u00eddio e recepta\u00e7\u00e3o.<\/p>\n<p>Os tr\u00eas suspeitos foram presos e encaminhados a Delegacia de Pol\u00edcia Civil de Governador Valadares para demais provid\u00eancias.<\/p>\n<p><img decoding=\"async\" src=\"http:\/\/aconteceunovale.com.br\/portal\/wp-content\/uploads\/2014\/11\/droga_gv_14.jpg\" alt=\"\" \/><em>Drogas eram vendidas em caixas de pl\u00e1stico (Foto: Roberto Higino \/ Caso de Pol\u00edcia)<\/em><br \/>\n<\/br><\/p>\n<p><strong><em>(Inter TV dos Vales)<\/em><\/strong><\/p>\n","protected":false},"excerpt":{"rendered":"<p>Foram apreendidos 57 tabletes de maconha. Drogas eram vendidas em caixas de pl\u00e1stico, usadas por comerciantes. Uma a\u00e7\u00e3o da Pol\u00edcia Militar resultou na apreens\u00e3o de 38 quilos de maconha na noite de quinta-feira, 13 de novembro, em Governador Valadares, no Leste de Minas Gerais. Segundo informa\u00e7\u00f5es da PM, o material foi apreendido no viaduto que [&hellip;]<\/p>\n","protected":false},"author":1,"featured_media":45321,"comment_status":"open","ping_status":"closed","sticky":false,"template":"","format":"standard","meta":{"amp_status":"","footnotes":""},"categories":[121],"tags":[290,247,22950],"class_list":["post-45320","post","type-post","status-publish","format-standard","has-post-thumbnail","hentry","category-leste","tag-frei-inocencio","tag-governador-valadares","tag-homens-sao-presos-com-38-quilos-de-maconha-em-governador-valadares"],"_links":{"self":[{"href":"https:\/\/aconteceunovale.com.br\/portal\/index.php?rest_route=\/wp\/v2\/posts\/45320","targetHints":{"allow":["GET"]}}],"collection":[{"href":"https:\/\/aconteceunovale.com.br\/portal\/index.php?rest_route=\/wp\/v2\/posts"}],"about":[{"href":"https:\/\/aconteceunovale.com.br\/portal\/index.php?rest_route=\/wp\/v2\/types\/post"}],"author":[{"embeddable":true,"href":"https:\/\/aconteceunovale.com.br\/portal\/index.php?rest_route=\/wp\/v2\/users\/1"}],"replies":[{"embeddable":true,"href":"https:\/\/aconteceunovale.com.br\/portal\/index.php?rest_route=%2Fwp%2Fv2%2Fcomments&post=45320"}],"version-history":[{"count":0,"href":"https:\/\/aconteceunovale.com.br\/portal\/index.php?rest_route=\/wp\/v2\/posts\/45320\/revisions"}],"wp:featuredmedia":[{"embeddable":true,"href":"https:\/\/aconteceunovale.com.br\/portal\/index.php?rest_route=\/wp\/v2\/media\/45321"}],"wp:attachment":[{"href":"https:\/\/aconteceunovale.com.br\/portal\/index.php?rest_route=%2Fwp%2Fv2%2Fmedia&parent=45320"}],"wp:term":[{"taxonomy":"category","embeddable":true,"href":"https:\/\/aconteceunovale.com.br\/portal\/index.php?rest_route=%2Fwp%2Fv2%2Fcategories&post=45320"},{"taxonomy":"post_tag","embeddable":true,"href":"https:\/\/aconteceunovale.com.br\/portal\/index.php?rest_route=%2Fwp%2Fv2%2Ftags&post=45320"}],"curies":[{"name":"wp","href":"https:\/\/api.w.org\/{rel}","templated":true}]}}