{"id":45317,"date":"2014-11-14T19:10:18","date_gmt":"2014-11-14T22:10:18","guid":{"rendered":"http:\/\/aconteceunovale.com.br\/portal\/?p=45317"},"modified":"2014-11-14T21:02:51","modified_gmt":"2014-11-15T00:02:51","slug":"homem-e-assassinado-a-tiros-no-bairro-vila-bretas-em-governador-valadares","status":"publish","type":"post","link":"https:\/\/aconteceunovale.com.br\/portal\/?p=45317","title":{"rendered":"Homem \u00e9 assassinado a tiros no bairro Vila Bretas em Governador Valadares"},"content":{"rendered":"<h4><strong><em>V\u00edtima j\u00e1 havia sofrido uma tentativa de homic\u00eddio em janeiro de 2013. Ele foi executado a tiros na porta de um escrit\u00f3rio no Vila Bretas.<\/em><\/strong><\/h4>\n<p>Um homem de 40 anos foi morto a tiros no in\u00edcio da tarde desta sexta-feira, 14 de novembro, em Governador Valadares, no Leste de Minas Gerais. O crime aconteceu no cruzamento da Rua Pascoal de Souza Lima com a Avenida JK, no Bairro Vila Bretas. No local, parentes se desesperaram ao reconhecer a v\u00edtima. <\/p>\n<p>Segundo a Pol\u00edcia Militar, Edson Elias de Andrade j\u00e1 havia sido v\u00edtima de uma tentativa de homic\u00eddio e tinha passagens pela pol\u00edcia por tr\u00e1fico de drogas e tentativa de homic\u00eddio. A pol\u00edcia ainda busca pelos suspeitos do crime, que, segundo testemunhas, fugiram em uma bicicleta.<\/p>\n<p>\u201cSegundo informa\u00e7\u00f5es que colhemos no local, dois homens chegaram em uma bicicleta. Um deles desceu e chamou pela v\u00edtima que estava sentada, escorada em uma \u00e1rvore na porta de um escrit\u00f3rio. Ao se virar para atender o chamado, os autores disparam contra o homem, que morreu no local\u201d, informou o tenente Everaldo Fernandes da Silva.<\/p>\n<p><img decoding=\"async\" src=\"http:\/\/aconteceunovale.com.br\/portal\/wp-content\/uploads\/2014\/11\/morte_gv_.jpg\" alt=\"\" \/><em>Crime aconteceu na porta de um escrit\u00f3rio no Bairro Vila Bretas (Foto: Diego Souza\/G1)<\/em><br \/>\n<\/br><\/p>\n<p><strong><em>(Inter TV dos Vales)<\/em><\/strong><\/p>\n","protected":false},"excerpt":{"rendered":"<p>V\u00edtima j\u00e1 havia sofrido uma tentativa de homic\u00eddio em janeiro de 2013. Ele foi executado a tiros na porta de um escrit\u00f3rio no Vila Bretas. Um homem de 40 anos foi morto a tiros no in\u00edcio da tarde desta sexta-feira, 14 de novembro, em Governador Valadares, no Leste de Minas Gerais. O crime aconteceu no [&hellip;]<\/p>\n","protected":false},"author":1,"featured_media":45318,"comment_status":"open","ping_status":"closed","sticky":false,"template":"","format":"standard","meta":{"amp_status":"","footnotes":""},"categories":[121],"tags":[22974,247,22949],"class_list":["post-45317","post","type-post","status-publish","format-standard","has-post-thumbnail","hentry","category-leste","tag-edson-elias-de-andrade","tag-governador-valadares","tag-homem-e-assassinado-a-tiros-no-bairro-vila-bretas-em-governador-valadares"],"_links":{"self":[{"href":"https:\/\/aconteceunovale.com.br\/portal\/index.php?rest_route=\/wp\/v2\/posts\/45317","targetHints":{"allow":["GET"]}}],"collection":[{"href":"https:\/\/aconteceunovale.com.br\/portal\/index.php?rest_route=\/wp\/v2\/posts"}],"about":[{"href":"https:\/\/aconteceunovale.com.br\/portal\/index.php?rest_route=\/wp\/v2\/types\/post"}],"author":[{"embeddable":true,"href":"https:\/\/aconteceunovale.com.br\/portal\/index.php?rest_route=\/wp\/v2\/users\/1"}],"replies":[{"embeddable":true,"href":"https:\/\/aconteceunovale.com.br\/portal\/index.php?rest_route=%2Fwp%2Fv2%2Fcomments&post=45317"}],"version-history":[{"count":0,"href":"https:\/\/aconteceunovale.com.br\/portal\/index.php?rest_route=\/wp\/v2\/posts\/45317\/revisions"}],"wp:featuredmedia":[{"embeddable":true,"href":"https:\/\/aconteceunovale.com.br\/portal\/index.php?rest_route=\/wp\/v2\/media\/45318"}],"wp:attachment":[{"href":"https:\/\/aconteceunovale.com.br\/portal\/index.php?rest_route=%2Fwp%2Fv2%2Fmedia&parent=45317"}],"wp:term":[{"taxonomy":"category","embeddable":true,"href":"https:\/\/aconteceunovale.com.br\/portal\/index.php?rest_route=%2Fwp%2Fv2%2Fcategories&post=45317"},{"taxonomy":"post_tag","embeddable":true,"href":"https:\/\/aconteceunovale.com.br\/portal\/index.php?rest_route=%2Fwp%2Fv2%2Ftags&post=45317"}],"curies":[{"name":"wp","href":"https:\/\/api.w.org\/{rel}","templated":true}]}}