{"id":45308,"date":"2014-11-14T18:30:26","date_gmt":"2014-11-14T21:30:26","guid":{"rendered":"http:\/\/aconteceunovale.com.br\/portal\/?p=45308"},"modified":"2014-11-14T18:30:26","modified_gmt":"2014-11-14T21:30:26","slug":"magnesita-interrompe-investimento-na-exploracao-de-grafite-em-almenara","status":"publish","type":"post","link":"https:\/\/aconteceunovale.com.br\/portal\/?p=45308","title":{"rendered":"Magnesita interrompe investimento na explora\u00e7\u00e3o de grafite em Almenara"},"content":{"rendered":"<p>O conselho de administra\u00e7\u00e3o da produtora de refrat\u00e1rios Magnesita decidiu interromper os investimentos da empresa na explora\u00e7\u00e3o de uma mina de grafite em Almenara, em Minas Gerais.<\/p>\n<p>A decis\u00e3o decorreu de an\u00e1lises sobre o volume de recursos minerais na regi\u00e3o, que indicaram uma opera\u00e7\u00e3o de &#8220;aproximadamente seis anos apenas com produ\u00e7\u00e3o anual de 40 mil toneladas&#8221;, informou a companhia.<\/p>\n<p>Como resultado da interrup\u00e7\u00e3o dos investimentos, a Magnesita far\u00e1 uma baixa cont\u00e1bil de 21 milh\u00f5es de reais no quarto trimestre. O conselho determinou \u00e0 diretoria da empresa que &#8220;explore op\u00e7\u00f5es estrat\u00e9gicas&#8221; envolvendo os recursos certificados e potenciais localizados.<\/p>\n<p>A companhia teve preju\u00edzo de 18,3 milh\u00f5es de reais no terceiro trimestre, ap\u00f3s resultado negativo um ano antes de 21,7 milh\u00f5es. A receita operacional subiu 10,5 por cento no per\u00edodo, a 714,7 milh\u00f5es de reais.<\/p>\n<p>A gera\u00e7\u00e3o de caixa medida pelo lucro antes de juros, impostos, deprecia\u00e7\u00e3o e amortiza\u00e7\u00e3o (Ebitda) somou 100,5 milh\u00f5es de reais de julho a setembro, avan\u00e7o anual de 31,2 por cento. As informa\u00e7\u00f5es s\u00e3o da <strong>Ag\u00eancia Reuters<\/strong>.<\/p>\n","protected":false},"excerpt":{"rendered":"<p>O conselho de administra\u00e7\u00e3o da produtora de refrat\u00e1rios Magnesita decidiu interromper os investimentos da empresa na explora\u00e7\u00e3o de uma mina de grafite em Almenara, em Minas Gerais. A decis\u00e3o decorreu de an\u00e1lises sobre o volume de recursos minerais na regi\u00e3o, que indicaram uma opera\u00e7\u00e3o de &#8220;aproximadamente seis anos apenas com produ\u00e7\u00e3o anual de 40 mil [&hellip;]<\/p>\n","protected":false},"author":1,"featured_media":45309,"comment_status":"open","ping_status":"closed","sticky":false,"template":"","format":"standard","meta":{"amp_status":"","footnotes":""},"categories":[120],"tags":[142,22947,22945,22946],"class_list":["post-45308","post","type-post","status-publish","format-standard","has-post-thumbnail","hentry","category-jequi","tag-almenara","tag-exploracao-de-grafite-em-almenara","tag-magnesita-interrompe-investimento-na-exploracao-de-grafite-em-almenara","tag-minas-de-grafite-em-almenara"],"_links":{"self":[{"href":"https:\/\/aconteceunovale.com.br\/portal\/index.php?rest_route=\/wp\/v2\/posts\/45308","targetHints":{"allow":["GET"]}}],"collection":[{"href":"https:\/\/aconteceunovale.com.br\/portal\/index.php?rest_route=\/wp\/v2\/posts"}],"about":[{"href":"https:\/\/aconteceunovale.com.br\/portal\/index.php?rest_route=\/wp\/v2\/types\/post"}],"author":[{"embeddable":true,"href":"https:\/\/aconteceunovale.com.br\/portal\/index.php?rest_route=\/wp\/v2\/users\/1"}],"replies":[{"embeddable":true,"href":"https:\/\/aconteceunovale.com.br\/portal\/index.php?rest_route=%2Fwp%2Fv2%2Fcomments&post=45308"}],"version-history":[{"count":0,"href":"https:\/\/aconteceunovale.com.br\/portal\/index.php?rest_route=\/wp\/v2\/posts\/45308\/revisions"}],"wp:featuredmedia":[{"embeddable":true,"href":"https:\/\/aconteceunovale.com.br\/portal\/index.php?rest_route=\/wp\/v2\/media\/45309"}],"wp:attachment":[{"href":"https:\/\/aconteceunovale.com.br\/portal\/index.php?rest_route=%2Fwp%2Fv2%2Fmedia&parent=45308"}],"wp:term":[{"taxonomy":"category","embeddable":true,"href":"https:\/\/aconteceunovale.com.br\/portal\/index.php?rest_route=%2Fwp%2Fv2%2Fcategories&post=45308"},{"taxonomy":"post_tag","embeddable":true,"href":"https:\/\/aconteceunovale.com.br\/portal\/index.php?rest_route=%2Fwp%2Fv2%2Ftags&post=45308"}],"curies":[{"name":"wp","href":"https:\/\/api.w.org\/{rel}","templated":true}]}}