{"id":45301,"date":"2014-11-14T18:11:57","date_gmt":"2014-11-14T21:11:57","guid":{"rendered":"http:\/\/aconteceunovale.com.br\/portal\/?p=45301"},"modified":"2014-11-14T18:11:57","modified_gmt":"2014-11-14T21:11:57","slug":"franciscopolis-sofre-com-a-chuva-um-mes-depois-de-decretar-emergencia-pela-seca","status":"publish","type":"post","link":"https:\/\/aconteceunovale.com.br\/portal\/?p=45301","title":{"rendered":"Francisc\u00f3polis sofre com a chuva um m\u00eas depois de decretar emerg\u00eancia pela seca"},"content":{"rendered":"<h4><strong><em>Antes de ser varrida por tromba-d&#8217;\u00e1gua, cidade do Vale do Mucuri havia decretado estado de emerg\u00eancia para enfrentar a morte de gado e as perdas na lavoura causadas pela seca<\/em><\/strong><\/h4>\n<p>Os pequenos agricultores de Francisc\u00f3polis, no Vale do Mucuri, mal terminaram de contabilizar as perdas causadas por nove meses de seca e foram surpreendidos por tromba-d\u2019\u00e1gua de dimens\u00f5es nunca registradas na hist\u00f3ria da cidade. H\u00e1 um m\u00eas, a prefeitura encaminhou o decreto de emerg\u00eancia motivado pela estiagem aos \u00f3rg\u00e3os de Defesa Civil estadual e federal. Antes mesmo de obter uma resposta, o munic\u00edpio foi for\u00e7ado a iniciar processo semelhante devido \u00e0s chuvas. \u201cUm decreto n\u00e3o anula o outro. Foi um per\u00edodo prolongado sem chuva, de mar\u00e7o a novembro. N\u00e3o tem como reverter os preju\u00edzos j\u00e1 contabilizados\u201d, informou o extensionista de Bem-Estar Social da Emater (Empresa de Assist\u00eancia T\u00e9cnica e Extens\u00e3o Rural do Estado de Minas Gerais) Vanderlei Ramalho dos Santos.<\/p>\n<p><img decoding=\"async\" src=\"http:\/\/aconteceunovale.com.br\/portal\/wp-content\/uploads\/2014\/11\/franciscopolis_especial_1.jpg\" alt=\"\" \/><em>O agricultor Valdivino Gomes Pereira, diante de emaranhados de galhos trazidos pela enchente. Fam\u00edlia s\u00f3 se salvou porque filho deu alerta &#8211; Foto: Paulo Filgueiras \/ Jornal Estado de Minas<\/em><br \/>\n<\/br><\/p>\n<p>Acompanhada por t\u00e9cnicos da Emater e da Defesa Civil, a equipe do Estado de Minas visitou propriedades rurais em um per\u00edmetro de 12 quil\u00f4metros para levantar os danos causados pelos dois extremos do clima que castigam a popula\u00e7\u00e3o local. H\u00e1 menos de um m\u00eas, nas comunidades de S\u00e3o Pedro e Tatu e no distrito de Ant\u00f4nio Ferreira, os moradores n\u00e3o tinham \u00e1gua para beber, o que exigia interven\u00e7\u00e3o do poder p\u00fablico. \u201cA prefeitura teve de levar \u00e1gua com caminh\u00e3o-pipa\u201d, informou a coordenadora da Defesa Civil municipal, Josiane Rodrigues de Souza.<\/p>\n<p>Com cerca de 700 pequenos agricultores, o munic\u00edpio tem na pecu\u00e1ria de leite e corte a principal fonte de renda. No entanto, sem pasto, o gado vinha sobrevivendo \u00e0 base de cana e ra\u00e7\u00e3o. Muitos pequenos agricultores entraram com o pedidos de financiamento para comprar o alimento que a natureza n\u00e3o vinha oferecendo. Mas, mesmo investindo no total cerca de R$ 30 mil na compra de ra\u00e7\u00e3o, eles n\u00e3o conseguiram evitar a morte de animais. Em muitas propriedades ainda s\u00e3o vistas carca\u00e7as dos que n\u00e3o suportaram a falta de pasto e \u00e1gua.<\/p>\n<p>O gado que ainda resiste mal para em p\u00e9, de t\u00e3o magro. Com as costelas \u00e0 vista, bezerros tentam em v\u00e3o mamar em vacas que j\u00e1 n\u00e3o produzem leite, devido \u00e0 fome. O pouco de alimento que consomem n\u00e3o \u00e9 o bastante nem para mant\u00ea-las. \u201cUma vaca leiteira d\u00e1 em m\u00e9dia R$ 3 mil por ano ao produtor. Magras do jeito que est\u00e3o, t\u00eam que comer um ano para recuperar o vigor corporal, mas nesse per\u00edodo n\u00e3o d\u00e3o leite. \u00c9 muito dif\u00edcil quantificar os preju\u00edzos\u201d, informou o engenheiro agr\u00f4nomo Guilherme da Cunha Sales, extensionista agropecu\u00e1rio da Emater. Em um primeiro levantamento, a empresa estadual e a Defesa Civil municipal projetam preju\u00edzos em torno de R$ 100 mil na agricultura e R$ 400 mil na pecu\u00e1ria.<\/p>\n<p>Os produtores da regi\u00e3o est\u00e3o acostumados a per\u00edodos de seca, mas nos \u00faltimos dez anos eles est\u00e3o cada vez mais rigorosos. \u201cAntes a seca durava 90 dias. Depois passou para 120. Agora, chegamos a 180 dias sem chuva\u201d, diz Guilherme. Com isso, a natureza leva cada vez mais tempo para se recuperar. \u201cUma pastagem degradada leva tr\u00eas anos e meio para se recuperar naturalmente\u201d, completa o engenheiro.<\/p>\n<p>Os reflexos da seca no solo tamb\u00e9m agravaram os danos causados pela chuva que assustou a popula\u00e7\u00e3o do munic\u00edpio. Como a cidade est\u00e1 localizada no fundo de um vale, a degrada\u00e7\u00e3o das matas de topo resultou em enxurradas. A aus\u00eancia de vegeta\u00e7\u00e3o aliada a erros no manejo das pastagens deixaram o solo menos perme\u00e1vel. Como a \u00e1gua se infiltra pouco, grande parte \u00e9 escoada superficialmente. Outro problema \u00e9 a destrui\u00e7\u00e3o de matas ciliares. O resultado, que se fez vis\u00edvel em Francisc\u00f3polis, s\u00e3o o assoreamento dos cursos d\u2019\u00e1gua e enchentes cada vez mais devastadoras. Na \u00e1rea central, o alagamento resultou de enxurradas vindas dos topos de morro. Na \u00e1rea rural, a situa\u00e7\u00e3o se agravou com o transbordamento do Rio Santa Cruz e do C\u00f3rrego do Coi\u00f3.<\/p>\n<p><img decoding=\"async\" src=\"http:\/\/aconteceunovale.com.br\/portal\/wp-content\/uploads\/2014\/11\/franciscopolis_especial_2.jpg\" alt=\"\" \/><em>Animais que resistiram \u00e0 estiagem exibem nos corpos os resultados de noves meses sem ver chuva &#8211; Foto: Paulo Filgueiras \/ Jornal Estado de Minas<\/em><br \/>\n<\/br><\/p>\n<h4>O dia em que o sert\u00e3o virou mar<\/h4>\n<p>\u201cVirou um mar. A gente avistava \u00e1gua do p\u00e9 de um morro ao outro. Veio at\u00e9 peixe. Lambari, bagre entraram dentro de casa. Passamos muito medo\u201d, afirmou o agricultor Manoel Gomes Pereira, de 76 anos. Na zona rural de Francisc\u00f3polis, a profecia cantada por S\u00e1 e Guarabira na d\u00e9cada de 1970 virou realidade, mesmo que por horas, e o sert\u00e3o virou mar. Seu Nen\u00e9m de Jovino, como \u00e9 conhecido, conta os preju\u00edzos: pelo menos quatro quil\u00f4metros de cerca levadas pela enxurrada, toda a cana plantada para servir de alimento para o gado na estiagem arrancada e a horta devastada.<\/p>\n<p><img decoding=\"async\" src=\"http:\/\/aconteceunovale.com.br\/portal\/wp-content\/uploads\/2014\/11\/franciscopolis_especial_3.jpg\" alt=\"\" \/><em>Produtores rurais como Manoel Gomes Pereira t\u00eam, na mesma propriedade, \u00e1reas ainda alagadas e gado morto de sede &#8211; Foto: Paulo Filgueiras \/ Jornal Estado de Minas<\/em><br \/>\n<\/br><\/p>\n<p>Do quintal de onde j\u00e1 se retirou uma beterraba com 2,7 quilos, agora s\u00f3 se veem restos de hortali\u00e7as enlameadas. \u201cN\u00e3o tem como aproveitar, porque apodrece tudo.\u201d O agricultor n\u00e3o consegue calcular as perdas, mas sabe que ter\u00e1 que trabalhar muito para fazer com que a propriedade rural volte para os eixos. At\u00e9 porque, na seca deste ano, ele a filha perderam 30 cabe\u00e7as de gado.<\/p>\n<p>O agricultor Valdivino Gomes Pereira, de 68, nunca viu a natureza agir de maneira t\u00e3o devastadora. \u201cOuvimos uma zoeira que era algo diferente. Era mais que um trov\u00e3o. Escutamos nosso filho gritar e pensamos que poderia ser algu\u00e9m doente. Quando olhamos da janela, a \u00e1gua estava chegando. A luz acabou e t\u00ednhamos um monte de crian\u00e7as em casa. Pensei que \u00edamos morrer. S\u00f3 lembrava o que tinha acontecido em Santa Catarina\u201d, disse, em refer\u00eancia \u00e0 trag\u00e9dia no Sul do pa\u00eds em 2013.<\/p>\n<p>Ao acordar na madrugada de segunda, Marconi Gomes Pereira, de 36, temia que seus pais fossem levados pela enchente. Com o alerta do filho, mesmo no escuro, a fam\u00edlia conseguiu fugir para \u00e1reas altas. Hoje, contabiliza os preju\u00edzos materiais, como a perda de toda a cana que alimentaria o gado. \u201cFiz um financiamento para plantar cana. N\u00e3o posso fazer outro. O que preocupa \u00e9 a d\u00edvida, que \u00e9 a doen\u00e7a para o homem que tem vergonha. O que vale em um homem \u00e9 o nome\u201d, afirma Valdivino, que, devido \u00e0 seca, j\u00e1 havia perdido 16 cabe\u00e7as de gado.<\/p>\n<p>O agricultor Paulo Alves de Macedo, de 39, perdeu dois quil\u00f4metros de cerca com a enchente. Os danos se somam aos causados pela seca, como a morte de cinco cabe\u00e7as de gado. \u201cAs vacas que est\u00e3o vivas deixaram de dar leite. Tirava 90 litros por dia. Agora, tiramos s\u00f3 40\u201d, conta.<\/p>\n<p>Outro que ter\u00e1 que batalhar para se recuperar dos preju\u00edzos da seca agravados pela tempestade \u00e9 o agricultor Luciano Oliveira, que perdeu todo o sorgo que havia plantado. \u201cEle vai ter que arar novamente a terra e gradear. Vai ter de plantar tudo de novo, com um preju\u00edzo de cerca de R$ 20 mil\u201d, informou o engenheiro agr\u00f4nomo Guilherme da Cunha Sales, da Emater.<\/p>\n<h4>Mais temporais<\/h4>\n<p>Voltou a chover forte ontem em algumas regi\u00f5es de Belo Horizonte, por\u00e9m, o Corpo de Bombeiros n\u00e3o registrou alagamentos ou quedas de \u00e1rvores. A Regi\u00e3o Leste da capital foi uma das mais atingidas, e motoristas enfrentaram forte enxurradas nos bairros Boa Vista e Santa In\u00eas. De acordo com o meteorologista Ruibran dos Reis, do Insituto ClimaTempo, ainda hoje devem ocorrer pancadas isoladas na Regi\u00e3o Central de Minas. H\u00e1 previs\u00e3o de temporal para munic\u00edpios do Norte, Noroeste e vales do Jequitinhonha e Mucuri. Nas regi\u00f5es Central, Zona da Mata, Sul e Tri\u00e2ngulo o sol deve aparecer no s\u00e1bado e domingo.<\/p>\n<p><img decoding=\"async\" src=\"http:\/\/aconteceunovale.com.br\/portal\/wp-content\/uploads\/2014\/11\/franciscopolis_especial_4.jpg\" alt=\"\" \/><em>Gado n\u00e3o resistiu \u00e0 seca em Francisc\u00f3polis &#8211; Foto: Paulo Filgueiras \/ Jornal Estado de Minas<\/em><br \/>\n<\/br><\/p>\n<p><em><strong>(Fonte: Estado de Minas)<\/strong><\/em><\/p>\n","protected":false},"excerpt":{"rendered":"<p>Antes de ser varrida por tromba-d&#8217;\u00e1gua, cidade do Vale do Mucuri havia decretado estado de emerg\u00eancia para enfrentar a morte de gado e as perdas na lavoura causadas pela seca Os pequenos agricultores de Francisc\u00f3polis, no Vale do Mucuri, mal terminaram de contabilizar as perdas causadas por nove meses de seca e foram surpreendidos por [&hellip;]<\/p>\n","protected":false},"author":1,"featured_media":45306,"comment_status":"open","ping_status":"closed","sticky":false,"template":"","format":"standard","meta":{"amp_status":"","footnotes":""},"categories":[122],"tags":[22637,22638,1089,22943,22944],"class_list":["post-45301","post","type-post","status-publish","format-standard","has-post-thumbnail","hentry","category-mucuri","tag-chuva-em-franciscopolis","tag-estragos-da-chuva-em-franciscopolis","tag-franciscopolis","tag-franciscopolis-sofre-com-a-chuva-um-mes-depois-de-decretar-emergencia-pela-seca","tag-seca-em-franciscopolis"],"_links":{"self":[{"href":"https:\/\/aconteceunovale.com.br\/portal\/index.php?rest_route=\/wp\/v2\/posts\/45301","targetHints":{"allow":["GET"]}}],"collection":[{"href":"https:\/\/aconteceunovale.com.br\/portal\/index.php?rest_route=\/wp\/v2\/posts"}],"about":[{"href":"https:\/\/aconteceunovale.com.br\/portal\/index.php?rest_route=\/wp\/v2\/types\/post"}],"author":[{"embeddable":true,"href":"https:\/\/aconteceunovale.com.br\/portal\/index.php?rest_route=\/wp\/v2\/users\/1"}],"replies":[{"embeddable":true,"href":"https:\/\/aconteceunovale.com.br\/portal\/index.php?rest_route=%2Fwp%2Fv2%2Fcomments&post=45301"}],"version-history":[{"count":0,"href":"https:\/\/aconteceunovale.com.br\/portal\/index.php?rest_route=\/wp\/v2\/posts\/45301\/revisions"}],"wp:featuredmedia":[{"embeddable":true,"href":"https:\/\/aconteceunovale.com.br\/portal\/index.php?rest_route=\/wp\/v2\/media\/45306"}],"wp:attachment":[{"href":"https:\/\/aconteceunovale.com.br\/portal\/index.php?rest_route=%2Fwp%2Fv2%2Fmedia&parent=45301"}],"wp:term":[{"taxonomy":"category","embeddable":true,"href":"https:\/\/aconteceunovale.com.br\/portal\/index.php?rest_route=%2Fwp%2Fv2%2Fcategories&post=45301"},{"taxonomy":"post_tag","embeddable":true,"href":"https:\/\/aconteceunovale.com.br\/portal\/index.php?rest_route=%2Fwp%2Fv2%2Ftags&post=45301"}],"curies":[{"name":"wp","href":"https:\/\/api.w.org\/{rel}","templated":true}]}}