{"id":45291,"date":"2014-11-14T17:33:09","date_gmt":"2014-11-14T20:33:09","guid":{"rendered":"http:\/\/aconteceunovale.com.br\/portal\/?p=45291"},"modified":"2014-11-14T17:33:09","modified_gmt":"2014-11-14T20:33:09","slug":"quatro-pessoas-sao-presas-em-operacao-da-pf-que-investiga-fraudes-no-enem","status":"publish","type":"post","link":"https:\/\/aconteceunovale.com.br\/portal\/?p=45291","title":{"rendered":"Quatro pessoas s\u00e3o presas em opera\u00e7\u00e3o da PF que investiga fraudes no Enem"},"content":{"rendered":"<p>A Pol\u00edcia Federal deflagrou hoje (14) a Opera\u00e7\u00e3o Apollo, que investiga uma quadrilha acusada de fraudar o Exame Nacional do Ensino M\u00e9dio (Enem), al\u00e9m de diversos vestibulares e o ingresso em universidades p\u00fablicas pelo sistema de cotas. Ao todo, foram cumpridos quatro mandados de pris\u00e3o tempor\u00e1ria e nove mandados de busca e apreens\u00e3o no Cear\u00e1, na Para\u00edba e no Piau\u00ed.<\/p>\n<p>Segundo a corpora\u00e7\u00e3o, a investiga\u00e7\u00e3o come\u00e7ou h\u00e1 13 meses e, al\u00e9m das pris\u00f5es ocorridas hoje, foram presos em flagrante dois candidatos do Enem 2014, no s\u00e1bado (06), na cidade de Juazeiro do Norte (CE). \u201cAs investiga\u00e7\u00f5es seguem agora para identificar todos os poss\u00edveis benefici\u00e1rios do esquema criminoso, respons\u00e1vel por fraudes ao Enem 2013 e 2014\u201d, informou a PF.<\/p>\n<p>De acordo com a PF, o esquema tinha como centro de atua\u00e7\u00e3o a regi\u00e3o do Cariri, no sul do estado do Cear\u00e1, mas as a\u00e7\u00f5es da quadrilha se estendiam tamb\u00e9m pela Para\u00edba. Os fraudadores direcionavam a atua\u00e7\u00e3o a candidatos interessados em ingressar no curso de medicina de universidades p\u00fablicas.<\/p>\n<p>A corpora\u00e7\u00e3o destacou que o Instituto Nacional de Estudos e Pesquisas An\u00edsio Teixeira (Inep), \u00f3rg\u00e3o respons\u00e1vel pelas provas do Enem, tem colaborado com as investiga\u00e7\u00f5es desde o ano passado, \u201cfornecendo as informa\u00e7\u00f5es necess\u00e1rias \u00e0 identifica\u00e7\u00e3o dos investigados e \u00e0 elucida\u00e7\u00e3o da fraude\u201d.<\/p>\n<p>Os presos foram indiciados pela pr\u00e1tica dos crimes de fraudes em certames p\u00fablicos e organiza\u00e7\u00e3o criminosa.<\/p>\n<h4>Presidente do Inep diz que Enem n\u00e3o ser\u00e1 cancelado<\/h4>\n<p>O presidente do Instituto Nacional de Estudos e Pesquisas Educacionais An\u00edsio Teixeira (Inep), Jos\u00e9 Francisco Soares, descartou hoje (14) a possibilidade de o Exame Nacional do Ensino M\u00e9dio (Enem) ser cancelado. \u201cO Enem n\u00e3o ser\u00e1 cancelado. \u00c9 muito importante deixar claro isso. Estamos aqui diante de um fato completamente isolado e que a pol\u00edcia est\u00e1 investigando\u201d, afirmou.<\/p>\n<p>As declara\u00e7\u00f5es foram dadas durante entrevista coletiva na sede da Pol\u00edcia Federal (PF) no Cear\u00e1, ap\u00f3s a pol\u00edcia ter deflagrado nesta sexta-feira a Opera\u00e7\u00e3o Apollo, que investiga uma quadrilha acusada de fraudar o Enem, al\u00e9m de diversos vestibulares e o ingresso em universidades p\u00fablicas pelo sistema de cotas.<\/p>\n<p>Soares disse ainda que o Inep vai esperar os resultados das investiga\u00e7\u00f5es da PF no Piau\u00ed para tomar alguma provid\u00eancia. \u201cH\u00e1 uma investiga\u00e7\u00e3o em curso na superintend\u00eancia da Pol\u00edcia Federal em Teresina, que est\u00e1 trabalhando da mesma foma que essa opera\u00e7\u00e3o, e n\u00f3s temos que esperar a conclus\u00e3o para proceder com as a\u00e7\u00f5es\u201d. As informa\u00e7\u00f5es s\u00e3o da <strong>Ag\u00eancia Brasil<\/strong>.<\/p>\n","protected":false},"excerpt":{"rendered":"<p>A Pol\u00edcia Federal deflagrou hoje (14) a Opera\u00e7\u00e3o Apollo, que investiga uma quadrilha acusada de fraudar o Exame Nacional do Ensino M\u00e9dio (Enem), al\u00e9m de diversos vestibulares e o ingresso em universidades p\u00fablicas pelo sistema de cotas. Ao todo, foram cumpridos quatro mandados de pris\u00e3o tempor\u00e1ria e nove mandados de busca e apreens\u00e3o no Cear\u00e1, [&hellip;]<\/p>\n","protected":false},"author":1,"featured_media":39287,"comment_status":"open","ping_status":"closed","sticky":false,"template":"","format":"standard","meta":{"amp_status":"","footnotes":""},"categories":[6],"tags":[22937,22934,13425,524,22935,19776,22932,22930,18378,22931,772,22936,22929,22933],"class_list":["post-45291","post","type-post","status-publish","format-standard","has-post-thumbnail","hentry","category-br","tag-cancelamento-do-enem","tag-cotas","tag-educacao","tag-enem","tag-enem-nao-sera-cancelado","tag-exame-nacional-do-ensino-medio","tag-fraudes","tag-fraudes-no-enem","tag-inep","tag-operacao-apollo","tag-policia-federal","tag-quadrilha-acusada-de-fraudar-o-enem","tag-quatro-pessoas-sao-presas-em-operacao-da-pf-que-investiga-fraudes-no-enem","tag-vestibular"],"_links":{"self":[{"href":"https:\/\/aconteceunovale.com.br\/portal\/index.php?rest_route=\/wp\/v2\/posts\/45291","targetHints":{"allow":["GET"]}}],"collection":[{"href":"https:\/\/aconteceunovale.com.br\/portal\/index.php?rest_route=\/wp\/v2\/posts"}],"about":[{"href":"https:\/\/aconteceunovale.com.br\/portal\/index.php?rest_route=\/wp\/v2\/types\/post"}],"author":[{"embeddable":true,"href":"https:\/\/aconteceunovale.com.br\/portal\/index.php?rest_route=\/wp\/v2\/users\/1"}],"replies":[{"embeddable":true,"href":"https:\/\/aconteceunovale.com.br\/portal\/index.php?rest_route=%2Fwp%2Fv2%2Fcomments&post=45291"}],"version-history":[{"count":0,"href":"https:\/\/aconteceunovale.com.br\/portal\/index.php?rest_route=\/wp\/v2\/posts\/45291\/revisions"}],"wp:featuredmedia":[{"embeddable":true,"href":"https:\/\/aconteceunovale.com.br\/portal\/index.php?rest_route=\/wp\/v2\/media\/39287"}],"wp:attachment":[{"href":"https:\/\/aconteceunovale.com.br\/portal\/index.php?rest_route=%2Fwp%2Fv2%2Fmedia&parent=45291"}],"wp:term":[{"taxonomy":"category","embeddable":true,"href":"https:\/\/aconteceunovale.com.br\/portal\/index.php?rest_route=%2Fwp%2Fv2%2Fcategories&post=45291"},{"taxonomy":"post_tag","embeddable":true,"href":"https:\/\/aconteceunovale.com.br\/portal\/index.php?rest_route=%2Fwp%2Fv2%2Ftags&post=45291"}],"curies":[{"name":"wp","href":"https:\/\/api.w.org\/{rel}","templated":true}]}}