{"id":45280,"date":"2014-11-14T09:37:41","date_gmt":"2014-11-14T12:37:41","guid":{"rendered":"http:\/\/aconteceunovale.com.br\/portal\/?p=45280"},"modified":"2014-11-14T17:50:26","modified_gmt":"2014-11-14T20:50:26","slug":"pai-tenta-matar-as-filhas-de-5-e-6-anos-em-aracuai","status":"publish","type":"post","link":"https:\/\/aconteceunovale.com.br\/portal\/?p=45280","title":{"rendered":"Pai tenta matar as filhas de 5 e 6 anos em Ara\u00e7ua\u00ed"},"content":{"rendered":"<h4><strong><em>Homem esfaqueou cabe\u00e7a da menina mais nova e arremessou a mais velha contra o ch\u00e3o da sala. Crimes foram presenciados por m\u00e3e do agressor, uma idosa de 74 anos.<\/em><\/strong><\/h4>\n<p>Um homem de 38 anos foi preso ap\u00f3s tentar matar as duas filhas de 5 e 6 anos, na noite dessa quinta-feira, 13 de novembro, em Ara\u00e7ua\u00ed, no Vale do Jequitinhonha. A v\u00edtima mais nova levou facadas na cabe\u00e7a. Durante duas horas, Jos\u00e9 Maria Miranda Pereira, que ficou nervoso depois que as meninas se recusaram a dormir, manteve as crian\u00e7as e a m\u00e3e dele, de 74 anos, em c\u00e1rcere privado.<\/p>\n<p><img decoding=\"async\" src=\"http:\/\/aconteceunovale.com.br\/portal\/wp-content\/uploads\/2014\/11\/caso_ara_14_1.jpg\" alt=\"\" \/><em>Homem foi detido ap\u00f3s tentar matar as filhas de 5 e 6 anos &#8211; Foto: Gazeta de Ara\u00e7ua\u00ed<\/em><br \/>\n<\/br><\/p>\n<p>De acordo com o boletim de ocorr\u00eancia da Pol\u00edcia Militar, um policial que estava de folga foi acionado por outros vizinhos. Eles contaram que o homem tentava matar as filhas na casa da fam\u00edlia, localizada no bairro Esplanada.<\/p>\n<p>O militar acionou uma viatura da corpora\u00e7\u00e3o, e a equipe conseguiu tirar a menina de 5 anos e sua av\u00f3 de dentro do im\u00f3vel. A crian\u00e7a estava com ferimentos na cabe\u00e7a e toda ensaguentada. Ela e a idosa, que n\u00e3o ficou ferida, foram encaminhadas a um hospital da cidade.<\/p>\n<p>Ap\u00f3s socorrerem as duas v\u00edtimas, policiais tentaram conseguir que a outra garota fosse liberada. Por\u00e9m, o agressor n\u00e3o quis se entregar. O homem estava com uma faca nas m\u00e3os e, durante o c\u00e1rcere, arremessou a filha contra o ch\u00e3o da sala. A crian\u00e7a desmaiou na hora.<\/p>\n<p>Diante da situa\u00e7\u00e3o, policiais entraram no im\u00f3vel e retiraram a v\u00edtima, que tamb\u00e9m foi encaminhada ao Hospital S\u00e3o Vicente. No entanto, n\u00e3o foi poss\u00edvel fazer a pris\u00e3o do pai, que come\u00e7ou a atirar pedras contra a equipe.<\/p>\n<p>Os militares sa\u00edram da casa e, j\u00e1 na rua, tentaram negociar com o homem, que se entregou minutos depois. Muito agitado, ele foi preso e encaminhado \u00e0 Delegacia de Pedra Azul. Em depoimento ao delegado Thiago Carvalho, o suspeito negou que tenha tentado matar as filhas, e se defendeu dizendo que apenas \u201caplicou um corretivo\u201d.<\/p>\n<p>\u201cEle disse que chegou em casa e mandou as meninas dormirem, mas elas se recusaram e tentaram ir pra rua. Nesse momento, ele teria aplicado o corretivo\u201d, contou o delegado.<\/p>\n<p>O agressor afirmou que a faca era usada para fazer um cigarro artesanal. Ele disse que faz uso de rem\u00e9dios controlados, mas ontem (quinta) deixou de tomar os medicamentos.<\/p>\n<p>\u201cA m\u00e3e das meninas n\u00e3o mora na casa. A av\u00f3 das crian\u00e7as, que acompanha as netas no hospital, ser\u00e1 ouvida posteriormente\u201d, disse Carvalho.<\/p>\n<p>O suspeito foi indiciado por duas tentativas de homic\u00eddios qualificados, por meio cruel e recurso que impossibilitou a defesas das v\u00edtimas. Para cada caso, ele pode pegar de 12 a 30 anos de pris\u00e3o.<\/p>\n<p>Al\u00e9m disso, o homem vai responder por resist\u00eancia, j\u00e1 que demorou a se entregar e ainda tentou agredir militares. O crime tem pena que varia de dois meses a dois anos de reclus\u00e3o.<\/p>\n<p>O agressor tinha antecedentes criminais por porte ilegal de arma de fogo, amea\u00e7a, resist\u00eancia e les\u00e3o corporal. Ele ser\u00e1 encaminhado ao Pres\u00eddio de Ara\u00e7ua\u00ed.<\/p>\n<p><img decoding=\"async\" src=\"http:\/\/aconteceunovale.com.br\/portal\/wp-content\/uploads\/2014\/11\/caso_ara_14_2.jpg\" alt=\"\" \/><em>Policiais encontraram cena de horror dentro da casa &#8211; Foto: Gazeta de Ara\u00e7ua\u00ed<\/em><br \/>\n<\/br><\/p>\n<h4>Estado de sa\u00fade das crian\u00e7as<\/h4>\n<p>De acordo com os m\u00e9dicos que atenderam as crian\u00e7as, as duas meninas tiveram traumatismo craniano e seguem internadas, sem previs\u00e3o de alta. Elas, que est\u00e3o conscientes, aguardam vagas em algum hospital de Diamantina ou Te\u00f3filo Otoni. <\/p>\n<p>Ap\u00f3s a pris\u00e3o do autor, militares encontraram v\u00e1rios objetos quebrados na resid\u00eancia e sangue nos c\u00f4modos.<\/p>\n<p>Segundo a Pol\u00edcia Militar, frequentemente, o suspeito tem alguns surtos e j\u00e1 havia tentado colocar fogo na casa. Ele \u00e9 paciente dos Centros de Aten\u00e7\u00e3o Psicossocial (CAPs) de Ara\u00e7ua\u00ed. Segundo a coordenadora do espa\u00e7o, Silvana Ferreira, o homem ficava no local durante o dia e ia para a casa no fim da tarde.<\/p>\n<p>Segundo a coordenadora do espa\u00e7o, Silvana Ferreira, o homem ficava no local durante o dia e ia para a casa no fim da tarde. Ele estava em tratamento desde de setembro de 2012 e vinha respondendo ao tratamento de forma positiva, participando das oferecidas pelo CAPs e fazendo uso correto das medica\u00e7\u00f5es.  Ainda de acordo com Silvana, ele vinha apresentando um comportamento tranquilo e sem maiores complica\u00e7\u00f5es. As informa\u00e7\u00f5es s\u00e3o do <strong>Portal O Tempo Online<\/strong><\/p>\n","protected":false},"excerpt":{"rendered":"<p>Homem esfaqueou cabe\u00e7a da menina mais nova e arremessou a mais velha contra o ch\u00e3o da sala. Crimes foram presenciados por m\u00e3e do agressor, uma idosa de 74 anos. Um homem de 38 anos foi preso ap\u00f3s tentar matar as duas filhas de 5 e 6 anos, na noite dessa quinta-feira, 13 de novembro, em [&hellip;]<\/p>\n","protected":false},"author":1,"featured_media":30286,"comment_status":"open","ping_status":"closed","sticky":false,"template":"","format":"standard","meta":{"amp_status":"","footnotes":""},"categories":[120],"tags":[186,22857,22859,22858],"class_list":["post-45280","post","type-post","status-publish","format-standard","has-post-thumbnail","hentry","category-jequi","tag-aracuai","tag-homem-surta-esfaqueia-a-filha-de-5-anos-e-joga-a-de-6-no-chao-em-aracuai","tag-jose-maria-miranda-pereira","tag-pai-tenta-matar-as-filhas-de-5-e-6-anos-em-aracuai"],"_links":{"self":[{"href":"https:\/\/aconteceunovale.com.br\/portal\/index.php?rest_route=\/wp\/v2\/posts\/45280","targetHints":{"allow":["GET"]}}],"collection":[{"href":"https:\/\/aconteceunovale.com.br\/portal\/index.php?rest_route=\/wp\/v2\/posts"}],"about":[{"href":"https:\/\/aconteceunovale.com.br\/portal\/index.php?rest_route=\/wp\/v2\/types\/post"}],"author":[{"embeddable":true,"href":"https:\/\/aconteceunovale.com.br\/portal\/index.php?rest_route=\/wp\/v2\/users\/1"}],"replies":[{"embeddable":true,"href":"https:\/\/aconteceunovale.com.br\/portal\/index.php?rest_route=%2Fwp%2Fv2%2Fcomments&post=45280"}],"version-history":[{"count":0,"href":"https:\/\/aconteceunovale.com.br\/portal\/index.php?rest_route=\/wp\/v2\/posts\/45280\/revisions"}],"wp:featuredmedia":[{"embeddable":true,"href":"https:\/\/aconteceunovale.com.br\/portal\/index.php?rest_route=\/wp\/v2\/media\/30286"}],"wp:attachment":[{"href":"https:\/\/aconteceunovale.com.br\/portal\/index.php?rest_route=%2Fwp%2Fv2%2Fmedia&parent=45280"}],"wp:term":[{"taxonomy":"category","embeddable":true,"href":"https:\/\/aconteceunovale.com.br\/portal\/index.php?rest_route=%2Fwp%2Fv2%2Fcategories&post=45280"},{"taxonomy":"post_tag","embeddable":true,"href":"https:\/\/aconteceunovale.com.br\/portal\/index.php?rest_route=%2Fwp%2Fv2%2Ftags&post=45280"}],"curies":[{"name":"wp","href":"https:\/\/api.w.org\/{rel}","templated":true}]}}