{"id":45268,"date":"2014-11-14T09:06:35","date_gmt":"2014-11-14T12:06:35","guid":{"rendered":"http:\/\/aconteceunovale.com.br\/portal\/?p=45268"},"modified":"2014-11-14T09:09:36","modified_gmt":"2014-11-14T12:09:36","slug":"infiltracao-destroi-igreja-do-seculo-19-em-diamantina","status":"publish","type":"post","link":"https:\/\/aconteceunovale.com.br\/portal\/?p=45268","title":{"rendered":"Infiltra\u00e7\u00e3o destr\u00f3i igreja do s\u00e9culo 19 em Diamantina"},"content":{"rendered":"<h4><strong><em>Igreja de Biribiri, tombada pelo Iepha, est\u00e1 degradada por infiltra\u00e7\u00e3o. Empresa respons\u00e1vel pela edifica\u00e7\u00e3o do s\u00e9culo 19 contrata arquiteta para o restauro<\/em><\/strong><\/h4>\n<p>A comerciante Maria da Concei\u00e7\u00e3o Melo Ferreira, de 57 anos, foi batizada, fez a primeira comunh\u00e3o, foi crismada e assistiu, durante anos, \u00e0s missas na Igreja do Sagrado Cora\u00e7\u00e3o de Jesus, em Biribiri, distrito a 12 quil\u00f4metros de Diamantina, no Vale do Jequitinhonha. No entanto, h\u00e1 pelo menos dois anos n\u00e3o pode entrar no santu\u00e1rio que frequentou desde a inf\u00e2ncia. Isso porque a capela, constru\u00edda no s\u00e9culo 19 e que pertence \u00e0 F\u00e1brica de Tecidos Estamparia S.A., est\u00e1 fechada e deve passar por grande reforma.<\/p>\n<p><img decoding=\"async\" src=\"http:\/\/aconteceunovale.com.br\/portal\/wp-content\/uploads\/2014\/11\/igreja_biribiri.jpg\" alt=\"\" \/><em>Igreja erguida na segunda metade dos anos 1800 se destaca no lugarejo, mas, vista de perto, mostra na parede lateral o resultado da a\u00e7\u00e3o do tempo &#8211; Foto: T\u00falio Santos\/Estado de Minas<\/em><br \/>\n<\/br><\/p>\n<p>Ontem, houve uma reuni\u00e3o entre representantes da empresa, do Instituto Estadual do Patrim\u00f4nio Hist\u00f3rico e Art\u00edstico de Minas Gerais (Iepha), e a arquiteta e urbanista respons\u00e1vel pelo projeto de restauro Rafaele Bogatzky, para discutir a situa\u00e7\u00e3o do templo, que, desde o fim de 2012, tem seu lado direito sustentado por escoras de madeira, tanto na parte externa quanto na interna. Segundo a assessoria do Iepha, esse escoramento foi uma medida preventiva e que o \u00f3rg\u00e3o vem acompanhando de perto a situa\u00e7\u00e3o, n\u00e3o s\u00f3 do santu\u00e1rio como de toda Biribiri, j\u00e1 que o vilarejo \u00e9 tombado pelo patrim\u00f4nio hist\u00f3rico.<\/p>\n<p>\u201cMesmo a igreja sendo de propriedade da estamparia, e \u00e9 ela a respons\u00e1vel por sua manuten\u00e7\u00e3o e conserva\u00e7\u00e3o, nenhuma a\u00e7\u00e3o pode ser feita sem a nossa ci\u00eancia. H\u00e1 uns 30 anos foi feita uma reforma, n\u00e3o muito grande, bancada pela pr\u00f3pria f\u00e1brica, e com o nosso apoio. Estamos de olho no que est\u00e1 acontecendo l\u00e1. N\u00e3o h\u00e1 risco de a igreja cair\u201d, diz assessor de imprensa do Instituto, Leandro Cardoso.<\/p>\n<p>O jornalista acrescenta que ap\u00f3s o encontro em Biribiri ficou decidido que o Iepha vai fazer uma nota t\u00e9cnica sobre o estado do santu\u00e1rio, com recomenda\u00e7\u00f5es para o Minist\u00e9rio P\u00fablico, que, por sua vez, vai definir e assinar com a estamparia e estabelecer um termo de ajustamento de conduta (TAC). \u201cA partir desse termo, ser\u00e1 estabelecido um cronograma, al\u00e9m de prazos para a revis\u00e3o e execu\u00e7\u00e3o de escoramento adicional, caso necess\u00e1rio, um diagn\u00f3stico estrutural, um desenvolvimento de um projeto executivo, entre outros pontos. A reuni\u00e3o foi \u00f3tima em v\u00e1rios aspectos e h\u00e1 todo o interesse de preservar esse importante lugar que \u00e9 Biribiri e todo o seu conjunto arquitet\u00f4nico.\u201d<\/p>\n<p>O diretor da Estamparia S.A., \u00c1lvaro Luiz Palhares, informa que o maior problema da edifica\u00e7\u00e3o \u00e9 o telhado e \u00e1gua da chuva afetou outras estruturas, sobretudo a parede. \u201cComo as telhas e a madeira s\u00e3o muito antigas, houve goteiras e infiltra\u00e7\u00f5es. Por isso, a necessidade das escoras. E tudo foi feito com aval do Iepha. Mas n\u00e3o acredito que haja risco de ela desabar.\u201d Ele tamb\u00e9m avaliou o encontro como positivo.<\/p>\n<h4>Imagens<\/h4>\n<p>Tudo que havia dentro da Igreja do Sagrado Cora\u00e7\u00e3o de Jesus \u2013 imagens de santos e outros objetos sacros, como casti\u00e7ais, velas e bancos \u2013 levado para a sede da f\u00e1brica de tecidos em Diamantina, por quest\u00f5es de seguran\u00e7a, com exce\u00e7\u00e3o do \u00f3rg\u00e3o franc\u00eas, que ainda n\u00e3o foi retirado porque exige m\u00e3o de obra especializada. No in\u00edcio do ano, a empresa contratou a arquiteta e urbanista Rafaele Bogatzky para que elaborasse o projeto de restauro que seguisse todas as diretrizes do Iepha. \u201cTenho que seguir v\u00e1rias normas. \u00c9 algo muito amplo e complexo\u201d, destaca Rafaele, que deve entregar o projeto em breve.<br \/>\nEla acrescenta que teve que fazer um levantamento completo da igreja e levantar informa\u00e7\u00f5es que n\u00e3o s\u00e3o t\u00e3o f\u00e1ceis de conseguir, como documento de tombamento do im\u00f3vel, tombamento de Biribiri, fotos e dados sobre reformas anteriores. Por isso, a demora da conclus\u00e3o da empreitada. \u201cO principal problema da igreja \u00e9 a estrutura da cobertura, que precisa ter o madeiramento substitu\u00eddo, assim como a troca de telhas. O prec\u00e1rio estado de conserva\u00e7\u00e3o da cobertura, com o rompimento do encontro de algumas pe\u00e7as de madeira, est\u00e1 sobrecarregando as paredes laterais, que ficam com a amarra\u00e7\u00e3o comprometida. As rachaduras nas paredes permitem a infiltra\u00e7\u00e3o de \u00e1gua de chuva, prejudicando o estado de conserva\u00e7\u00e3o. O que ser\u00e1 feito de imediato \u00e9 um novo escoramento, o descarregamento do telhado e sua prote\u00e7\u00e3o com lona. Essa medida evitar\u00e1 sobrecarga na estrutura, at\u00e9 que as obras sejam iniciadas.\u201d<\/p>\n<p>Enquanto isso, moradores de Biribiri, como Concei\u00e7\u00e3o, seguem lamentando que o s\u00edmbolo principal do buc\u00f3lico lugarejo continue de portas fechadas. \u201cAs pessoas, as daqui e os turistas, t\u00eam um carinho todo especial com essa igreja. Se ela cair, Biribiri acaba. Ela representa todos aqui\u201d, resume. J\u00e1 o carpinteiro Nivaldo da Silva, de 46, contratado h\u00e1 dois anos para trabalhar na reforma do templo, mas at\u00e9 hoje s\u00f3 participou da coloca\u00e7\u00e3o das escoras das paredes, n\u00e3o perde o h\u00e1bito de fazer o sinal da cruz quando passa diante do santu\u00e1rio e n\u00e3o v\u00ea a hora de poder entrar nele novamente. \u201cTeve uma chuva h\u00e1 duas semanas que destelhou v\u00e1rias casas. Um vento muito forte. A gente achou que a capela n\u00e3o resistiria. Mas Deus tem mantido essa igreja de p\u00e9. Ela \u00e9 o cart\u00e3o-postal desse lugar e temos que lutar por isso.\u201d<br \/>\nSaiba mais<\/p>\n<h4>Estilo feito de pedras nobres<\/h4>\n<p><em>A igreja do Sagrado Cora\u00e7\u00e3o de Jesus \u00e9 de 1876, mesmo ano da funda\u00e7\u00e3o de Biribiri, mas seu sino data de 1888 e o rel\u00f3gio, doado pela fam\u00edlia real, \u00e9 de 1890. Biribiri foi constru\u00edda para abrigar uma empresa de fia\u00e7\u00e3o e tecidos, que hoje \u00e9 a F\u00e1brica de Tecidos Estamparia S.A. O projeto do santu\u00e1rio \u00e9 do arquiteto ingl\u00eas John Rose que introduziu elementos ecl\u00e9ticos e optou pela verticalidade de elementos decorativos neog\u00f3ticos, como as ros\u00e1ceas da fachada. Segundo historiadores, a igreja foi constru\u00edda \u201ccom as melhores pedras do solo diamantinense\u201d. Quase em frente \u00e0 entrada principal, encontra-se o t\u00famulo do senador Joaquim Fel\u00edcio dos Santos (1822-1895), um dos autores do C\u00f3digo Civil que vigorou at\u00e9 2003.<\/em><\/p>\n<p><strong><em>(Fonte: Estado de Minas)<\/em><\/strong><\/p>\n","protected":false},"excerpt":{"rendered":"<p>Igreja de Biribiri, tombada pelo Iepha, est\u00e1 degradada por infiltra\u00e7\u00e3o. Empresa respons\u00e1vel pela edifica\u00e7\u00e3o do s\u00e9culo 19 contrata arquiteta para o restauro A comerciante Maria da Concei\u00e7\u00e3o Melo Ferreira, de 57 anos, foi batizada, fez a primeira comunh\u00e3o, foi crismada e assistiu, durante anos, \u00e0s missas na Igreja do Sagrado Cora\u00e7\u00e3o de Jesus, em Biribiri, [&hellip;]<\/p>\n","protected":false},"author":1,"featured_media":45265,"comment_status":"open","ping_status":"closed","sticky":false,"template":"","format":"standard","meta":{"amp_status":"","footnotes":""},"categories":[120],"tags":[22850,1018,198,22852,22847,22849,22845,22851,22848],"class_list":["post-45268","post","type-post","status-publish","format-standard","has-post-thumbnail","hentry","category-jequi","tag-biribiri","tag-destaque","tag-diamantina","tag-iepha","tag-igreja-de-biribiri","tag-igreja-do-sagrado-coracao-de-jesus","tag-infiltracao-destroi-igreja-do-seculo-19-em-diamatina","tag-instituto-estadual-do-patrimonio-historico-e-artistico-de-minas-gerais","tag-maria-da-conceicao-melo-ferreira"],"_links":{"self":[{"href":"https:\/\/aconteceunovale.com.br\/portal\/index.php?rest_route=\/wp\/v2\/posts\/45268","targetHints":{"allow":["GET"]}}],"collection":[{"href":"https:\/\/aconteceunovale.com.br\/portal\/index.php?rest_route=\/wp\/v2\/posts"}],"about":[{"href":"https:\/\/aconteceunovale.com.br\/portal\/index.php?rest_route=\/wp\/v2\/types\/post"}],"author":[{"embeddable":true,"href":"https:\/\/aconteceunovale.com.br\/portal\/index.php?rest_route=\/wp\/v2\/users\/1"}],"replies":[{"embeddable":true,"href":"https:\/\/aconteceunovale.com.br\/portal\/index.php?rest_route=%2Fwp%2Fv2%2Fcomments&post=45268"}],"version-history":[{"count":0,"href":"https:\/\/aconteceunovale.com.br\/portal\/index.php?rest_route=\/wp\/v2\/posts\/45268\/revisions"}],"wp:featuredmedia":[{"embeddable":true,"href":"https:\/\/aconteceunovale.com.br\/portal\/index.php?rest_route=\/wp\/v2\/media\/45265"}],"wp:attachment":[{"href":"https:\/\/aconteceunovale.com.br\/portal\/index.php?rest_route=%2Fwp%2Fv2%2Fmedia&parent=45268"}],"wp:term":[{"taxonomy":"category","embeddable":true,"href":"https:\/\/aconteceunovale.com.br\/portal\/index.php?rest_route=%2Fwp%2Fv2%2Fcategories&post=45268"},{"taxonomy":"post_tag","embeddable":true,"href":"https:\/\/aconteceunovale.com.br\/portal\/index.php?rest_route=%2Fwp%2Fv2%2Ftags&post=45268"}],"curies":[{"name":"wp","href":"https:\/\/api.w.org\/{rel}","templated":true}]}}