{"id":45255,"date":"2014-11-13T23:33:51","date_gmt":"2014-11-14T02:33:51","guid":{"rendered":"http:\/\/aconteceunovale.com.br\/portal\/?p=45255"},"modified":"2015-01-17T13:03:31","modified_gmt":"2015-01-17T16:03:31","slug":"tomate-paula-fernandes-e-israel-novaes-agitam-itaobim-neste-fim-de-semana","status":"publish","type":"post","link":"https:\/\/aconteceunovale.com.br\/portal\/?p=45255","title":{"rendered":"Tomate, Paula Fernandes e Israel Novaes agitam Itaobim neste fim de semana"},"content":{"rendered":"<h4><strong><em>Evento ter\u00e1 shows de Tomate, Paula Fernandes e Israel Novaes<\/em><\/strong><\/h4>\n<p>O fim de semana vai ser de muita anima\u00e7\u00e3o em Itaobim, no Vale do Jequitinhonha, com mais uma edi\u00e7\u00e3o da Festa da Manga. O evento come\u00e7a na sexta-feira e vai at\u00e9 domingo. As atra\u00e7\u00f5es principais s\u00e3o Tomate, Paula Fernandes e Israel Novaes. A festa tamb\u00e9m contar\u00e1 com artesanato, barracas de alimenta\u00e7\u00e3o, elei\u00e7\u00e3o da Rainha da Manga, parque de divers\u00f5es, entre outras atra\u00e7\u00f5es. A abertura ser\u00e1 nesta sexta-feira, \u00e0s 22 horas no Parque de Exposi\u00e7\u00f5es de Itaobim.<\/p>\n<p>Al\u00e9m das atra\u00e7\u00f5es nacionais, a festa tamb\u00e9m conta com a participa\u00e7\u00e3o do DJ M\u00e1rcio Thibiron, de Mateus e Gabriel, Mania de Toalha, Mimar Voc\u00ea, Altobelly e Robson, Sem Limite, Swing\u00e3o do Ghetto, entre outros. No domingo, a partir das 16 horas, haver\u00e1 um show para as crian\u00e7as, com a turma da Galinha Pintadinha. Os ingressos est\u00e3o \u00e0 venda e podem ser comprados no site <a href=\"http:\/\/www.festadamanga.com.br\" target=\"_blank\">www.festadamanga.com.br<\/a> ou na prefeitura da cidade. Para mais informa\u00e7\u00f5es: (33) 9911-4862.<\/p>\n<p><strong>Confira a programa\u00e7\u00e3o completa:<\/strong><\/p>\n<p>Sexta-feira<br \/>\n21h \u2014 Abertura dos port\u00f5es<br \/>\n22h \u2014 Abertura oficial da Festa da Manga 2014<br \/>\n23h \u2014 Show com Tomate (Palco 1)<br \/>\n1h \u2014 Show com Mateus &#038; Gabriel (Palco 2)<br \/>\n3h \u2014 Show com Mimar Voc\u00ea (Camarote VIP)<\/p>\n<p>S\u00e1bado<br \/>\n23h \u2014 Show com Paula Fernandes (Palco 1)<br \/>\n1h \u2014 Show com Sem Limite (Palco 2)<br \/>\n3h \u2014 Show com Altobelly e Robson (Camarote VIP)<\/p>\n<p>Domingo<br \/>\n16h \u2014 Galinha Pintadinha (Tarde Infantil)<br \/>\n23h \u2014 Show com Israel Novaes (Palco 1)<br \/>\n1h \u2014 Show com Swing\u00e3o do Ghetto (Palco 2)<br \/>\n3h \u2014 Show com Mateus e Gabriel (Camarote VIP)<\/p>\n<p><img decoding=\"async\" src=\"http:\/\/aconteceunovale.com.br\/portal\/wp-content\/uploads\/2014\/11\/festa_da_manga_itaobim1.jpg\" alt=\"\" \/><em>Cartaz de divulga\u00e7\u00e3o da Festa da Manga de Itaobim<\/em><br \/>\n<\/br><\/p>\n<p><strong><em>(Di\u00e1rio do Rio Doce)<\/em><\/strong><\/p>\n","protected":false},"excerpt":{"rendered":"<p>Evento ter\u00e1 shows de Tomate, Paula Fernandes e Israel Novaes O fim de semana vai ser de muita anima\u00e7\u00e3o em Itaobim, no Vale do Jequitinhonha, com mais uma edi\u00e7\u00e3o da Festa da Manga. O evento come\u00e7a na sexta-feira e vai at\u00e9 domingo. As atra\u00e7\u00f5es principais s\u00e3o Tomate, Paula Fernandes e Israel Novaes. A festa tamb\u00e9m [&hellip;]<\/p>\n","protected":false},"author":1,"featured_media":45257,"comment_status":"open","ping_status":"closed","sticky":false,"template":"","format":"standard","meta":{"amp_status":"","footnotes":""},"categories":[120],"tags":[428,22836,22834,391,22837,22835],"class_list":["post-45255","post","type-post","status-publish","format-standard","has-post-thumbnail","hentry","category-jequi","tag-festa-da-manga","tag-festa-da-manga-agita-itaobim-no-fim-de-semana","tag-festa-da-manga-de-itaobim","tag-itaobim","tag-tomate-paula-fernandes-e-israel-novaes-agitam-itaobim-neste-fim-de-semana","tag-tomate-paula-fernandes-e-israel-novaes-agitam-itaobim-neste-final-de-semana"],"_links":{"self":[{"href":"https:\/\/aconteceunovale.com.br\/portal\/index.php?rest_route=\/wp\/v2\/posts\/45255","targetHints":{"allow":["GET"]}}],"collection":[{"href":"https:\/\/aconteceunovale.com.br\/portal\/index.php?rest_route=\/wp\/v2\/posts"}],"about":[{"href":"https:\/\/aconteceunovale.com.br\/portal\/index.php?rest_route=\/wp\/v2\/types\/post"}],"author":[{"embeddable":true,"href":"https:\/\/aconteceunovale.com.br\/portal\/index.php?rest_route=\/wp\/v2\/users\/1"}],"replies":[{"embeddable":true,"href":"https:\/\/aconteceunovale.com.br\/portal\/index.php?rest_route=%2Fwp%2Fv2%2Fcomments&post=45255"}],"version-history":[{"count":0,"href":"https:\/\/aconteceunovale.com.br\/portal\/index.php?rest_route=\/wp\/v2\/posts\/45255\/revisions"}],"wp:featuredmedia":[{"embeddable":true,"href":"https:\/\/aconteceunovale.com.br\/portal\/index.php?rest_route=\/wp\/v2\/media\/45257"}],"wp:attachment":[{"href":"https:\/\/aconteceunovale.com.br\/portal\/index.php?rest_route=%2Fwp%2Fv2%2Fmedia&parent=45255"}],"wp:term":[{"taxonomy":"category","embeddable":true,"href":"https:\/\/aconteceunovale.com.br\/portal\/index.php?rest_route=%2Fwp%2Fv2%2Fcategories&post=45255"},{"taxonomy":"post_tag","embeddable":true,"href":"https:\/\/aconteceunovale.com.br\/portal\/index.php?rest_route=%2Fwp%2Fv2%2Ftags&post=45255"}],"curies":[{"name":"wp","href":"https:\/\/api.w.org\/{rel}","templated":true}]}}