{"id":45249,"date":"2014-11-13T22:24:32","date_gmt":"2014-11-14T01:24:32","guid":{"rendered":"http:\/\/aconteceunovale.com.br\/portal\/?p=45249"},"modified":"2014-11-13T22:24:32","modified_gmt":"2014-11-14T01:24:32","slug":"uma-pessoa-morre-e-outra-fica-ferida-em-capotamento-de-caminhao-no-norte-de-minas","status":"publish","type":"post","link":"https:\/\/aconteceunovale.com.br\/portal\/?p=45249","title":{"rendered":"Uma pessoa morre e outra fica ferida em capotamento de caminh\u00e3o no Norte de Minas"},"content":{"rendered":"<h4><strong><em>V\u00edtima de 30 anos era passageiro do caminh\u00e3o e morreu preso \u00e0s ferragens. Motorista foi socorrido e encaminhado para atendimento m\u00e9dico.<\/em><\/strong><\/h4>\n<p>Uma pessoa morreu e outra ficou ferida em um acidente na manh\u00e3 desta quinta-feira, 13 de novembro, na altura do quil\u00f4metro 37 da MG-451, em Olhos D&#8217;\u00e1gua, no norte de Minas. Segundo o Corpo de Bombeiros, o motorista de um caminh\u00e3o, com placas de S\u00e3o Roque de Minas, perdeu o controle de dire\u00e7\u00e3o, saiu da pista e capotou.<\/p>\n<p>Ainda segundo os Bombeiros, o passageiro Mizael Ant\u00f4nio C\u00e9sar de Faria, de 30 anos ficou preso \u00e0s ferragens e morreu no local. J\u00e1 o motorista, Jo\u00e3o Evantuir Oliveira, de 61 anos, ficou ferido e foi encaminhado para atendimento m\u00e9dico.<\/p>\n<p><img decoding=\"async\" src=\"http:\/\/aconteceunovale.com.br\/portal\/wp-content\/uploads\/2014\/11\/acidente_caminhao_olhosdagua.jpg\" alt=\"\" \/><em>Caminh\u00e3o tombou no munic\u00edpio de Olhos D&#8217;\u00c1gua (Foto: Divulga\u00e7\u00e3o\/Corpo de Bombeiros)<\/em><\/p>\n","protected":false},"excerpt":{"rendered":"<p>V\u00edtima de 30 anos era passageiro do caminh\u00e3o e morreu preso \u00e0s ferragens. Motorista foi socorrido e encaminhado para atendimento m\u00e9dico. Uma pessoa morreu e outra ficou ferida em um acidente na manh\u00e3 desta quinta-feira, 13 de novembro, na altura do quil\u00f4metro 37 da MG-451, em Olhos D&#8217;\u00e1gua, no norte de Minas. Segundo o Corpo [&hellip;]<\/p>\n","protected":false},"author":1,"featured_media":45250,"comment_status":"open","ping_status":"closed","sticky":false,"template":"","format":"standard","meta":{"amp_status":"","footnotes":""},"categories":[1236],"tags":[22825,22826,973,12268,22828,22829,22827],"class_list":["post-45249","post","type-post","status-publish","format-standard","has-post-thumbnail","hentry","category-norte_de_minas","tag-joao-evantuir-oliveira","tag-mizael-antonio-cesar-de-faria","tag-olhos-dagua","tag-sao-roque-de-minas","tag-uma-pessoa-morre-e-outra-fica-ferida-em-capotamento-de-caminhao-em-olhos-dagua","tag-uma-pessoa-morre-e-outra-fica-ferida-em-capotamento-de-caminhao-na-mg-451","tag-uma-pessoa-morre-e-outra-fica-ferida-em-capotamento-de-caminhao-no-norte-de-minas"],"_links":{"self":[{"href":"https:\/\/aconteceunovale.com.br\/portal\/index.php?rest_route=\/wp\/v2\/posts\/45249","targetHints":{"allow":["GET"]}}],"collection":[{"href":"https:\/\/aconteceunovale.com.br\/portal\/index.php?rest_route=\/wp\/v2\/posts"}],"about":[{"href":"https:\/\/aconteceunovale.com.br\/portal\/index.php?rest_route=\/wp\/v2\/types\/post"}],"author":[{"embeddable":true,"href":"https:\/\/aconteceunovale.com.br\/portal\/index.php?rest_route=\/wp\/v2\/users\/1"}],"replies":[{"embeddable":true,"href":"https:\/\/aconteceunovale.com.br\/portal\/index.php?rest_route=%2Fwp%2Fv2%2Fcomments&post=45249"}],"version-history":[{"count":0,"href":"https:\/\/aconteceunovale.com.br\/portal\/index.php?rest_route=\/wp\/v2\/posts\/45249\/revisions"}],"wp:featuredmedia":[{"embeddable":true,"href":"https:\/\/aconteceunovale.com.br\/portal\/index.php?rest_route=\/wp\/v2\/media\/45250"}],"wp:attachment":[{"href":"https:\/\/aconteceunovale.com.br\/portal\/index.php?rest_route=%2Fwp%2Fv2%2Fmedia&parent=45249"}],"wp:term":[{"taxonomy":"category","embeddable":true,"href":"https:\/\/aconteceunovale.com.br\/portal\/index.php?rest_route=%2Fwp%2Fv2%2Fcategories&post=45249"},{"taxonomy":"post_tag","embeddable":true,"href":"https:\/\/aconteceunovale.com.br\/portal\/index.php?rest_route=%2Fwp%2Fv2%2Ftags&post=45249"}],"curies":[{"name":"wp","href":"https:\/\/api.w.org\/{rel}","templated":true}]}}