{"id":45239,"date":"2014-11-13T21:46:07","date_gmt":"2014-11-14T00:46:07","guid":{"rendered":"http:\/\/aconteceunovale.com.br\/portal\/?p=45239"},"modified":"2014-11-13T21:46:07","modified_gmt":"2014-11-14T00:46:07","slug":"chuva-de-curta-duracao-alaga-ruas-e-invade-residencias-em-muriae","status":"publish","type":"post","link":"https:\/\/aconteceunovale.com.br\/portal\/?p=45239","title":{"rendered":"Chuva de curta dura\u00e7\u00e3o alaga ruas e invade resid\u00eancias em Muria\u00e9"},"content":{"rendered":"<h4><strong><em>Chuva invadiu resid\u00eancias na Pra\u00e7a Dornelas. As ruas Coronel Joaquim Costa e Teodorico Torres tamb\u00e9m ficaram alagadas.<\/em><\/strong><\/h4>\n<p>Uma forte chuva, com dura\u00e7\u00e3o de aproximadamente 10 minutos, provocou alagamentos na tarde desta quinta-feira, 13 de novembro, em Muria\u00e9, munic\u00edpio da Zona da Mata Mineira. De acordo com informa\u00e7\u00f5es do Corpo de Bombeiros, a Rua Coronel Joaquim Costa, no Centro do munic\u00edpio e a Rua Teodorico Torres, na divisa dos bairros Safira e Bico Doce ficaram alagadas.<\/p>\n<p>Militares da corpora\u00e7\u00e3o tamb\u00e9m foram acionados para auxiliar fam\u00edlias que moram na regi\u00e3o da Pra\u00e7a Dornelas, onde a \u00e1gua invadiu as resid\u00eancias. Mesmo com o susto, moradores n\u00e3o precisaram deixar suas casas.<\/p>\n<p><img decoding=\"async\" src=\"http:\/\/aconteceunovale.com.br\/portal\/wp-content\/uploads\/2014\/11\/chuva_muriae_1.jpg\" alt=\"\" \/><em>Chuva durou cerca de 10 minutos &#8211; Foto: Divulga\u00e7\u00e3o\/Corpo de Bombeiros<\/em><br \/>\n<\/br><\/p>\n<p><img decoding=\"async\" src=\"http:\/\/aconteceunovale.com.br\/portal\/wp-content\/uploads\/2014\/11\/chuva_muriae_2.jpg\" alt=\"\" \/><em>Chuva durou cerca de 10 minutos &#8211; Foto: Divulga\u00e7\u00e3o\/Corpo de Bombeiros<\/em><\/p>\n","protected":false},"excerpt":{"rendered":"<p>Chuva invadiu resid\u00eancias na Pra\u00e7a Dornelas. As ruas Coronel Joaquim Costa e Teodorico Torres tamb\u00e9m ficaram alagadas. Uma forte chuva, com dura\u00e7\u00e3o de aproximadamente 10 minutos, provocou alagamentos na tarde desta quinta-feira, 13 de novembro, em Muria\u00e9, munic\u00edpio da Zona da Mata Mineira. De acordo com informa\u00e7\u00f5es do Corpo de Bombeiros, a Rua Coronel Joaquim [&hellip;]<\/p>\n","protected":false},"author":1,"featured_media":45241,"comment_status":"open","ping_status":"closed","sticky":false,"template":"","format":"standard","meta":{"amp_status":"","footnotes":""},"categories":[121],"tags":[22819,22820,1502,22821],"class_list":["post-45239","post","type-post","status-publish","format-standard","has-post-thumbnail","hentry","category-leste","tag-chuva-de-curta-duracao-alaga-ruas-e-invade-residencias-em-muriae","tag-chuva-em-muriae","tag-muriae","tag-tempestade-em-muriae"],"_links":{"self":[{"href":"https:\/\/aconteceunovale.com.br\/portal\/index.php?rest_route=\/wp\/v2\/posts\/45239","targetHints":{"allow":["GET"]}}],"collection":[{"href":"https:\/\/aconteceunovale.com.br\/portal\/index.php?rest_route=\/wp\/v2\/posts"}],"about":[{"href":"https:\/\/aconteceunovale.com.br\/portal\/index.php?rest_route=\/wp\/v2\/types\/post"}],"author":[{"embeddable":true,"href":"https:\/\/aconteceunovale.com.br\/portal\/index.php?rest_route=\/wp\/v2\/users\/1"}],"replies":[{"embeddable":true,"href":"https:\/\/aconteceunovale.com.br\/portal\/index.php?rest_route=%2Fwp%2Fv2%2Fcomments&post=45239"}],"version-history":[{"count":0,"href":"https:\/\/aconteceunovale.com.br\/portal\/index.php?rest_route=\/wp\/v2\/posts\/45239\/revisions"}],"wp:featuredmedia":[{"embeddable":true,"href":"https:\/\/aconteceunovale.com.br\/portal\/index.php?rest_route=\/wp\/v2\/media\/45241"}],"wp:attachment":[{"href":"https:\/\/aconteceunovale.com.br\/portal\/index.php?rest_route=%2Fwp%2Fv2%2Fmedia&parent=45239"}],"wp:term":[{"taxonomy":"category","embeddable":true,"href":"https:\/\/aconteceunovale.com.br\/portal\/index.php?rest_route=%2Fwp%2Fv2%2Fcategories&post=45239"},{"taxonomy":"post_tag","embeddable":true,"href":"https:\/\/aconteceunovale.com.br\/portal\/index.php?rest_route=%2Fwp%2Fv2%2Ftags&post=45239"}],"curies":[{"name":"wp","href":"https:\/\/api.w.org\/{rel}","templated":true}]}}