{"id":45237,"date":"2014-11-13T21:34:42","date_gmt":"2014-11-14T00:34:42","guid":{"rendered":"http:\/\/aconteceunovale.com.br\/portal\/?p=45237"},"modified":"2014-11-13T21:34:42","modified_gmt":"2014-11-14T00:34:42","slug":"cubanos-do-programa-mais-medicos-abandonam-postos-de-saude-em-montes-claros","status":"publish","type":"post","link":"https:\/\/aconteceunovale.com.br\/portal\/?p=45237","title":{"rendered":"Cubanos do Programa Mais M\u00e9dicos abandonam postos de sa\u00fade em Montes Claros"},"content":{"rendered":"<h4><strong><em>Os profissionais do Programa &#8220;Mais M\u00e9dicos&#8221; deixaram a cidade sem dar explica\u00e7\u00f5es<\/em><\/strong><\/h4>\n<p>Dois m\u00e9dicos cubanos que atuam em postos do Programa de Sa\u00fade da Familia (PSF) em Montes Claros, dentro do Programa \u201cMais M\u00e9dicos\u201d, do Governo Federal, abandonaram o trabalho, na semana passada, sem deixar pistas. Eles deixaram os pacientes das unidades de sa\u00fade sem atendimento. De acordo com o secret\u00e1rio municipal de Sa\u00fade do Munic\u00edpio, colegas dos dois profissionais foram vistos em Belo Horizonte sexta-feira passada e teriam viajado para Miami (EUA).<\/p>\n<p>Conforme o secret\u00e1rio adjunto de Sa\u00fade de Montes Claros, Danilo Macedo Narciso, os dois m\u00e9dicos da ilha caribenha chegaram a cidade em 13 de mar\u00e7o deste ano, na segunda etapa do \u201cMais M\u00e9dicos\u201d. O m\u00e9dico Johan Gimenez passou a atuar numa unidade do Programa de Sa\u00fade da Familia no bairro Novo Delfino, na regi\u00e3o Noroeste da cidade, enquanto o colega dele, Frank Mesacabrera, ficou respons\u00e1vel pelo atendimento em um posto do PSF no bairro Jardim Ol\u00edmpico (perto do Novo Delfino).<\/p>\n<p>Os dois cubanos trabalhavam pela \u00faltima vez no dia 6, quinta-feira. Eles teriam o dia seguinte para estudos e deveriam voltar a atender na \u00faltima segunda-feira. Mas, n\u00e3o mais retornaram \u00e0s unidades de sa\u00fade. As informa\u00e7\u00f5es recebidas pela Secretaria Municipal de Sa\u00fade \u00e9 que eles foram vistos pela ultima vez, sexta-feira, 7 de novembro, em Belo Horizonte, onde teriam embarcado para Miami.<\/p>\n<p>O secret\u00e1rio adjunto Danilo Macedo Narciso informou que os dois postos do PSF ficaram sem atendimento nesta semana. Mas, a prefeitura, por conta pr\u00f3pria, providencia a contrata\u00e7\u00e3o de outros dois profissionais, para retomar as consultas na pr\u00f3xima semana. Narciso disse ainda que o munic\u00edpio fez a comunica\u00e7\u00e3o ao Minist\u00e9rio da Sa\u00fade sobre o \u201cdesaparecimento\u201d dos dois m\u00e9dicos cubanos, que, pelas regras do Programa Mais M\u00e9dicos, tem 48 horas para se apresentarem. Vencido esse prazo, eles ser\u00e3o considerados desistentes, sendo,automaticamente, desligados do programa.<\/p>\n<p>Em junho deste ano, outra profissional cubana do Mais M\u00e9dicos, Flora Olga Hernandez Fleitas, que trabalhava no munic\u00edpio de Catuti, de 5,2 mil habitantes, tamb\u00e9m no Norte de Minas, abandonou um programa, sem informar o seu destino. Poucos dias depois do desaparecimento de Flora Olga, foi divulgado que ela viajou para os Estados Unidos. As informa\u00e7\u00f5es s\u00e3o do <strong>Jornal Estado de Minas<\/strong>.<\/p>\n","protected":false},"excerpt":{"rendered":"<p>Os profissionais do Programa &#8220;Mais M\u00e9dicos&#8221; deixaram a cidade sem dar explica\u00e7\u00f5es Dois m\u00e9dicos cubanos que atuam em postos do Programa de Sa\u00fade da Familia (PSF) em Montes Claros, dentro do Programa \u201cMais M\u00e9dicos\u201d, do Governo Federal, abandonaram o trabalho, na semana passada, sem deixar pistas. Eles deixaram os pacientes das unidades de sa\u00fade sem [&hellip;]<\/p>\n","protected":false},"author":1,"featured_media":19256,"comment_status":"open","ping_status":"closed","sticky":false,"template":"","format":"standard","meta":{"amp_status":"","footnotes":""},"categories":[1236],"tags":[1800,22818,22815,8947,22817,22816,22814,22813,210,550],"class_list":["post-45237","post","type-post","status-publish","format-standard","has-post-thumbnail","hentry","category-norte_de_minas","tag-catuti","tag-cubanos-do-programa-mais-medicos-abandonam-postos-de-saude-em-montes-claros","tag-danilo-macedo-narciso","tag-flora-olga-hernandez-fleitas","tag-frank-mesacabrera","tag-johan-gimenez","tag-medicos-cubanos","tag-medicos-cubanos-abandonam-postos-de-saude-em-montes-claros","tag-montes-claros","tag-programa-mais-medicos"],"_links":{"self":[{"href":"https:\/\/aconteceunovale.com.br\/portal\/index.php?rest_route=\/wp\/v2\/posts\/45237","targetHints":{"allow":["GET"]}}],"collection":[{"href":"https:\/\/aconteceunovale.com.br\/portal\/index.php?rest_route=\/wp\/v2\/posts"}],"about":[{"href":"https:\/\/aconteceunovale.com.br\/portal\/index.php?rest_route=\/wp\/v2\/types\/post"}],"author":[{"embeddable":true,"href":"https:\/\/aconteceunovale.com.br\/portal\/index.php?rest_route=\/wp\/v2\/users\/1"}],"replies":[{"embeddable":true,"href":"https:\/\/aconteceunovale.com.br\/portal\/index.php?rest_route=%2Fwp%2Fv2%2Fcomments&post=45237"}],"version-history":[{"count":0,"href":"https:\/\/aconteceunovale.com.br\/portal\/index.php?rest_route=\/wp\/v2\/posts\/45237\/revisions"}],"wp:featuredmedia":[{"embeddable":true,"href":"https:\/\/aconteceunovale.com.br\/portal\/index.php?rest_route=\/wp\/v2\/media\/19256"}],"wp:attachment":[{"href":"https:\/\/aconteceunovale.com.br\/portal\/index.php?rest_route=%2Fwp%2Fv2%2Fmedia&parent=45237"}],"wp:term":[{"taxonomy":"category","embeddable":true,"href":"https:\/\/aconteceunovale.com.br\/portal\/index.php?rest_route=%2Fwp%2Fv2%2Fcategories&post=45237"},{"taxonomy":"post_tag","embeddable":true,"href":"https:\/\/aconteceunovale.com.br\/portal\/index.php?rest_route=%2Fwp%2Fv2%2Ftags&post=45237"}],"curies":[{"name":"wp","href":"https:\/\/api.w.org\/{rel}","templated":true}]}}