{"id":45232,"date":"2014-11-13T21:10:55","date_gmt":"2014-11-14T00:10:55","guid":{"rendered":"http:\/\/aconteceunovale.com.br\/portal\/?p=45232"},"modified":"2014-11-13T21:10:55","modified_gmt":"2014-11-14T00:10:55","slug":"estado-devera-fornecer-suplemento-para-tratamento-de-criancas-com-fenilcetonuria-na-regiao-de-caratinga","status":"publish","type":"post","link":"https:\/\/aconteceunovale.com.br\/portal\/?p=45232","title":{"rendered":"Estado dever\u00e1 fornecer suplemento para tratamento de crian\u00e7as com fenilceton\u00faria na regi\u00e3o de Caratinga"},"content":{"rendered":"<h4><strong><em>Crian\u00e7as com fenilceton\u00faria devem imediatamente receber do estado o suplemento cujo fornecimento pelo SUS havia sido suspenso<\/em><\/strong><\/h4>\n<p>A Promotoria de Defesa da Sa\u00fade de Caratinga obteve antecipa\u00e7\u00e3o de tutela em A\u00e7\u00e3o Civil P\u00fablica que estabelece prazo de cinco dias para a Secretaria de Estado de Sa\u00fade de Minas Gerais fornecer, na quantidade necess\u00e1ria, suplemento alimentar sem a subst\u00e2ncia fenilalanina, pr\u00f3prio para o tratamento da fenilceton\u00faria, sob pena de multa di\u00e1ria de R$ 2 mil, caso a medida seja desrespeitada.<\/p>\n<p>A pedido do Minist\u00e9rio P\u00fablico de Minas Gerais (MPMG), a decis\u00e3o atende imediatamente a uma crian\u00e7a de seis e a outra de sete anos e estende o benef\u00edcio a todas aquelas portadoras de fenilceton\u00faria na microrregi\u00e3o de sa\u00fade de Caratinga.<\/p>\n<p>A fenilceton\u00faria, diagnosticada por meio do teste do pezinho, \u00e9 uma doen\u00e7a decorrente da falta ou da diminui\u00e7\u00e3o de uma enzima \u2013 a fenilalanina hidroxilase \u2013 que transforma a fenilalanina em tirosina, dois amino\u00e1cidos presentes nos alimentos que cont\u00eam prote\u00ednas como leite, queijos, carnes, ovos e leguminosas como o feij\u00e3o.<\/p>\n<p>O suplemento \u00e9 caro e a fenilceton\u00faria causa \u00e0s crian\u00e7as danos neurol\u00f3gicos irrepar\u00e1veis ou de dif\u00edcil repara\u00e7\u00e3o, como retardo mental ou da fala, microcefalia, convuls\u00f5es, dist\u00farbios de comportamento e irritabilidade.<\/p>\n<p>O Profenil, que estava sendo fornecido at\u00e9 junho deste ano, teve a distribui\u00e7\u00e3o suspensa, por determina\u00e7\u00e3o da Anvisa (Ag\u00eancia Nacional de Vigil\u00e2ncia Sanit\u00e1ria).<\/p>\n<p>O estado autorizou a compra emergencial de suplemento alimentar de outra marca e, no m\u00eas de outubro, forneceu apenas uma lata para cada crian\u00e7a, mas as m\u00e3es alegam serem necess\u00e1rias, no m\u00ednimo, tr\u00eas latas por m\u00eas.<\/p>\n<p>Al\u00e9m disso, o novo suplemento \u00e9 inadequado para essas duas crian\u00e7as, pois \u00e9 indicado para beb\u00eas com menos de um ano de idade.<\/p>\n<p>O promotor de Justi\u00e7a Maicson Borges Pereira Inoc\u00eancio de Paula destaca na a\u00e7\u00e3o que o tratamento da doen\u00e7a, al\u00e9m de caro, resulta numa dieta mon\u00f3tona e com sabor nada agrad\u00e1vel para crian\u00e7as, sendo necess\u00e1rio o uso de suplemento alimentar diet\u00e9tico e sem fenilalanina. \u201cOs menores de idade portadores de fenilceton\u00faria necessitam de tratamento regular e constante por toda a vida, devendo usar mistura de amino\u00e1cidos enriquecida com vitaminas e minerais e sem fenilalanina, porquanto somente assim se obt\u00e9m o sucesso terap\u00eautico. <\/p>\n<p>A irregularidade no fornecimento do complemento em voga compromete, sobremaneira, a sa\u00fade dos menores de idade, devendo o Estado executar, imediatamente, a pol\u00edtica farmac\u00eautica prevista para a doen\u00e7a, nos termos do Protocolo Cl\u00ednico de Diretrizes Terap\u00eauticas da fenilceton\u00faria, estabelecido pela Portaria MS n\u00ba 1307\/2013, e da Rename (Rela\u00e7\u00e3o Nacional de Medicamentos)\u201d, explica o promotor.<\/p>\n<p>J\u00e1 o juiz Consuelo Silveira Neto, que concedeu a tutela antecipada, ressalta que \u201cn\u00e3o pode o estado fechar os olhos para seus cidad\u00e3os e se limitar a burocratizar o acesso amplo ao atendimento das necessidades basilares dos contribuintes, alijando de parcela da sociedade os direitos de uma vida em que o princ\u00edpio da dignidade humana fica relativizado\u201d. As informa\u00e7\u00f5es s\u00e3o do <strong>Minist\u00e9rio P\u00fablico do Estado de Minas Gerais<\/strong>.<\/p>\n","protected":false},"excerpt":{"rendered":"<p>Crian\u00e7as com fenilceton\u00faria devem imediatamente receber do estado o suplemento cujo fornecimento pelo SUS havia sido suspenso A Promotoria de Defesa da Sa\u00fade de Caratinga obteve antecipa\u00e7\u00e3o de tutela em A\u00e7\u00e3o Civil P\u00fablica que estabelece prazo de cinco dias para a Secretaria de Estado de Sa\u00fade de Minas Gerais fornecer, na quantidade necess\u00e1ria, suplemento alimentar [&hellip;]<\/p>\n","protected":false},"author":1,"featured_media":26025,"comment_status":"open","ping_status":"closed","sticky":false,"template":"","format":"standard","meta":{"amp_status":"","footnotes":""},"categories":[121],"tags":[237,22803,22801,22805,22804,22802,22807,22806],"class_list":["post-45232","post","type-post","status-publish","format-standard","has-post-thumbnail","hentry","category-leste","tag-caratinga","tag-decisao-garante-suplemento-alimentar-para-tratamento-de-criancas-da-regiao-de-caratinga","tag-estado-devera-fornecer-suplemento-para-tratamento-de-criancas-com-fenilcetonuria-na-regiao-de-caratinga","tag-fenilalanina","tag-fenilalanina-hidroxilase","tag-fenilcetonuria","tag-profenil","tag-tirosina"],"_links":{"self":[{"href":"https:\/\/aconteceunovale.com.br\/portal\/index.php?rest_route=\/wp\/v2\/posts\/45232","targetHints":{"allow":["GET"]}}],"collection":[{"href":"https:\/\/aconteceunovale.com.br\/portal\/index.php?rest_route=\/wp\/v2\/posts"}],"about":[{"href":"https:\/\/aconteceunovale.com.br\/portal\/index.php?rest_route=\/wp\/v2\/types\/post"}],"author":[{"embeddable":true,"href":"https:\/\/aconteceunovale.com.br\/portal\/index.php?rest_route=\/wp\/v2\/users\/1"}],"replies":[{"embeddable":true,"href":"https:\/\/aconteceunovale.com.br\/portal\/index.php?rest_route=%2Fwp%2Fv2%2Fcomments&post=45232"}],"version-history":[{"count":0,"href":"https:\/\/aconteceunovale.com.br\/portal\/index.php?rest_route=\/wp\/v2\/posts\/45232\/revisions"}],"wp:featuredmedia":[{"embeddable":true,"href":"https:\/\/aconteceunovale.com.br\/portal\/index.php?rest_route=\/wp\/v2\/media\/26025"}],"wp:attachment":[{"href":"https:\/\/aconteceunovale.com.br\/portal\/index.php?rest_route=%2Fwp%2Fv2%2Fmedia&parent=45232"}],"wp:term":[{"taxonomy":"category","embeddable":true,"href":"https:\/\/aconteceunovale.com.br\/portal\/index.php?rest_route=%2Fwp%2Fv2%2Fcategories&post=45232"},{"taxonomy":"post_tag","embeddable":true,"href":"https:\/\/aconteceunovale.com.br\/portal\/index.php?rest_route=%2Fwp%2Fv2%2Ftags&post=45232"}],"curies":[{"name":"wp","href":"https:\/\/api.w.org\/{rel}","templated":true}]}}