{"id":45198,"date":"2014-11-13T11:13:12","date_gmt":"2014-11-13T14:13:12","guid":{"rendered":"http:\/\/aconteceunovale.com.br\/portal\/?p=45198"},"modified":"2014-11-13T11:13:12","modified_gmt":"2014-11-13T14:13:12","slug":"morre-aos-97-anos-o-poeta-manoel-de-barros","status":"publish","type":"post","link":"https:\/\/aconteceunovale.com.br\/portal\/?p=45198","title":{"rendered":"Morre, aos 97 anos, o poeta Manoel de Barros"},"content":{"rendered":"<p>O poeta Manoel de Barros morreu hoje (13), em Campo Grande (MS). Considerado um dos maiores autores da l\u00edngua portuguesa, ele estava internado desde o \u00faltimo dia 24, no Hospital Proncor, da capital sul-mato-grossense, devido a uma obstru\u00e7\u00e3o intestinal. Segundo a assessoria do hospital, o poeta faleceu \u00e0s 8h05, devido \u00e0 fal\u00eancia m\u00faltipla dos \u00f3rg\u00e3os.<\/p>\n<p>Conhecido pela linguagem coloquial \u2013 \u00e0 qual chamava de idioleto manoel\u00eas archaico &#8211; e por buscar inspira\u00e7\u00e3o nos temas mais simples e banais, Barros dizia ser poss\u00edvel resumir sua trajet\u00f3ria de vida em poucas linhas. \u201cNasci em Cuiab\u00e1 [\u00e0 \u00e9poca , 1916, dezembro. Me criei no Pantanal de Corumb\u00e1 [MS]. S\u00f3 dei trabalho e ang\u00fastias pra meus pais. Morei de mendigo e p\u00e1ria em todos os lugares da Bol\u00edvia e do Peru. Morei nos lugares mais decadentes por gosto de imitar os lagartos e as pedras. Publiquei dez livros at\u00e9 hoje. N\u00e3o acredito em nenhum. Me procurei a vida inteira e n\u00e3o me achei &#8211; pelo que fui salvo. Sou fazendeiro e criador de gado. N\u00e3o fui pra sarjeta porque herdei. Gosto de ler e de ouvir m\u00fasica &#8211; especialmente Brahms. Estou na categoria de sofrer do moral, porque s\u00f3 fa\u00e7o poesia&#8221;, escreveu o autor.<\/p>\n<p><img decoding=\"async\" src=\"http:\/\/aconteceunovale.com.br\/portal\/wp-content\/uploads\/2014\/11\/manoel_de_barros.jpg\" alt=\"\" \/><em>Poeta Manoel de Barros &#8211; Foto: Renata Caldas \/ Reprodu\u00e7\u00e3o<\/em><br \/>\n<\/br><\/p>\n<p>Barros come\u00e7ou a esbo\u00e7ar seus primeiros poemas aos 13 anos de idade. Seu primeiro livro, intitulado Poemas, foi publicado em 1937, quando o autor tinha 21 anos. Pouco afeito \u00e0 pol\u00edtica partid\u00e1ria, chegou a integrar o Partido Comunista Brasileiro, mas por pouco tempo. Desde a d\u00e9cada de 1950, conciliava a literatura com a gest\u00e3o da fazenda que herdou dos pais.<\/p>\n<p>Perfeccionista, conquistou os pr\u00eamios liter\u00e1rios Jabuti (1989 e 2002); Associa\u00e7\u00e3o Paulista de Cr\u00edticos de Arte (APCA) (2004); Nestl\u00e9 (1997 e 2006); Alfonso Guimar\u00e3es da Biblioteca Nacional (1996) e Nacional de Literatura, concedido pelo Minist\u00e9rio da Cultura ao conjunto de sua obra, em 1998. Em 2000, foi agraciado com o Pr\u00eamio Academia Brasileira de Letras, pelo livro Exerc\u00edcio de Ser Crian\u00e7a.<\/p>\n<p>Os governos de Mato Grosso \u2013 onde o poeta nasceu, e do Mato Grosso do Sul \u2013 onde Barros vivia, decretaram luto oficial de tr\u00eas dias. Em nota, o governador sul-mato-grossense, Andr\u00e9 Puccinelli, diz que a obra de Barros divulgou as belezas e as potencialidades do estado, \u201cenriquecendo assim, a hist\u00f3ria da literatura e a cultura do local que ele escolheu para viver ao lado de sua esposa\u201d<\/p>\n<p>Barros costumava brincar com a import\u00e2ncia da poesia: \u201cSempre que desejo contar alguma coisa, n\u00e3o fa\u00e7o nada; mas se n\u00e3o desejo contar nada, fa\u00e7o poesia\u201d. Trechos de seus poemas s\u00e3o frequentemente citados pela perspic\u00e1cia e bom humor. Desde que foi internado, dois versos, em particular, est\u00e3o sendo bastante citados na m\u00eddia e em redes sociais: \u201cN\u00e3o preciso do fim para chegar\u201d e \u201cDo lugar onde estou j\u00e1 fui embora\u201d, ambos da obra Livro Sobre Nada, de 1996. As informa\u00e7\u00f5es s\u00e3o da <strong>Ag\u00eancia Brasil<\/strong>.<\/p>\n","protected":false},"excerpt":{"rendered":"<p>O poeta Manoel de Barros morreu hoje (13), em Campo Grande (MS). Considerado um dos maiores autores da l\u00edngua portuguesa, ele estava internado desde o \u00faltimo dia 24, no Hospital Proncor, da capital sul-mato-grossense, devido a uma obstru\u00e7\u00e3o intestinal. Segundo a assessoria do hospital, o poeta faleceu \u00e0s 8h05, devido \u00e0 fal\u00eancia m\u00faltipla dos \u00f3rg\u00e3os. [&hellip;]<\/p>\n","protected":false},"author":1,"featured_media":45199,"comment_status":"open","ping_status":"closed","sticky":false,"template":"","format":"standard","meta":{"amp_status":"","footnotes":""},"categories":[6],"tags":[22777,22779,22780,22776,22775,22781,22778],"class_list":["post-45198","post","type-post","status-publish","format-standard","has-post-thumbnail","hentry","category-br","tag-campo-grande","tag-cultura","tag-literatura","tag-manoel-de-barros","tag-morre-o-poeta-manoel-de-barros","tag-poesia","tag-poeta-manoel-de-barros"],"_links":{"self":[{"href":"https:\/\/aconteceunovale.com.br\/portal\/index.php?rest_route=\/wp\/v2\/posts\/45198","targetHints":{"allow":["GET"]}}],"collection":[{"href":"https:\/\/aconteceunovale.com.br\/portal\/index.php?rest_route=\/wp\/v2\/posts"}],"about":[{"href":"https:\/\/aconteceunovale.com.br\/portal\/index.php?rest_route=\/wp\/v2\/types\/post"}],"author":[{"embeddable":true,"href":"https:\/\/aconteceunovale.com.br\/portal\/index.php?rest_route=\/wp\/v2\/users\/1"}],"replies":[{"embeddable":true,"href":"https:\/\/aconteceunovale.com.br\/portal\/index.php?rest_route=%2Fwp%2Fv2%2Fcomments&post=45198"}],"version-history":[{"count":0,"href":"https:\/\/aconteceunovale.com.br\/portal\/index.php?rest_route=\/wp\/v2\/posts\/45198\/revisions"}],"wp:featuredmedia":[{"embeddable":true,"href":"https:\/\/aconteceunovale.com.br\/portal\/index.php?rest_route=\/wp\/v2\/media\/45199"}],"wp:attachment":[{"href":"https:\/\/aconteceunovale.com.br\/portal\/index.php?rest_route=%2Fwp%2Fv2%2Fmedia&parent=45198"}],"wp:term":[{"taxonomy":"category","embeddable":true,"href":"https:\/\/aconteceunovale.com.br\/portal\/index.php?rest_route=%2Fwp%2Fv2%2Fcategories&post=45198"},{"taxonomy":"post_tag","embeddable":true,"href":"https:\/\/aconteceunovale.com.br\/portal\/index.php?rest_route=%2Fwp%2Fv2%2Ftags&post=45198"}],"curies":[{"name":"wp","href":"https:\/\/api.w.org\/{rel}","templated":true}]}}