{"id":45190,"date":"2014-11-13T10:51:21","date_gmt":"2014-11-13T13:51:21","guid":{"rendered":"http:\/\/aconteceunovale.com.br\/portal\/?p=45190"},"modified":"2014-11-13T10:52:52","modified_gmt":"2014-11-13T13:52:52","slug":"carreta-invade-a-contramao-e-mata-dois-moradores-de-ipatinga-em-acidente-na-br-381","status":"publish","type":"post","link":"https:\/\/aconteceunovale.com.br\/portal\/?p=45190","title":{"rendered":"Carreta invade a contram\u00e3o e mata dois moradores de Ipatinga em acidente na BR-381"},"content":{"rendered":"<h4><strong><em>Testemunhas relataram que a carreta invadiu a contram\u00e3o. Um motociclista e o motorista de um carro de passeio morreram no acidente.<\/em><\/strong><\/h4>\n<div id=\"fb-root\"><\/div>\n<p>\t\t\t\t<script>(function(d, s, id) {\n\t\t\t\t  var js, fjs = d.getElementsByTagName(s)[0];\n\t\t\t\t  if (d.getElementById(id)) return;\n\t\t\t\t  js = d.createElement(s); js.id = id;\n\t\t\t\t  js.src = \"\/\/connect.facebook.net\/pt_BR\/sdk.js#xfbml=1&appId=691575364226355&version=v2.0\";\n\t\t\t\t  fjs.parentNode.insertBefore(js, fjs);\n\t\t\t\t}(document, 'script', 'facebook-jssdk'));<\/script><\/p>\n<div class=\"fb-like\" data-href=\"https:\/\/www.facebook.com\/aconteceunovale\" data-layout=\"button_count\" data-action=\"like\" data-show-faces=\"true\" data-share=\"true\"><\/div>\n<p><\/br><\/p>\n<p>Duas pessoas morreram em um grav\u00edssimo acidente envolvendo uma carreta, um carro e uma motocicleta na noite dessa quarta-feira, 12 de novembro, na altura do quil\u00f4metro 280 da BR-381, em Ant\u00f4nio Dias, no Leste de Minas Gerais. <\/p>\n<p>As causas do acidente ainda s\u00e3o apuradas, mas de acordo com a Pol\u00edcia Rodovi\u00e1ria Federal, testemunhas relataram que uma carreta que trafegava no sentido Belo Horizonte invadiu a contram\u00e3o. O ve\u00edculo de carga fez um L na pista e fechou a passagem do Ford Fiesta, placas HMT-9793, de Ipatinga\/MG. Um motociclista tamb\u00e9m n\u00e3o conseguiu parar e se envolveu no acidente.<\/p>\n<p>Com o impacto da batida, o condutor do ve\u00edculo de passeio, Bruno Orlando de Almeida Santos, de 31 anos, e o motociclista Rallyson Ferreira Valadares, de 27, ambos moradores de Ipatinga, n\u00e3o resistiram aos graves ferimentos e vieram a \u00f3bito. Os corpos foram encaminhados para o Instituto M\u00e9dico Legal de Ipatinga.<\/p>\n<p>Bruno Orlando era engenheiro metal\u00fargico e residia no bairro Ideal em Ipatinga. Ele era casado e deixa uma filha de um ano e meio. J\u00e1 o motociclista era funcion\u00e1rio da Enesa Engenharia e prestava servi\u00e7o para a mineradora Vale na Mina Concei\u00e7\u00e3o, em Itabira. Ele morava no bairro Vila Celeste. Rallyson era casado e pai de uma garota de oito anos e um garotinho de apenas um ano de idade.<\/p>\n<p><img decoding=\"async\" src=\"http:\/\/aconteceunovale.com.br\/portal\/wp-content\/uploads\/2014\/11\/acidente_381_ad.jpg\" alt=\"\" \/><em>Bruno Orlando de Almeida Santos, de 31 anos, e Rallyson Ferreira Valadares, de 27, n\u00e3o resistiram aos ferimentos e viera a \u00f3bito &#8211; Foto: Reprodu\u00e7\u00e3o<\/em><\/p>\n","protected":false},"excerpt":{"rendered":"<p>Testemunhas relataram que a carreta invadiu a contram\u00e3o. Um motociclista e o motorista de um carro de passeio morreram no acidente. Duas pessoas morreram em um grav\u00edssimo acidente envolvendo uma carreta, um carro e uma motocicleta na noite dessa quarta-feira, 12 de novembro, na altura do quil\u00f4metro 280 da BR-381, em Ant\u00f4nio Dias, no Leste [&hellip;]<\/p>\n","protected":false},"author":1,"featured_media":45191,"comment_status":"open","ping_status":"closed","sticky":false,"template":"","format":"standard","meta":{"amp_status":"","footnotes":""},"categories":[121],"tags":[22737,22738,22739,22740,22746,22745,22743,22742,22744,1740,22735,22736,22749,1018,22747,201,202,22748,22741],"class_list":["post-45190","post","type-post","status-publish","format-standard","has-post-thumbnail","hentry","category-leste","tag-acidente-com-bruno-orlando-de-almeida-santos","tag-acidente-com-bruno-santos","tag-acidente-com-engenheiro-bruno-santos","tag-acidente-com-funcionario-da-enesa-engenharia","tag-acidente-com-ipatinguenses-em-antonio-dias","tag-acidente-com-ipatinguenses-na-br-381","tag-acidente-com-rallyson-ferreira","tag-acidente-com-rallyson-ferreira-valadares","tag-acidente-em-antonio-dias","tag-antonio-dias","tag-bruno-orlando-de-almeida-santos","tag-bruno-santos","tag-carreta-invade-a-contramao-e-mata-dois-moradores-de-ipatinga-em-acidente-na-br-381","tag-destaque","tag-enesa-engenharia","tag-ipatinga","tag-itabira","tag-mina-conceicao","tag-rallyson-ferreira-valadares"],"_links":{"self":[{"href":"https:\/\/aconteceunovale.com.br\/portal\/index.php?rest_route=\/wp\/v2\/posts\/45190","targetHints":{"allow":["GET"]}}],"collection":[{"href":"https:\/\/aconteceunovale.com.br\/portal\/index.php?rest_route=\/wp\/v2\/posts"}],"about":[{"href":"https:\/\/aconteceunovale.com.br\/portal\/index.php?rest_route=\/wp\/v2\/types\/post"}],"author":[{"embeddable":true,"href":"https:\/\/aconteceunovale.com.br\/portal\/index.php?rest_route=\/wp\/v2\/users\/1"}],"replies":[{"embeddable":true,"href":"https:\/\/aconteceunovale.com.br\/portal\/index.php?rest_route=%2Fwp%2Fv2%2Fcomments&post=45190"}],"version-history":[{"count":0,"href":"https:\/\/aconteceunovale.com.br\/portal\/index.php?rest_route=\/wp\/v2\/posts\/45190\/revisions"}],"wp:featuredmedia":[{"embeddable":true,"href":"https:\/\/aconteceunovale.com.br\/portal\/index.php?rest_route=\/wp\/v2\/media\/45191"}],"wp:attachment":[{"href":"https:\/\/aconteceunovale.com.br\/portal\/index.php?rest_route=%2Fwp%2Fv2%2Fmedia&parent=45190"}],"wp:term":[{"taxonomy":"category","embeddable":true,"href":"https:\/\/aconteceunovale.com.br\/portal\/index.php?rest_route=%2Fwp%2Fv2%2Fcategories&post=45190"},{"taxonomy":"post_tag","embeddable":true,"href":"https:\/\/aconteceunovale.com.br\/portal\/index.php?rest_route=%2Fwp%2Fv2%2Ftags&post=45190"}],"curies":[{"name":"wp","href":"https:\/\/api.w.org\/{rel}","templated":true}]}}