{"id":45185,"date":"2014-11-13T10:10:58","date_gmt":"2014-11-13T13:10:58","guid":{"rendered":"http:\/\/aconteceunovale.com.br\/portal\/?p=45185"},"modified":"2014-11-16T10:15:09","modified_gmt":"2014-11-16T13:15:09","slug":"policia-militar-prende-suspeitos-de-furto-em-supermercado-de-conceicao-do-mato-dentro","status":"publish","type":"post","link":"https:\/\/aconteceunovale.com.br\/portal\/?p=45185","title":{"rendered":"Pol\u00edcia Militar prende suspeitos de furto em supermercado de Concei\u00e7\u00e3o do Mato Dentro"},"content":{"rendered":"<div id=\"fb-root\"><\/div>\n<p>\t\t\t\t<script>(function(d, s, id) {\n\t\t\t\t  var js, fjs = d.getElementsByTagName(s)[0];\n\t\t\t\t  if (d.getElementById(id)) return;\n\t\t\t\t  js = d.createElement(s); js.id = id;\n\t\t\t\t  js.src = \"\/\/connect.facebook.net\/pt_BR\/sdk.js#xfbml=1&appId=691575364226355&version=v2.0\";\n\t\t\t\t  fjs.parentNode.insertBefore(js, fjs);\n\t\t\t\t}(document, 'script', 'facebook-jssdk'));<\/script><\/p>\n<div class=\"fb-like\" data-href=\"https:\/\/www.facebook.com\/aconteceunovale\" data-layout=\"button_count\" data-action=\"like\" data-show-faces=\"true\" data-share=\"true\"><\/div>\n<p><\/br><\/p>\n<p>A Pol\u00edcia Militar prendeu nessa quarta-feira, 12 de novembro, dois homens suspeitos de furto\/arrombamento ao Supermercado da Band, em Concei\u00e7\u00e3o do Mato Dentro. T\u00e3o logo foram informados do crime, os policiais come\u00e7aram um intenso rastreamento e conseguiram prender os suspeitos. Um \u201cp\u00e9 de cabra\u201d foi apreendido e R$ 1.300,00 recuperados.<\/p>\n<p>A equipe de militares composta pelo 3\u00ba sargento Silva, cabo Marco Ant\u00f4nio e soldado Felipe Campos recebeu a den\u00fancia por volta das 2 horas da manh\u00e3. De imediato eles se deslocaram para o endere\u00e7o. O rastreamento terminou por volta das 6 horas, com a pris\u00e3o dos autores.<\/p>\n<p>Os homens foram abordados nos bairros Vila S\u00e3o Francisco e Bandeirinhas. Segundo a pol\u00edcia, a ferramenta apreendida foi usada para arrombar o estabelecimento comercial. \u201cDesta vez a sociedade n\u00e3o ficou sem uma resposta positiva diante dos diversos furtos ocorridos em nossa cidade\u201d, disse o sargento Silva.<\/p>\n<p><img decoding=\"async\" src=\"http:\/\/aconteceunovale.com.br\/portal\/wp-content\/uploads\/2014\/11\/roubo_cmd_1.jpg\" alt=\"\" \/><em>Suspeitos foram presos no mesmo dia &#8211; Foto: Divulga\u00e7\u00e3o\/PMMG<\/em><br \/>\n<\/br><\/p>\n<p><img decoding=\"async\" src=\"http:\/\/aconteceunovale.com.br\/portal\/wp-content\/uploads\/2014\/11\/roubo_cmd_2.jpg\" alt=\"\" \/><em>Militares que participaram da a\u00e7\u00e3o &#8211; Foto: Divulga\u00e7\u00e3o\/PMMG<\/em><br \/>\n<\/br><\/p>\n<p><img decoding=\"async\" src=\"http:\/\/aconteceunovale.com.br\/portal\/wp-content\/uploads\/2014\/11\/roubo_cmd_3.jpg\" alt=\"\" \/><em>Pol\u00edcia recuperou o dinheiro furtado do supermercado &#8211; Foto: Divulga\u00e7\u00e3o\/PMMG<\/em><\/p>\n","protected":false},"excerpt":{"rendered":"<p>A Pol\u00edcia Militar prendeu nessa quarta-feira, 12 de novembro, dois homens suspeitos de furto\/arrombamento ao Supermercado da Band, em Concei\u00e7\u00e3o do Mato Dentro. T\u00e3o logo foram informados do crime, os policiais come\u00e7aram um intenso rastreamento e conseguiram prender os suspeitos. Um \u201cp\u00e9 de cabra\u201d foi apreendido e R$ 1.300,00 recuperados. A equipe de militares composta [&hellip;]<\/p>\n","protected":false},"author":1,"featured_media":45186,"comment_status":"open","ping_status":"closed","sticky":false,"template":"","format":"standard","meta":{"amp_status":"","footnotes":""},"categories":[123],"tags":[22733,628,22734,22732],"class_list":["post-45185","post","type-post","status-publish","format-standard","has-post-thumbnail","hentry","category-gerais","tag-assalto-no-supermercado-da-band","tag-conceicao-do-mato-dentro","tag-policia-militar-prende-suspeitos-de-furto-em-supermercado-de-conceicao-do-mato-dentro","tag-supermercado-da-band"],"_links":{"self":[{"href":"https:\/\/aconteceunovale.com.br\/portal\/index.php?rest_route=\/wp\/v2\/posts\/45185","targetHints":{"allow":["GET"]}}],"collection":[{"href":"https:\/\/aconteceunovale.com.br\/portal\/index.php?rest_route=\/wp\/v2\/posts"}],"about":[{"href":"https:\/\/aconteceunovale.com.br\/portal\/index.php?rest_route=\/wp\/v2\/types\/post"}],"author":[{"embeddable":true,"href":"https:\/\/aconteceunovale.com.br\/portal\/index.php?rest_route=\/wp\/v2\/users\/1"}],"replies":[{"embeddable":true,"href":"https:\/\/aconteceunovale.com.br\/portal\/index.php?rest_route=%2Fwp%2Fv2%2Fcomments&post=45185"}],"version-history":[{"count":0,"href":"https:\/\/aconteceunovale.com.br\/portal\/index.php?rest_route=\/wp\/v2\/posts\/45185\/revisions"}],"wp:featuredmedia":[{"embeddable":true,"href":"https:\/\/aconteceunovale.com.br\/portal\/index.php?rest_route=\/wp\/v2\/media\/45186"}],"wp:attachment":[{"href":"https:\/\/aconteceunovale.com.br\/portal\/index.php?rest_route=%2Fwp%2Fv2%2Fmedia&parent=45185"}],"wp:term":[{"taxonomy":"category","embeddable":true,"href":"https:\/\/aconteceunovale.com.br\/portal\/index.php?rest_route=%2Fwp%2Fv2%2Fcategories&post=45185"},{"taxonomy":"post_tag","embeddable":true,"href":"https:\/\/aconteceunovale.com.br\/portal\/index.php?rest_route=%2Fwp%2Fv2%2Ftags&post=45185"}],"curies":[{"name":"wp","href":"https:\/\/api.w.org\/{rel}","templated":true}]}}