{"id":45178,"date":"2014-11-13T09:47:56","date_gmt":"2014-11-13T12:47:56","guid":{"rendered":"http:\/\/aconteceunovale.com.br\/portal\/?p=45178"},"modified":"2014-11-13T09:47:56","modified_gmt":"2014-11-13T12:47:56","slug":"januaria-recebe-o-projeto-parceria-pela-vida","status":"publish","type":"post","link":"https:\/\/aconteceunovale.com.br\/portal\/?p=45178","title":{"rendered":"Janu\u00e1ria recebe o projeto Parceria pela Vida"},"content":{"rendered":"<h4><strong><em>O ciclo de reuni\u00f5es p\u00fablicas est\u00e1 sendo realizado pelo Samu no Norte de Minas com objetivo de orientar a popula\u00e7\u00e3o para melhor utilizar o servi\u00e7o<\/em><\/strong><\/h4>\n<div id=\"fb-root\"><\/div>\n<p>\t\t\t\t<script>(function(d, s, id) {\n\t\t\t\t  var js, fjs = d.getElementsByTagName(s)[0];\n\t\t\t\t  if (d.getElementById(id)) return;\n\t\t\t\t  js = d.createElement(s); js.id = id;\n\t\t\t\t  js.src = \"\/\/connect.facebook.net\/pt_BR\/sdk.js#xfbml=1&appId=691575364226355&version=v2.0\";\n\t\t\t\t  fjs.parentNode.insertBefore(js, fjs);\n\t\t\t\t}(document, 'script', 'facebook-jssdk'));<\/script><\/p>\n<div class=\"fb-like\" data-href=\"https:\/\/www.facebook.com\/aconteceunovale\" data-layout=\"button_count\" data-action=\"like\" data-show-faces=\"true\" data-share=\"true\"><\/div>\n<p><\/br><\/p>\n<p>Nesta sexta-feira, 14\/11, o Servi\u00e7o de Atendimento M\u00f3vel de Urg\u00eancia do Norte de Minas (Samu Macro Norte) promove mais uma reuni\u00e3o p\u00fablica, com objetivo de promover um esfor\u00e7o de comunica\u00e7\u00e3o de car\u00e1ter educativo e social para que a popula\u00e7\u00e3o seja orientada em rela\u00e7\u00e3o \u00e0 melhor utiliza\u00e7\u00e3o do servi\u00e7o.<\/p>\n<p>Com o tema \u201cParceria pela Vida: O Samu mais perto de voc\u00ea\u201d, a reuni\u00e3o ser\u00e1 realizada \u00e0s 9h, no audit\u00f3rio do campus da Unimontes, em Janu\u00e1ria, e conta com a participa\u00e7\u00e3o de prefeitos e demais representantes dos 10 munic\u00edpios que comp\u00f5em as regi\u00f5es de sa\u00fade Janu\u00e1ria e Manga.<\/p>\n<p>A microrregi\u00e3o possui sete bases descentralizadas do Samu, sendo seis b\u00e1sicas e uma avan\u00e7ada para atender \u00e0 popula\u00e7\u00e3o de 172.708 habitantes. O Samu recebe mensalmente uma m\u00e9dia de 648 chamados para atendimento na regi\u00e3o, sendo 74% na \u00e1rea urbana e 26% na zona rural.<\/p>\n<p>Durante o encontro, ser\u00e3o apresentados os dados estat\u00edsticos dos atendimentos do Samu na microrregi\u00e3o; orienta\u00e7\u00f5es sobre a ado\u00e7\u00e3o de comportamento seguro para evitar acidentes ou situa\u00e7\u00f5es que coloquem a vida em risco; as situa\u00e7\u00f5es em que o Samu deve ser acionado pelo n\u00famero 192; e apresenta\u00e7\u00e3o dos avan\u00e7os alcan\u00e7ados pelo servi\u00e7o nos \u00faltimos cinco anos. <\/p>\n<p>No mesmo dia, o N\u00facleo de Educa\u00e7\u00e3o Permanente do Samu realizar\u00e1 um curso de atualiza\u00e7\u00e3o em urg\u00eancia e emerg\u00eancia para os socorristas e profissionais dos hospitais e centros de sa\u00fade dos munic\u00edpios envolvidos no encontro.<\/p>\n<p><img decoding=\"async\" src=\"http:\/\/aconteceunovale.com.br\/portal\/wp-content\/uploads\/2014\/11\/parceria_pela_vida_januaria.jpg\" alt=\"\" \/><\/p>\n","protected":false},"excerpt":{"rendered":"<p>O ciclo de reuni\u00f5es p\u00fablicas est\u00e1 sendo realizado pelo Samu no Norte de Minas com objetivo de orientar a popula\u00e7\u00e3o para melhor utilizar o servi\u00e7o Nesta sexta-feira, 14\/11, o Servi\u00e7o de Atendimento M\u00f3vel de Urg\u00eancia do Norte de Minas (Samu Macro Norte) promove mais uma reuni\u00e3o p\u00fablica, com objetivo de promover um esfor\u00e7o de comunica\u00e7\u00e3o [&hellip;]<\/p>\n","protected":false},"author":1,"featured_media":45179,"comment_status":"open","ping_status":"closed","sticky":false,"template":"","format":"standard","meta":{"amp_status":"","footnotes":""},"categories":[125],"tags":[205,22728,1356,21819,13731,21139,4040],"class_list":["post-45178","post","type-post","status-publish","format-standard","has-post-thumbnail","hentry","category-noticias","tag-januaria","tag-januaria-recebe-o-projeto-parceria-pela-vida","tag-manga","tag-parceria-pela-vida","tag-samu","tag-samu-do-norte-de-minas","tag-samu-macro-norte"],"_links":{"self":[{"href":"https:\/\/aconteceunovale.com.br\/portal\/index.php?rest_route=\/wp\/v2\/posts\/45178","targetHints":{"allow":["GET"]}}],"collection":[{"href":"https:\/\/aconteceunovale.com.br\/portal\/index.php?rest_route=\/wp\/v2\/posts"}],"about":[{"href":"https:\/\/aconteceunovale.com.br\/portal\/index.php?rest_route=\/wp\/v2\/types\/post"}],"author":[{"embeddable":true,"href":"https:\/\/aconteceunovale.com.br\/portal\/index.php?rest_route=\/wp\/v2\/users\/1"}],"replies":[{"embeddable":true,"href":"https:\/\/aconteceunovale.com.br\/portal\/index.php?rest_route=%2Fwp%2Fv2%2Fcomments&post=45178"}],"version-history":[{"count":0,"href":"https:\/\/aconteceunovale.com.br\/portal\/index.php?rest_route=\/wp\/v2\/posts\/45178\/revisions"}],"wp:featuredmedia":[{"embeddable":true,"href":"https:\/\/aconteceunovale.com.br\/portal\/index.php?rest_route=\/wp\/v2\/media\/45179"}],"wp:attachment":[{"href":"https:\/\/aconteceunovale.com.br\/portal\/index.php?rest_route=%2Fwp%2Fv2%2Fmedia&parent=45178"}],"wp:term":[{"taxonomy":"category","embeddable":true,"href":"https:\/\/aconteceunovale.com.br\/portal\/index.php?rest_route=%2Fwp%2Fv2%2Fcategories&post=45178"},{"taxonomy":"post_tag","embeddable":true,"href":"https:\/\/aconteceunovale.com.br\/portal\/index.php?rest_route=%2Fwp%2Fv2%2Ftags&post=45178"}],"curies":[{"name":"wp","href":"https:\/\/api.w.org\/{rel}","templated":true}]}}