{"id":45144,"date":"2014-11-12T19:51:48","date_gmt":"2014-11-12T22:51:48","guid":{"rendered":"http:\/\/aconteceunovale.com.br\/portal\/?p=45144"},"modified":"2014-11-12T19:51:48","modified_gmt":"2014-11-12T22:51:48","slug":"corte-eleitoral-mineira-reverte-cassacao-do-prefeito-de-vicosa","status":"publish","type":"post","link":"https:\/\/aconteceunovale.com.br\/portal\/?p=45144","title":{"rendered":"Corte Eleitoral mineira reverte cassa\u00e7\u00e3o do prefeito de Vi\u00e7osa"},"content":{"rendered":"<p>A Corte Eleitoral mineira reverteu, na sess\u00e3o desta quarta-feira (12), por quatro votos a tr\u00eas, a cassa\u00e7\u00e3o do prefeito de Vi\u00e7osa, \u00c2ngelo Chequer (PSDB), por abuso de poder econ\u00f4mico e pol\u00edtico. \u00c2ngelo Chequer foi eleito para o cargo de vice-prefeito nas Elei\u00e7\u00f5es 2012, tendo assumido a Prefeitura devido ao falecimento do prefeito reeleito Celito Francisco S\u00e1ri (PR), em setembro. Por esse motivo, as a\u00e7\u00f5es foram extintas em rela\u00e7\u00e3o a Celito. O relator do processo \u00e9 o juiz Maur\u00edcio Ferreira.<\/p>\n<p>[image src=&#8221;http:\/\/aconteceunovale.com.br\/portal\/wp-content\/uploads\/2014\/11\/prefeito_de_vicosa.jpg&#8221; width=&#8221;320&#8243; height=&#8221;450&#8243; lightbox=&#8221;yes&#8221; align=&#8221;left&#8221; float=&#8221;left&#8221;]A a\u00e7\u00e3o de impugna\u00e7\u00e3o de mandato eletivo foi apresentada pelo Partido do Movimento Democr\u00e1tico Brasileiro (PMDB), pelo Partido Social Democrata Crist\u00e3o (PSDC) e pelo Partido Democr\u00e1tico Trabalhista (PDT) e a a\u00e7\u00e3o de investiga\u00e7\u00e3o judicial eleitoral, pela Coliga\u00e7\u00e3o Majorit\u00e1ria Avan\u00e7ar Sempre Juntos, composta pelo PDT\/PMDB\/PTN\/DEM\/PSDC\/PTC\/PPL. Nas duas a\u00e7\u00f5es houve reconhecimento pela ju\u00edza eleitoral como il\u00edcitos eleitorais o asfaltamento de ruas no ano eleitoral, realiza\u00e7\u00e3o de obra em benef\u00edcio de apenas um determinado eleitor \u00e0s v\u00e9speras do pleito e utiliza\u00e7\u00e3o de artista contratado pelo munic\u00edpio em ato pol\u00edtico dos candidatos eleitos.<\/p>\n<p>No julgamento pelo TRE, as condutas de realiza\u00e7\u00e3o de obra em benef\u00edcio de apenas um determinado eleitor \u00e0s v\u00e9speras do pleito e utiliza\u00e7\u00e3o de artista contratado pelo munic\u00edpio em ato pol\u00edtico dos candidatos eleitos n\u00e3o foram consideradas como il\u00edcito eleitoral. J\u00e1 a vota\u00e7\u00e3o em rela\u00e7\u00e3o ao asfaltamento massivo ficou empatada, sendo objeto de voto de desempate pelo presidente do TRE, desembargador Geraldo Augusto.<\/p>\n<p>O desembargador Geraldo Augusto afirmou que \u201cn\u00e3o houve acr\u00e9scimo significativo na quantidade de ruas asfaltadas nos anos de 2011 e 2012\u201d em Vi\u00e7osa e que \u201co fato de o munic\u00edpio ter que arcar com a maior parte das despesas no ano de 2012 n\u00e3o torna o gasto il\u00edcito eleitoral\u201d. \u201cLogo, da prova dos autos n\u00e3o encontro elemento para afirmar que houve abuso de poder econ\u00f4mico, abuso de poder pol\u00edtico com reflexo econ\u00f4mico ou corrup\u00e7\u00e3o que respalde a proced\u00eancia do pedido formulado\u201d, disse o presidente, votando pelo afastamento das san\u00e7\u00f5es de cassa\u00e7\u00e3o e inelegibilidade.<\/p>\n<p>O julgamento dos recursos teve in\u00edcio na sess\u00e3o dessa ter\u00e7a-feira (11), durante a qual votaram pela revers\u00e3o da cassa\u00e7\u00e3o o relator, juiz Maur\u00edcio Ferreira, o juiz Paulo Rog\u00e9rio Abrantes e o desembargador Paulo C\u00e9zar Dias. Votaram pela manuten\u00e7\u00e3o da cassa\u00e7\u00e3o os ju\u00edzes Virg\u00edlio Barreto, Wladimir Rodrigues Dias e Maria Edna Veloso. As informa\u00e7\u00f5es s\u00e3o do <strong>Tribunal Regional Eleitoral de Minas Gerais<\/strong>.<\/p>\n","protected":false},"excerpt":{"rendered":"<p>A Corte Eleitoral mineira reverteu, na sess\u00e3o desta quarta-feira (12), por quatro votos a tr\u00eas, a cassa\u00e7\u00e3o do prefeito de Vi\u00e7osa, \u00c2ngelo Chequer (PSDB), por abuso de poder econ\u00f4mico e pol\u00edtico. \u00c2ngelo Chequer foi eleito para o cargo de vice-prefeito nas Elei\u00e7\u00f5es 2012, tendo assumido a Prefeitura devido ao falecimento do prefeito reeleito Celito Francisco [&hellip;]<\/p>\n","protected":false},"author":1,"featured_media":45145,"comment_status":"open","ping_status":"closed","sticky":false,"template":"","format":"standard","meta":{"amp_status":"","footnotes":""},"categories":[123],"tags":[22694,22692,22695,22691,20968,22693,7882,18771],"class_list":["post-45144","post","type-post","status-publish","format-standard","has-post-thumbnail","hentry","category-gerais","tag-angelo-chequer","tag-cassacao-do-prefeito-de-vicosa","tag-celito-francisco-sari","tag-corte-eleitoral-mineira-reverte-cassacao-do-prefeito-de-vicosa","tag-pr","tag-prefeito-de-vicosa","tag-psdb","tag-vicosa"],"_links":{"self":[{"href":"https:\/\/aconteceunovale.com.br\/portal\/index.php?rest_route=\/wp\/v2\/posts\/45144","targetHints":{"allow":["GET"]}}],"collection":[{"href":"https:\/\/aconteceunovale.com.br\/portal\/index.php?rest_route=\/wp\/v2\/posts"}],"about":[{"href":"https:\/\/aconteceunovale.com.br\/portal\/index.php?rest_route=\/wp\/v2\/types\/post"}],"author":[{"embeddable":true,"href":"https:\/\/aconteceunovale.com.br\/portal\/index.php?rest_route=\/wp\/v2\/users\/1"}],"replies":[{"embeddable":true,"href":"https:\/\/aconteceunovale.com.br\/portal\/index.php?rest_route=%2Fwp%2Fv2%2Fcomments&post=45144"}],"version-history":[{"count":0,"href":"https:\/\/aconteceunovale.com.br\/portal\/index.php?rest_route=\/wp\/v2\/posts\/45144\/revisions"}],"wp:featuredmedia":[{"embeddable":true,"href":"https:\/\/aconteceunovale.com.br\/portal\/index.php?rest_route=\/wp\/v2\/media\/45145"}],"wp:attachment":[{"href":"https:\/\/aconteceunovale.com.br\/portal\/index.php?rest_route=%2Fwp%2Fv2%2Fmedia&parent=45144"}],"wp:term":[{"taxonomy":"category","embeddable":true,"href":"https:\/\/aconteceunovale.com.br\/portal\/index.php?rest_route=%2Fwp%2Fv2%2Fcategories&post=45144"},{"taxonomy":"post_tag","embeddable":true,"href":"https:\/\/aconteceunovale.com.br\/portal\/index.php?rest_route=%2Fwp%2Fv2%2Ftags&post=45144"}],"curies":[{"name":"wp","href":"https:\/\/api.w.org\/{rel}","templated":true}]}}