{"id":45141,"date":"2014-11-12T19:31:45","date_gmt":"2014-11-12T22:31:45","guid":{"rendered":"http:\/\/aconteceunovale.com.br\/portal\/?p=45141"},"modified":"2014-11-12T19:31:45","modified_gmt":"2014-11-12T22:31:45","slug":"associacao-de-paracatu-investe-em-avicultura-de-postura-com-o-incentivo-da-emater","status":"publish","type":"post","link":"https:\/\/aconteceunovale.com.br\/portal\/?p=45141","title":{"rendered":"Associa\u00e7\u00e3o de Paracatu investe em avicultura de postura com o incentivo da Emater"},"content":{"rendered":"<h4><strong><em>A iniciativa visa ainda \u00e0 diversifica\u00e7\u00e3o de sua produ\u00e7\u00e3o e, com isso, a gera\u00e7\u00e3o de mais uma fonte renda para os associados<\/em><\/strong><\/h4>\n<div id=\"fb-root\"><\/div>\n<p>\t\t\t\t<script>(function(d, s, id) {\n\t\t\t\t  var js, fjs = d.getElementsByTagName(s)[0];\n\t\t\t\t  if (d.getElementById(id)) return;\n\t\t\t\t  js = d.createElement(s); js.id = id;\n\t\t\t\t  js.src = \"\/\/connect.facebook.net\/pt_BR\/sdk.js#xfbml=1&appId=691575364226355&version=v2.0\";\n\t\t\t\t  fjs.parentNode.insertBefore(js, fjs);\n\t\t\t\t}(document, 'script', 'facebook-jssdk'));<\/script><\/p>\n<div class=\"fb-like\" data-href=\"https:\/\/www.facebook.com\/aconteceunovale\" data-layout=\"button_count\" data-action=\"like\" data-show-faces=\"true\" data-share=\"true\"><\/div>\n<p><\/br><\/p>\n<p>Diversificar a produ\u00e7\u00e3o. Esse \u00e9 um dos objetivos da Associa\u00e7\u00e3o dos Pequenos Produtores de Santa Rita, em Paracatu, Noroeste de Minas, ao incentivar o desenvolvimento da avicultura de postura entre seus associados. A associa\u00e7\u00e3o conta com a parceria de diversas institui\u00e7\u00f5es, entre elas a Emater-MG e a prefeitura. A expectativa \u00e9 que a produ\u00e7\u00e3o de ovos da associa\u00e7\u00e3o seja comercializada por meio do Programa Nacional de Alimenta\u00e7\u00e3o Escolar (PNAE) e Programa de Aquisi\u00e7\u00e3o de Alimentos do governo federal.<\/p>\n<p>A Associa\u00e7\u00e3o dos Pequenos Produtores de Santa Rita tem 40 membros. Os principais produtos do grupo s\u00e3o leite, queijo e rapadura. A comercializa\u00e7\u00e3o acontece por meio do PNAE, PAA e no com\u00e9rcio do munic\u00edpio. A ideia de investir na avicultura de postura surgiu ap\u00f3s a associa\u00e7\u00e3o verificar a possibilidade de tamb\u00e9m vender ovos por meio do PNAE e PAA. A iniciativa visa ainda a diversifica\u00e7\u00e3o de sua produ\u00e7\u00e3o e, com isso, a gera\u00e7\u00e3o de mais uma fonte renda para os associados.<\/p>\n<p>\u201cA import\u00e2ncia da diversifica\u00e7\u00e3o \u00e9 que o produtor n\u00e3o fica ref\u00e9m das oscila\u00e7\u00f5es de mercado ao possuir uma ou mais atividades que deem sustenta\u00e7\u00e3o \u00e0 sua renda nos momentos de crise\u201d, afirma o extensionista da Emater-MG, Carlos Henrique da Silva.<\/p>\n<p><img decoding=\"async\" src=\"http:\/\/aconteceunovale.com.br\/portal\/wp-content\/uploads\/2014\/11\/associacao-investe-em-avicultura-de-postura-com-o-incentivo-da-emater-mg.jpg\" alt=\"\" \/><em>Associa\u00e7\u00e3o produz leite, queijo, rapadura e ovos &#8211; Foto: Emater\/Divulga\u00e7\u00e3o<\/em><br \/>\n<\/br><\/p>\n<p>O projeto Galinhas Felizes teve in\u00edcio em 2013 e, no total, 10 fam\u00edlias da associa\u00e7\u00e3o ser\u00e3o beneficiadas. At\u00e9 o momento, duas granjas j\u00e1 foram constru\u00eddas, sendo que cada uma possui cerca de 300 galinhas. Para colocar a ideia em pr\u00e1tica, a associa\u00e7\u00e3o conta com diversos parceiros. Entre eles a mineradora Kinross, que liberou recursos no valor de R$ 50 mil para a implanta\u00e7\u00e3o das granjas. A prefeitura de Paracatu repassou R$ 18 mil para a associa\u00e7\u00e3o para a aquisi\u00e7\u00e3o de ra\u00e7\u00e3o de postura.<\/p>\n<p>Outro parceiro da associa\u00e7\u00e3o \u00e9 a Emater-MG. Os extensionistas oferecem orienta\u00e7\u00e3o t\u00e9cnica para implanta\u00e7\u00e3o e acompanhamento do projeto. Segundo Carlos Henrique da Silva, a avicultura de postura \u00e9 uma atividade vi\u00e1vel para o munic\u00edpio. \u201c\u00c9 uma alternativa para a diversifica\u00e7\u00e3o da produ\u00e7\u00e3o familiar. H\u00e1 tamb\u00e9m uma demanda significativa de ovos pelo PNAE e PAA. Al\u00e9m disso, o munic\u00edpio consegue absorver boa parte desta produ\u00e7\u00e3o na venda para com\u00e9rcios ou diretamente aos consumidores\u201d, afirma Carlos Henrique.<\/p>\n<p>Em 2015, a entidade pretende ampliar o projeto com a constru\u00e7\u00e3o de um entreposto, dois galp\u00f5es e aquisi\u00e7\u00e3o de mais aves. O entreposto ser\u00e1 comunit\u00e1rio e sua constru\u00e7\u00e3o deve custar cerca de R$ 40 mil.<\/p>\n<h4>PNAE e PAA<\/h4>\n<p>O PNAE \u00e9 um programa do governo federal que, por meio da lei federal n\u00ba11.947, garante que 30% dos recursos para a merenda escolar sejam destinados \u00e0 compra de g\u00eaneros aliment\u00edcios produzidos pela agricultura familiar. Dessa forma, o PNAE tem garantido um card\u00e1pio variado na merenda escolar e mercado para os agricultores familiares.<\/p>\n<p>O PAA \u00e9 uma iniciativa do governo Federal e coordenado pela Companhia Nacional de Abastecimento (Conab). Por meio do programa, os alimentos produzidos pela agricultura familiar s\u00e3o comprados e doados a escolas p\u00fablicas, creches, asilos e institui\u00e7\u00f5es assistenciais.<\/p>\n<p>As atribui\u00e7\u00f5es da Emater-MG nos dois programas s\u00e3o bem amplas e abrangem desde a assist\u00eancia t\u00e9cnica, mobiliza\u00e7\u00e3o de agricultores, emiss\u00e3o da Declara\u00e7\u00e3o de Aptid\u00e3o ao Pronaf (DAP), orienta\u00e7\u00e3o e elabora\u00e7\u00e3o de projetos at\u00e9 capacita\u00e7\u00e3o dos agricultores em boas pr\u00e1ticas de produ\u00e7\u00e3o. As informa\u00e7\u00f5es s\u00e3o da <strong>Ag\u00eancia Minas<\/strong>.<\/p>\n","protected":false},"excerpt":{"rendered":"<p>A iniciativa visa ainda \u00e0 diversifica\u00e7\u00e3o de sua produ\u00e7\u00e3o e, com isso, a gera\u00e7\u00e3o de mais uma fonte renda para os associados Diversificar a produ\u00e7\u00e3o. Esse \u00e9 um dos objetivos da Associa\u00e7\u00e3o dos Pequenos Produtores de Santa Rita, em Paracatu, Noroeste de Minas, ao incentivar o desenvolvimento da avicultura de postura entre seus associados. A [&hellip;]<\/p>\n","protected":false},"author":1,"featured_media":45142,"comment_status":"open","ping_status":"closed","sticky":false,"template":"","format":"standard","meta":{"amp_status":"","footnotes":""},"categories":[123],"tags":[22688,22689,212,22690],"class_list":["post-45141","post","type-post","status-publish","format-standard","has-post-thumbnail","hentry","category-gerais","tag-associacao-de-paracatu-investe-em-avicultura-de-postura-com-o-incentivo-da-emater","tag-associacao-dos-pequenos-produtores-de-santa-rita","tag-paracatu","tag-projeto-galinhas-felizes"],"_links":{"self":[{"href":"https:\/\/aconteceunovale.com.br\/portal\/index.php?rest_route=\/wp\/v2\/posts\/45141","targetHints":{"allow":["GET"]}}],"collection":[{"href":"https:\/\/aconteceunovale.com.br\/portal\/index.php?rest_route=\/wp\/v2\/posts"}],"about":[{"href":"https:\/\/aconteceunovale.com.br\/portal\/index.php?rest_route=\/wp\/v2\/types\/post"}],"author":[{"embeddable":true,"href":"https:\/\/aconteceunovale.com.br\/portal\/index.php?rest_route=\/wp\/v2\/users\/1"}],"replies":[{"embeddable":true,"href":"https:\/\/aconteceunovale.com.br\/portal\/index.php?rest_route=%2Fwp%2Fv2%2Fcomments&post=45141"}],"version-history":[{"count":0,"href":"https:\/\/aconteceunovale.com.br\/portal\/index.php?rest_route=\/wp\/v2\/posts\/45141\/revisions"}],"wp:featuredmedia":[{"embeddable":true,"href":"https:\/\/aconteceunovale.com.br\/portal\/index.php?rest_route=\/wp\/v2\/media\/45142"}],"wp:attachment":[{"href":"https:\/\/aconteceunovale.com.br\/portal\/index.php?rest_route=%2Fwp%2Fv2%2Fmedia&parent=45141"}],"wp:term":[{"taxonomy":"category","embeddable":true,"href":"https:\/\/aconteceunovale.com.br\/portal\/index.php?rest_route=%2Fwp%2Fv2%2Fcategories&post=45141"},{"taxonomy":"post_tag","embeddable":true,"href":"https:\/\/aconteceunovale.com.br\/portal\/index.php?rest_route=%2Fwp%2Fv2%2Ftags&post=45141"}],"curies":[{"name":"wp","href":"https:\/\/api.w.org\/{rel}","templated":true}]}}