{"id":45131,"date":"2014-11-12T14:55:58","date_gmt":"2014-11-12T17:55:58","guid":{"rendered":"http:\/\/aconteceunovale.com.br\/portal\/?p=45131"},"modified":"2014-11-12T14:55:58","modified_gmt":"2014-11-12T17:55:58","slug":"aposentado-tem-veiculo-roubado-no-centro-de-teofilo-otoni","status":"publish","type":"post","link":"https:\/\/aconteceunovale.com.br\/portal\/?p=45131","title":{"rendered":"Aposentado tem ve\u00edculo roubado no Centro de Te\u00f3filo Otoni"},"content":{"rendered":"<h4><strong><em>Idoso foi abordado na Rua Jos\u00e9 Paulo de Carvalho. Pol\u00edcia realiza rastreamentos com intuito de localizar o ve\u00edculo e os autores.<\/em><\/strong><\/h4>\n<div id=\"fb-root\"><\/div>\n<p>\t\t\t\t<script>(function(d, s, id) {\n\t\t\t\t  var js, fjs = d.getElementsByTagName(s)[0];\n\t\t\t\t  if (d.getElementById(id)) return;\n\t\t\t\t  js = d.createElement(s); js.id = id;\n\t\t\t\t  js.src = \"\/\/connect.facebook.net\/pt_BR\/sdk.js#xfbml=1&appId=691575364226355&version=v2.0\";\n\t\t\t\t  fjs.parentNode.insertBefore(js, fjs);\n\t\t\t\t}(document, 'script', 'facebook-jssdk'));<\/script><\/p>\n<div class=\"fb-like\" data-href=\"https:\/\/www.facebook.com\/aconteceunovale\" data-layout=\"button_count\" data-action=\"like\" data-show-faces=\"true\" data-share=\"true\"><\/div>\n<p><\/br><\/p>\n<p>O autom\u00f3vel de um aposentado de 63 anos foi roubado no final da manh\u00e3 desta quarta-feira, 12 de novembro, no Centro de Te\u00f3filo Otoni, no Vale do Mucuri. De acordo com informa\u00e7\u00f5es da Pol\u00edcia Militar, a v\u00edtima H.L.A.S relatou que se encontrava com seu ve\u00edculo Chevrolet Classic, cor prata, placa PUB-7961, na rua Jos\u00e9 Paulo de Carvalho, quando foi abordado por um indiv\u00edduo magro, de cor negra. <\/p>\n<p>Com uma arma de fogo em punho, o meliante anunciou o assalto proferindo os seguintes dizeres: &#8220;desce logo do carro e quietinho deixe a chave a\u00ed, se n\u00e3o eu atiro.&#8221; A v\u00edtima e sua esposa desceram do ve\u00edculo e em seguida o criminoso assumiu a dire\u00e7\u00e3o e fugiu em dire\u00e7\u00e3o a zona sul da cidade.<\/p>\n<p>Ainda segundo a PM, testemunhas relataram que um outro indiv\u00edduo que estava nas proximidades entrou no ve\u00edculo. De posse das informa\u00e7\u00f5es, a Pol\u00edcia Militar realiza rastreamentos, por\u00e9m, at\u00e9 o momento os autores e o ve\u00edculo n\u00e3o foram localizados.<\/p>\n","protected":false},"excerpt":{"rendered":"<p>Idoso foi abordado na Rua Jos\u00e9 Paulo de Carvalho. Pol\u00edcia realiza rastreamentos com intuito de localizar o ve\u00edculo e os autores. O autom\u00f3vel de um aposentado de 63 anos foi roubado no final da manh\u00e3 desta quarta-feira, 12 de novembro, no Centro de Te\u00f3filo Otoni, no Vale do Mucuri. De acordo com informa\u00e7\u00f5es da Pol\u00edcia [&hellip;]<\/p>\n","protected":false},"author":1,"featured_media":45132,"comment_status":"open","ping_status":"closed","sticky":false,"template":"","format":"standard","meta":{"amp_status":"","footnotes":""},"categories":[122],"tags":[22672,13058,164],"class_list":["post-45131","post","type-post","status-publish","format-standard","has-post-thumbnail","hentry","category-mucuri","tag-aposentado-tem-veiculo-roubado-no-centro-de-teofilo-otoni","tag-assalto-em-teofilo-otoni","tag-teofilo-otoni"],"_links":{"self":[{"href":"https:\/\/aconteceunovale.com.br\/portal\/index.php?rest_route=\/wp\/v2\/posts\/45131","targetHints":{"allow":["GET"]}}],"collection":[{"href":"https:\/\/aconteceunovale.com.br\/portal\/index.php?rest_route=\/wp\/v2\/posts"}],"about":[{"href":"https:\/\/aconteceunovale.com.br\/portal\/index.php?rest_route=\/wp\/v2\/types\/post"}],"author":[{"embeddable":true,"href":"https:\/\/aconteceunovale.com.br\/portal\/index.php?rest_route=\/wp\/v2\/users\/1"}],"replies":[{"embeddable":true,"href":"https:\/\/aconteceunovale.com.br\/portal\/index.php?rest_route=%2Fwp%2Fv2%2Fcomments&post=45131"}],"version-history":[{"count":0,"href":"https:\/\/aconteceunovale.com.br\/portal\/index.php?rest_route=\/wp\/v2\/posts\/45131\/revisions"}],"wp:featuredmedia":[{"embeddable":true,"href":"https:\/\/aconteceunovale.com.br\/portal\/index.php?rest_route=\/wp\/v2\/media\/45132"}],"wp:attachment":[{"href":"https:\/\/aconteceunovale.com.br\/portal\/index.php?rest_route=%2Fwp%2Fv2%2Fmedia&parent=45131"}],"wp:term":[{"taxonomy":"category","embeddable":true,"href":"https:\/\/aconteceunovale.com.br\/portal\/index.php?rest_route=%2Fwp%2Fv2%2Fcategories&post=45131"},{"taxonomy":"post_tag","embeddable":true,"href":"https:\/\/aconteceunovale.com.br\/portal\/index.php?rest_route=%2Fwp%2Fv2%2Ftags&post=45131"}],"curies":[{"name":"wp","href":"https:\/\/api.w.org\/{rel}","templated":true}]}}