{"id":45127,"date":"2014-11-12T14:38:31","date_gmt":"2014-11-12T17:38:31","guid":{"rendered":"http:\/\/aconteceunovale.com.br\/portal\/?p=45127"},"modified":"2014-11-12T14:38:31","modified_gmt":"2014-11-12T17:38:31","slug":"suspeito-de-matar-tres-pessoas-em-governador-valadares-e-preso-no-vale-do-aco","status":"publish","type":"post","link":"https:\/\/aconteceunovale.com.br\/portal\/?p=45127","title":{"rendered":"Suspeito de matar tr\u00eas pessoas em Governador Valadares \u00e9 preso no Vale do A\u00e7o"},"content":{"rendered":"<h4><strong><em>V\u00edtimas foram mortas em 2012, 2013 e 2014 na regi\u00e3o do distrito de S\u00e3o Vitor. Outros dois suspeitos teriam envolvimento com as execu\u00e7\u00f5es.<\/em><\/strong><\/h4>\n<div id=\"fb-root\"><\/div>\n<p>\t\t\t\t<script>(function(d, s, id) {\n\t\t\t\t  var js, fjs = d.getElementsByTagName(s)[0];\n\t\t\t\t  if (d.getElementById(id)) return;\n\t\t\t\t  js = d.createElement(s); js.id = id;\n\t\t\t\t  js.src = \"\/\/connect.facebook.net\/pt_BR\/sdk.js#xfbml=1&appId=691575364226355&version=v2.0\";\n\t\t\t\t  fjs.parentNode.insertBefore(js, fjs);\n\t\t\t\t}(document, 'script', 'facebook-jssdk'));<\/script><\/p>\n<div class=\"fb-like\" data-href=\"https:\/\/www.facebook.com\/aconteceunovale\" data-layout=\"button_count\" data-action=\"like\" data-show-faces=\"true\" data-share=\"true\"><\/div>\n<p><\/br><\/p>\n<p>A Pol\u00edcia Civil apresentou na manh\u00e3 desta quarta-feira (12), um homem de 26 anos, suspeito de participar de tr\u00eas homic\u00eddios nos anos de 2012, 2013 e 2014, na regi\u00e3o de S\u00e3o Vitor, distrito de Governador Valadares.<\/p>\n<p>Segundo a investiga\u00e7\u00e3o da pol\u00edcia, o homem teria recebido dinheiro para executar as v\u00edtimas. Ele foi preso na tarde da \u00faltima sexta-feira (07), em Santana do Para\u00edso, pr\u00f3ximo \u00e0 Ipatinga, no Vale do A\u00e7o. Na manh\u00e3 de hoje, o suspeito prestou depoimento na Delegacia de Valadares. Em seguida, foi decretada a pris\u00e3o preventiva.<\/p>\n<p>De acordo com a investiga\u00e7\u00e3o, outros dois homens tamb\u00e9m tem participa\u00e7\u00e3o nesses crimes. Eles foram presos em agosto e setembro desse ano. A pol\u00edcia continua as investiga\u00e7\u00f5es para saber qual a motiva\u00e7\u00e3o dos crimes e quanto foi pago para as execu\u00e7\u00f5es. A pol\u00edcia investiga tamb\u00e9m quem seria os mandantes.<\/p>\n<p><img decoding=\"async\" src=\"http:\/\/aconteceunovale.com.br\/portal\/wp-content\/uploads\/2014\/11\/preso_homicidios_gv.jpg\" alt=\"\" \/><em>Suspeito foi apresentado na Delegacia de Valadares (Foto: reprodu\u00e7\u00e3o\/Pol\u00edcia Civil )<\/em><br \/>\n<\/br><\/p>\n<p><strong><em>(Inter TV dos Vales)<\/em><\/strong><\/p>\n","protected":false},"excerpt":{"rendered":"<p>V\u00edtimas foram mortas em 2012, 2013 e 2014 na regi\u00e3o do distrito de S\u00e3o Vitor. Outros dois suspeitos teriam envolvimento com as execu\u00e7\u00f5es. A Pol\u00edcia Civil apresentou na manh\u00e3 desta quarta-feira (12), um homem de 26 anos, suspeito de participar de tr\u00eas homic\u00eddios nos anos de 2012, 2013 e 2014, na regi\u00e3o de S\u00e3o Vitor, [&hellip;]<\/p>\n","protected":false},"author":1,"featured_media":45128,"comment_status":"open","ping_status":"closed","sticky":false,"template":"","format":"standard","meta":{"amp_status":"","footnotes":""},"categories":[121],"tags":[247,22669,22670,22671,22668],"class_list":["post-45127","post","type-post","status-publish","format-standard","has-post-thumbnail","hentry","category-leste","tag-governador-valadares","tag-homicidios-em-gv","tag-homicidios-em-valadares","tag-homicidios-no-distrito-de-sao-vitor-em-governador-valadares","tag-suspeito-de-matar-tres-pessoas-em-governador-valadares-e-preso-no-vale-do-aco"],"_links":{"self":[{"href":"https:\/\/aconteceunovale.com.br\/portal\/index.php?rest_route=\/wp\/v2\/posts\/45127","targetHints":{"allow":["GET"]}}],"collection":[{"href":"https:\/\/aconteceunovale.com.br\/portal\/index.php?rest_route=\/wp\/v2\/posts"}],"about":[{"href":"https:\/\/aconteceunovale.com.br\/portal\/index.php?rest_route=\/wp\/v2\/types\/post"}],"author":[{"embeddable":true,"href":"https:\/\/aconteceunovale.com.br\/portal\/index.php?rest_route=\/wp\/v2\/users\/1"}],"replies":[{"embeddable":true,"href":"https:\/\/aconteceunovale.com.br\/portal\/index.php?rest_route=%2Fwp%2Fv2%2Fcomments&post=45127"}],"version-history":[{"count":0,"href":"https:\/\/aconteceunovale.com.br\/portal\/index.php?rest_route=\/wp\/v2\/posts\/45127\/revisions"}],"wp:featuredmedia":[{"embeddable":true,"href":"https:\/\/aconteceunovale.com.br\/portal\/index.php?rest_route=\/wp\/v2\/media\/45128"}],"wp:attachment":[{"href":"https:\/\/aconteceunovale.com.br\/portal\/index.php?rest_route=%2Fwp%2Fv2%2Fmedia&parent=45127"}],"wp:term":[{"taxonomy":"category","embeddable":true,"href":"https:\/\/aconteceunovale.com.br\/portal\/index.php?rest_route=%2Fwp%2Fv2%2Fcategories&post=45127"},{"taxonomy":"post_tag","embeddable":true,"href":"https:\/\/aconteceunovale.com.br\/portal\/index.php?rest_route=%2Fwp%2Fv2%2Ftags&post=45127"}],"curies":[{"name":"wp","href":"https:\/\/api.w.org\/{rel}","templated":true}]}}