{"id":45124,"date":"2014-11-12T13:30:25","date_gmt":"2014-11-12T16:30:25","guid":{"rendered":"http:\/\/aconteceunovale.com.br\/portal\/?p=45124"},"modified":"2014-11-12T13:30:25","modified_gmt":"2014-11-12T16:30:25","slug":"sete-acusados-sao-condenados-por-trafico-internacional-de-pessoas-em-minas-gerais","status":"publish","type":"post","link":"https:\/\/aconteceunovale.com.br\/portal\/?p=45124","title":{"rendered":"Sete acusados s\u00e3o condenados por tr\u00e1fico internacional de pessoas em Minas Gerais"},"content":{"rendered":"<h4><strong><em>As v\u00edtimas, em sua maioria travestis, eram levadas para se prostitu\u00edrem em pa\u00edses da Europa<\/em><\/strong><\/h4>\n<div id=\"fb-root\"><\/div>\n<p>\t\t\t\t<script>(function(d, s, id) {\n\t\t\t\t  var js, fjs = d.getElementsByTagName(s)[0];\n\t\t\t\t  if (d.getElementById(id)) return;\n\t\t\t\t  js = d.createElement(s); js.id = id;\n\t\t\t\t  js.src = \"\/\/connect.facebook.net\/pt_BR\/sdk.js#xfbml=1&appId=691575364226355&version=v2.0\";\n\t\t\t\t  fjs.parentNode.insertBefore(js, fjs);\n\t\t\t\t}(document, 'script', 'facebook-jssdk'));<\/script><\/p>\n<div class=\"fb-like\" data-href=\"https:\/\/www.facebook.com\/aconteceunovale\" data-layout=\"button_count\" data-action=\"like\" data-show-faces=\"true\" data-share=\"true\"><\/div>\n<p><\/br><\/p>\n<p>O Minist\u00e9rio P\u00fablico Federal (MPF) obteve a condena\u00e7\u00e3o de sete acusados por tr\u00e1fico internacional de pessoas (artigo 231, \u00a7 3\u00ba, do C\u00f3digo Penal), prostitui\u00e7\u00e3o (artigo 228) e rufianismo (artigo 230). Os r\u00e9us \u2013 Luciano Garcia, Maria Jos\u00e9 Ferreira Matos, Vilmar Rodrigues Cardoso, Elvis Os\u00f3rio, Aurora Os\u00f3rio Ara\u00fajo, Wesley Rodrigues Pereira e Marcelo Carrijo \u2013 receberam penas que v\u00e3o de 7 a 19 anos e 6 meses de pris\u00e3o.<\/p>\n<p>A atua\u00e7\u00e3o dos condenados come\u00e7ou a ser desvendada a partir do recebimento, pela Pol\u00edcia Federal de Uberl\u00e2ndia\/MG, de den\u00fancias sobre o aliciamento de travestis na regi\u00e3o do Tri\u00e2ngulo Mineiro e Alto Parana\u00edba. As investiga\u00e7\u00f5es culminaram, no dia 18 de outubro de 2006, com a realiza\u00e7\u00e3o da Opera\u00e7\u00e3o Caraxu\u00e9 [explorador de prostitui\u00e7\u00e3o], quando foram cumpridos mandados de busca e apreens\u00e3o e dez pessoas foram presas nos estados de Minas Gerais, S\u00e3o Paulo e Santa Catarina.<\/p>\n<p>Aquela que, inicialmente se imaginou ser uma \u00fanica organiza\u00e7\u00e3o criminosa, revelou-se afinal como tr\u00eas grupos distintos que, apesar do estreito relacionamento entre si, atuavam de forma independente. Na senten\u00e7a, o magistrado afirma a exist\u00eancia de provas quanto \u00e0 rela\u00e7\u00e3o de amizade entre os r\u00e9us, mas cada qual com sua \u201corganiza\u00e7\u00e3o distinta para o exerc\u00edcio de seus neg\u00f3cios escusos, ilegais e imorais\u201d.<\/p>\n<p>Somente nos dez primeiros meses de 2006, os r\u00e9us, em conjunto, j\u00e1 tinham enviado cerca de 40 travestis para prostitui\u00e7\u00e3o na Europa.<\/p>\n<h4>Atua\u00e7\u00e3o<\/h4>\n<p>Os l\u00edderes de cada grupo \u2013 tamb\u00e9m travestis \u2013 recrutavam as v\u00edtimas em todo o Brasil, por indica\u00e7\u00f5es e pela internet, enviando-as para a It\u00e1lia (Mil\u00e3o, Roma e Floren\u00e7a) e Espanha (Zaragoza, Pamplona e Madri). Para n\u00e3o despertar suspeitas, os travestis desembarcavam em Lugano ou Zurique, na Su\u00ed\u00e7a, em Amsterd\u00e3, na Holanda, ou em Paris, na Fran\u00e7a, onde a fiscaliza\u00e7\u00e3o \u00e9 menor e eles corriam menos risco de serem pegos pelas autoridades locais.<\/p>\n<p>Eram cobrados de cada um, em m\u00e9dia, 10 mil euros pelas passagens, hospedagem e alimenta\u00e7\u00e3o, al\u00e9m do uso dos pontos de prostitui\u00e7\u00e3o. Para que n\u00e3o retornassem ao Brasil sem pagar o que deviam, as v\u00edtimas tinham os passaportes retidos. Os contratos assinados antes da viagem chegavam a incluir bens da fam\u00edlia como garantia. Houve um caso em que, n\u00e3o conseguindo pagar a d\u00edvida com suas atividades no exterior, o aliciado teve que vender a casa de sua m\u00e3e ao retornar ao Brasil.<\/p>\n<p>Quando foram presos, todos os acusados possu\u00edam em seu poder diversos documentos comprobat\u00f3rios das pr\u00e1ticas criminosas, entre eles, fotografias, contratos, extratos banc\u00e1rios, passaportes e passagens para o exterior em nome das v\u00edtimas.<\/p>\n<h4>Os grupos<\/h4>\n<p>Um dos grupos era chefiado por Luciano Garcia, codinome Luciana, que enviava travestis e transexuais para prostitui\u00e7\u00e3o na Espanha. Luciano\/Luciana Garcia contava com o aux\u00edlio de Maria Jos\u00e9 Ferreira Matos (codinome Z\u00e9lia), cabeleireira da Rua Augusta, na capital paulista, respons\u00e1vel pelo aliciamento de novas v\u00edtimas.<\/p>\n<p>O chefe do segundo grupo era Vilmar Rodrigues, codinome Pamela, que recrutava, transportava e fornecia alojamento a diversas pessoas \u2013 principalmente travestis e transexuais \u2013 em sua resid\u00eancia. Quando foi preso, em outubro de 2006, viviam em sua \u201cpens\u00e3o\u201d ao menos 16 travestis vindo de diversas partes do Brasil, com todas as despesas de transporte custeadas por Vilmar, todos \u00e0 espera do embarque para a It\u00e1lia.<\/p>\n<p>As investiga\u00e7\u00f5es tamb\u00e9m apontaram que Vilmar Rodrigues\/Pamela era dono de v\u00e1rios pontos de prostitui\u00e7\u00e3o em Uberl\u00e2ndia, cobrando cerca de R$ 80,00 por semana para que os travestis pudessem utilizar os locais. Assim, enquanto aguardavam o embarque, eles eram obrigados a se prostitu\u00edrem, numa esp\u00e9cie de \u201cest\u00e1gio obrigat\u00f3rio\u201d.<\/p>\n<p>Por sinal, ele era conhecido pela viol\u00eancia com que tratava as v\u00edtimas que n\u00e3o lhe pagassem pelo uso dos locais de prostitui\u00e7\u00e3o e pela hospedagem, chegando a fazer amea\u00e7as aos familiares.<\/p>\n<p>O terceiro grupo era liderado por Elvis Os\u00f3rio de Ara\u00fajo, a Lorraine, que era auxiliada por sua m\u00e3e, Aurora Os\u00f3rio, e pelos demais acusados, Marcelo Carrijo e Wesley Rodrigues, codinome Isadora. Ao contr\u00e1rio de Luciano e Vilmar, que atuavam apenas com travestis, Elvis tamb\u00e9m traficava mulheres para o exterior, principalmente para a It\u00e1lia, onde comandava cerca de dez pontos de prostitui\u00e7\u00e3o. Ele possu\u00eda inclusive uma casa em Mil\u00e3o, que era usada para abrigar aliciados. <\/p>\n<p>Elvis, Aurora, Marcelo e Wesley foram condenados tamb\u00e9m pelo crime de associa\u00e7\u00e3o criminosa (artigo 288, do C\u00f3digo Penal).   <\/p>\n<p>Marcelo Carrijo, por sinal, al\u00e9m de auxiliar Elvis, tamb\u00e9m tinha neg\u00f3cio pr\u00f3prio, promovendo o recrutamento de pessoas para o mundo da prostitui\u00e7\u00e3o e enviando-as para a It\u00e1lia.<br \/>\n(A\u00e7\u00e3o Penal n\u00ba 2007.38.03.004901-0)<\/p>\n<h4>Saiba Mais<\/h4>\n<p>Relat\u00f3rio da UNFPA (Situa\u00e7\u00e3o da Popula\u00e7\u00e3o Mundial do Fundo de Popula\u00e7\u00e3o das Na\u00e7\u00f5es Unidas) mostra que o tr\u00e1fico de pessoas \u00e9 a terceira atividade il\u00edcita mais lucrativa do mundo, perdendo apenas para o tr\u00e1fico de drogas e de armas. O n\u00famero de v\u00edtimas, entre homens e mulheres, chega a 2,5 milh\u00f5es.<\/p>\n<p>O primeiro Dia Internacional contra o Tr\u00e1fico de Pessoas, institu\u00eddo pela ONU, aconteceu este ano, em 30 de julho. As informa\u00e7\u00f5es s\u00e3o do <strong>Minist\u00e9rio P\u00fablico Federal de Minas Gerais<\/strong>.<\/p>\n","protected":false},"excerpt":{"rendered":"<p>As v\u00edtimas, em sua maioria travestis, eram levadas para se prostitu\u00edrem em pa\u00edses da Europa O Minist\u00e9rio P\u00fablico Federal (MPF) obteve a condena\u00e7\u00e3o de sete acusados por tr\u00e1fico internacional de pessoas (artigo 231, \u00a7 3\u00ba, do C\u00f3digo Penal), prostitui\u00e7\u00e3o (artigo 228) e rufianismo (artigo 230). Os r\u00e9us \u2013 Luciano Garcia, Maria Jos\u00e9 Ferreira Matos, Vilmar [&hellip;]<\/p>\n","protected":false},"author":1,"featured_media":45125,"comment_status":"open","ping_status":"closed","sticky":false,"template":"","format":"standard","meta":{"amp_status":"","footnotes":""},"categories":[123],"tags":[22657,22656,22663,22653,22666,22659,22654,22661,22660,22665,22662,22652,22667,221,22655,22658,22664],"class_list":["post-45124","post","type-post","status-publish","format-standard","has-post-thumbnail","hentry","category-gerais","tag-aurora-osorio-araujo","tag-elvis-osorio","tag-florenca","tag-luciano-garcia","tag-madri","tag-marcelo-carrijo","tag-maria-jose-ferreira-matos","tag-milao","tag-operacao-caraxue","tag-pamplona","tag-roma","tag-sete-acusados-sao-condenados-por-trafico-internacional-de-pessoas","tag-sete-acusados-sao-condenados-por-trafico-internacional-de-pessoas-em-minas-gerais","tag-uberlandia","tag-vilmar-rodrigues-cardoso","tag-wesley-rodrigues-pereira","tag-zaragoza"],"_links":{"self":[{"href":"https:\/\/aconteceunovale.com.br\/portal\/index.php?rest_route=\/wp\/v2\/posts\/45124","targetHints":{"allow":["GET"]}}],"collection":[{"href":"https:\/\/aconteceunovale.com.br\/portal\/index.php?rest_route=\/wp\/v2\/posts"}],"about":[{"href":"https:\/\/aconteceunovale.com.br\/portal\/index.php?rest_route=\/wp\/v2\/types\/post"}],"author":[{"embeddable":true,"href":"https:\/\/aconteceunovale.com.br\/portal\/index.php?rest_route=\/wp\/v2\/users\/1"}],"replies":[{"embeddable":true,"href":"https:\/\/aconteceunovale.com.br\/portal\/index.php?rest_route=%2Fwp%2Fv2%2Fcomments&post=45124"}],"version-history":[{"count":0,"href":"https:\/\/aconteceunovale.com.br\/portal\/index.php?rest_route=\/wp\/v2\/posts\/45124\/revisions"}],"wp:featuredmedia":[{"embeddable":true,"href":"https:\/\/aconteceunovale.com.br\/portal\/index.php?rest_route=\/wp\/v2\/media\/45125"}],"wp:attachment":[{"href":"https:\/\/aconteceunovale.com.br\/portal\/index.php?rest_route=%2Fwp%2Fv2%2Fmedia&parent=45124"}],"wp:term":[{"taxonomy":"category","embeddable":true,"href":"https:\/\/aconteceunovale.com.br\/portal\/index.php?rest_route=%2Fwp%2Fv2%2Fcategories&post=45124"},{"taxonomy":"post_tag","embeddable":true,"href":"https:\/\/aconteceunovale.com.br\/portal\/index.php?rest_route=%2Fwp%2Fv2%2Ftags&post=45124"}],"curies":[{"name":"wp","href":"https:\/\/api.w.org\/{rel}","templated":true}]}}