{"id":45121,"date":"2014-11-12T13:21:52","date_gmt":"2014-11-12T16:21:52","guid":{"rendered":"http:\/\/aconteceunovale.com.br\/portal\/?p=45121"},"modified":"2014-11-12T13:21:52","modified_gmt":"2014-11-12T16:21:52","slug":"moradores-de-buritis-pedem-socorro-para-rio-urucuia","status":"publish","type":"post","link":"https:\/\/aconteceunovale.com.br\/portal\/?p=45121","title":{"rendered":"Moradores de Buritis pedem socorro para Rio Urucuia"},"content":{"rendered":"<h4><strong><em>Em audi\u00eancia p\u00fablica, foram denunciadas barragens ilegais que est\u00e3o comprometendo o afluente do Rio S\u00e3o Francisco.<\/em><\/strong><\/h4>\n<div id=\"fb-root\"><\/div>\n<p>\t\t\t\t<script>(function(d, s, id) {\n\t\t\t\t  var js, fjs = d.getElementsByTagName(s)[0];\n\t\t\t\t  if (d.getElementById(id)) return;\n\t\t\t\t  js = d.createElement(s); js.id = id;\n\t\t\t\t  js.src = \"\/\/connect.facebook.net\/pt_BR\/sdk.js#xfbml=1&appId=691575364226355&version=v2.0\";\n\t\t\t\t  fjs.parentNode.insertBefore(js, fjs);\n\t\t\t\t}(document, 'script', 'facebook-jssdk'));<\/script><\/p>\n<div class=\"fb-like\" data-href=\"https:\/\/www.facebook.com\/aconteceunovale\" data-layout=\"button_count\" data-action=\"like\" data-show-faces=\"true\" data-share=\"true\"><\/div>\n<p><\/br><\/p>\n<p>A constru\u00e7\u00e3o ilegal de barragens para alimentar piv\u00f4s de irriga\u00e7\u00e3o no munic\u00edpio de Buritis (Noroeste de Minas) est\u00e1 destruindo \u00e1reas de preserva\u00e7\u00e3o permanentes (APAs), secando c\u00f3rregos do Rio Urucuia e provocando o desaparecimento de esp\u00e9cies da fauna e da flora. A den\u00fancia foi apresentada nesta quarta-feira (12\/11\/14), em audi\u00eancia p\u00fablica no munic\u00edpio, realizada pelo Comit\u00ea de Defesa da Bacia do Rio Urucuia (Comdru). A reuni\u00e3o foi acompanhada pelos deputados do PT, Almir Paraca e Rog\u00e9rio Correia, representando a Comiss\u00e3o Extraordin\u00e1ria das \u00c1guas da Assembleia Legislativa de Minas Gerais (ALMG).<\/p>\n<p>De acordo com a presidente do Comdru, D\u00e9bora Firmino, a interven\u00e7\u00e3o no meio ambiente est\u00e1 comprometendo a \u00e1gua na regi\u00e3o at\u00e9 mesmo para consumo. Segundo ela, quatro c\u00f3rregos e tr\u00eas cachoeiras j\u00e1 est\u00e3o praticamente secos, em fun\u00e7\u00e3o da redu\u00e7\u00e3o do volume de \u00e1gua do principal rio da cidade, o Urucuia. Al\u00e9m da redu\u00e7\u00e3o do volume de \u00e1gua, muitas esp\u00e9cies de animais j\u00e1 n\u00e3o s\u00e3o encontrados mais na regi\u00e3o, como tamandu\u00e1 bandeira, tatu, mutum, jacu, tra\u00edra, piau e mandi. \u201cAt\u00e9 piabas e lambaris j\u00e1 desapareceram de nossos mananciais\u201d, denuncia a ambientalista. O Rio Urucuia, que nasce no munic\u00edpio de Formosa (GO) e passa por oito cidades mineiras, \u00e9 um dos principais afluentes do S\u00e3o Francisco.<\/p>\n<p>D\u00e9bora Firmino afirmou que a \u00e1gua utilizada para a irriga\u00e7\u00e3o est\u00e1 consumindo um volume suficiente para abastecer \u201cuma popula\u00e7\u00e3o equivalente a tr\u00eas Belo Horizontes\u201d. Ela lamentou que a situa\u00e7\u00e3o n\u00e3o \u00e9 consequ\u00eancia de falta de chuvas e nem de mudan\u00e7as clim\u00e1ticas. \u201c\u00c9 a\u00e7\u00e3o do homem\u201d.<\/p>\n<p><img decoding=\"async\" src=\"http:\/\/aconteceunovale.com.br\/portal\/wp-content\/uploads\/2014\/11\/reuniao_buritis.jpg\" alt=\"\" \/><em>Encontro nesta quarta-feira (12) reuniu moradores e autoridades &#8211; Foto: Sandin Ulhoa\/ALMG<\/em><br \/>\n<\/br><\/p>\n<h4>Agravamento<\/h4>\n<p>O representante do Instituto Brasileiro de Desenvolvimento Econ\u00f4mico (Ibradec), Rubens Martins, advertiu para o problema da produ\u00e7\u00e3o de soja, principal produto agr\u00edcola do munic\u00edpio, que consome 1,8 mil litros de \u00e1gua para cada quilo cultivado do gr\u00e3o. Segundo ele, toda a soja produzida \u00e9 exportada para Europa e China, n\u00e3o representando riqueza para a regi\u00e3o. \u201cCada navio de soja exportado, s\u00e3o 1,8 mil navios de \u00e1gua limpa que v\u00e3o embora\u201d, comparou. Rubens Martins considera que n\u00e3o se gera riquezas com o desaparecimento de rios, represando nascentes ou matando pessoas e animais.<\/p>\n<p>O procurador de Justi\u00e7a e coordenador das promotorias agr\u00e1rias, Afonso Henrique de Miranda Teixeira, estimulou os participantes a lutar pela reforma agr\u00e1ria que, em sua opini\u00e3o, \u00e9 fundamental para conter esse tipo de destrui\u00e7\u00e3o. \u201cO Governo Federal tem que partir para o enfrentamento do latif\u00fandio, considerando-o propriedade il\u00edcita\u201d. O procurador se disse envergonhado com a situa\u00e7\u00e3o e culpou todas as esferas de poder pela omiss\u00e3o e as for\u00e7as de direita como respons\u00e1veis.<\/p>\n<h4>Produtor defende constru\u00e7\u00e3o de barragens<\/h4>\n<p>O representante do Sindicato dos Produtores Rurais de Buritis e regi\u00e3o e da Federa\u00e7\u00e3o da Agricultura de Minas Gerais (Fetaemg), Carlos Alberto de Oliveira, defendeu a constru\u00e7\u00e3o das barragens e minimizou a responsabilidade dos produtores no problema. Segundo ele, as barragens s\u00e3o licenciadas e foram constru\u00eddas dentro de orienta\u00e7\u00f5es t\u00e9cnicas e cient\u00edficas. \u201cA barragem \u00e9 um procedimento rural importante, interessante e necess\u00e1ria para a reserva de \u00e1guas\u201d, defendeu.<\/p>\n<p>Oliveira afirmou que a falta de chuvas \u00e9 um fator cr\u00edtico para a situa\u00e7\u00e3o atual de Buritis e ressalvou que a pol\u00edtica agr\u00edcola \u00e9 comandada pelos governos federal e estadual. \u201c Se caminharmos acreditando que o \u00fanico respons\u00e1vel por tudo isso \u00e9 o produtor rural, estaremos cometendo um grande erro\u201d.<\/p>\n<h4>Deputado denuncia burla \u00e0 legisla\u00e7\u00e3o em Buritis<\/h4>\n<p>O presidente da Comiss\u00e3o Extraordin\u00e1ria das \u00c1guas da ALMG, deputado Almir Paraca, denunciou que grandes produtores rurais de Buritis est\u00e3o burlando a legisla\u00e7\u00e3o ambiental para construir as barragens que est\u00e3o acabando com a \u00e1gua no munic\u00edpio. Segundo ele, os empreendedores pedem o licenciamento e, ao mesmo tempo, entram com liminares na Justi\u00e7a para assegurar a constru\u00e7\u00e3o das barragens.<\/p>\n<p>\u201cComo o Estado est\u00e1 desaparelhado, n\u00e3o consegue acompanhar o processo e evitar essa burla e as barragens s\u00e3o constru\u00eddas de qualquer jeito\u201d, acusou o parlamentar. O deputado tamb\u00e9m atentou para o fato do munic\u00edpio possuir dois comit\u00eas de bacias: o Comit\u00ea da Bacia Hidrogr\u00e1fica do Rio Urucuaia (CBH) e o Comdru, que acrescentou a palavra defesa a seu nome. Ele estranhou a situa\u00e7\u00e3o, mas constatou que isso prova que o primeiro n\u00e3o tem atendido \u00e0s necessidades da regi\u00e3o. \u201cO CBH n\u00e3o est\u00e1 fazendo a defesa adequada do Rio Urucuia\u201d, criticou. Paraca lembrou que o comit\u00ea \u00e9 o foro para discuss\u00f5es e decis\u00f5es sobre os problemas e sugeriu que os participantes da audi\u00eancia fa\u00e7am press\u00e3o para que o CBH assuma esse papel.<\/p>\n<p>Almir Paraca tamb\u00e9m reclamou que as outorgas est\u00e3o sendo concedidas apenas para produtores com dinheiro e grandes extens\u00f5es de terra, que t\u00eam condi\u00e7\u00f5es econ\u00f4micas de investir nesses processos. De acordo com Paraca, os pequenos produtores, os agricultores familiares e o assentados da reforma agr\u00e1ria n\u00e3o conseguem essas outorgas de uso das \u00e1guas. \u201cA continuar assim, quando eles tiverem condi\u00e7\u00f5es, n\u00e3o haver\u00e1 mais outorga para ser concedida\u201d, advertiu.<\/p>\n<p>O deputado Rog\u00e9rio Correia anunciou que o governador eleito de Minas Gerais, Fernando Pimentel, j\u00e1 se comprometeu a cuidar, pessoalmente, das quest\u00f5es das \u00e1guas em Minas Gerais. Ele ressalvou, que o novo governo petista est\u00e1 recebendo o Estado com uma d\u00edvida de R$ 102 bilh\u00f5es e um d\u00e9ficit social de grande dimens\u00e3o. \u201cN\u00e3o \u00e9 poss\u00edvel chegar a uma degrada\u00e7\u00e3o dessas sem que a Secretaria de Meio Ambiente fizesse nada\u201d.<\/p>\n<p>A visita a Buritis foi requerida pelo presidente da comiss\u00e3o, deputado Almir Paraca (PT). A audi\u00eancia p\u00fablica foi acompanhada por aproximadamente 500 pessoas, que lotaram o Plen\u00e1rio da C\u00e2mara Municipal.<\/p>\n<h4>Quest\u00e3o pessoal<\/h4>\n<p>O deputado Rog\u00e9rio Correia reclamou que nada foi feito pelo atual governo estadual para a recupera\u00e7\u00e3o do rio S\u00e3o Francisco, o que pode comprometer o projeto de transposi\u00e7\u00e3o de suas \u00e1guas. \u201cVamos ter que trabalhar com essa heran\u00e7a maldita\u201d, alertou. As informa\u00e7\u00f5es s\u00e3o da <strong>ALMG<\/strong>.<\/p>\n","protected":false},"excerpt":{"rendered":"<p>Em audi\u00eancia p\u00fablica, foram denunciadas barragens ilegais que est\u00e3o comprometendo o afluente do Rio S\u00e3o Francisco. A constru\u00e7\u00e3o ilegal de barragens para alimentar piv\u00f4s de irriga\u00e7\u00e3o no munic\u00edpio de Buritis (Noroeste de Minas) est\u00e1 destruindo \u00e1reas de preserva\u00e7\u00e3o permanentes (APAs), secando c\u00f3rregos do Rio Urucuia e provocando o desaparecimento de esp\u00e9cies da fauna e da [&hellip;]<\/p>\n","protected":false},"author":1,"featured_media":45122,"comment_status":"open","ping_status":"closed","sticky":false,"template":"","format":"standard","meta":{"amp_status":"","footnotes":""},"categories":[123],"tags":[22650,1795,22647,22646,22649,22651,22648,22644,6330,22645],"class_list":["post-45121","post","type-post","status-publish","format-standard","has-post-thumbnail","hentry","category-gerais","tag-almir-paraca","tag-buritis","tag-comite-de-defesa-da-bacia-do-rio-urucuia","tag-construcao-ilegal-de-barragens-para-alimentar-pivos-de-irrigacao-no-municipio-de-buritis","tag-deputado-denuncia-burla-a-legislacao-em-buritis","tag-grandes-produtores-rurais-de-buritis-estao-burlando-a-legislacao-ambiental-para-construir-as-barragens","tag-instituto-brasileiro-de-desenvolvimento-economico","tag-moradores-de-buritis-pedem-socorro-para-rio-urucuia","tag-rio-sao-francisco","tag-rio-urucuia"],"_links":{"self":[{"href":"https:\/\/aconteceunovale.com.br\/portal\/index.php?rest_route=\/wp\/v2\/posts\/45121","targetHints":{"allow":["GET"]}}],"collection":[{"href":"https:\/\/aconteceunovale.com.br\/portal\/index.php?rest_route=\/wp\/v2\/posts"}],"about":[{"href":"https:\/\/aconteceunovale.com.br\/portal\/index.php?rest_route=\/wp\/v2\/types\/post"}],"author":[{"embeddable":true,"href":"https:\/\/aconteceunovale.com.br\/portal\/index.php?rest_route=\/wp\/v2\/users\/1"}],"replies":[{"embeddable":true,"href":"https:\/\/aconteceunovale.com.br\/portal\/index.php?rest_route=%2Fwp%2Fv2%2Fcomments&post=45121"}],"version-history":[{"count":0,"href":"https:\/\/aconteceunovale.com.br\/portal\/index.php?rest_route=\/wp\/v2\/posts\/45121\/revisions"}],"wp:featuredmedia":[{"embeddable":true,"href":"https:\/\/aconteceunovale.com.br\/portal\/index.php?rest_route=\/wp\/v2\/media\/45122"}],"wp:attachment":[{"href":"https:\/\/aconteceunovale.com.br\/portal\/index.php?rest_route=%2Fwp%2Fv2%2Fmedia&parent=45121"}],"wp:term":[{"taxonomy":"category","embeddable":true,"href":"https:\/\/aconteceunovale.com.br\/portal\/index.php?rest_route=%2Fwp%2Fv2%2Fcategories&post=45121"},{"taxonomy":"post_tag","embeddable":true,"href":"https:\/\/aconteceunovale.com.br\/portal\/index.php?rest_route=%2Fwp%2Fv2%2Ftags&post=45121"}],"curies":[{"name":"wp","href":"https:\/\/api.w.org\/{rel}","templated":true}]}}