{"id":45112,"date":"2014-11-12T13:06:39","date_gmt":"2014-11-12T16:06:39","guid":{"rendered":"http:\/\/aconteceunovale.com.br\/portal\/?p=45112"},"modified":"2014-11-12T13:06:39","modified_gmt":"2014-11-12T16:06:39","slug":"municipio-tradicionalmente-castigado-pela-seca-e-devastado-por-temporal-no-vale-do-mucuri","status":"publish","type":"post","link":"https:\/\/aconteceunovale.com.br\/portal\/?p=45112","title":{"rendered":"Munic\u00edpio tradicionalmente castigado pela seca \u00e9 devastado por temporal no Vale do Mucuri"},"content":{"rendered":"<h4><strong><em>Tromba d&#8217;\u00e1gua provocou preju\u00edzos em Francisc\u00f3polis. Quatro pontes foram destru\u00eddas e v\u00e1rias fam\u00edlias ficaram desabrigadas.<\/em><\/strong><\/h4>\n<div id=\"fb-root\"><\/div>\n<p>\t\t\t\t<script>(function(d, s, id) {\n\t\t\t\t  var js, fjs = d.getElementsByTagName(s)[0];\n\t\t\t\t  if (d.getElementById(id)) return;\n\t\t\t\t  js = d.createElement(s); js.id = id;\n\t\t\t\t  js.src = \"\/\/connect.facebook.net\/pt_BR\/sdk.js#xfbml=1&appId=691575364226355&version=v2.0\";\n\t\t\t\t  fjs.parentNode.insertBefore(js, fjs);\n\t\t\t\t}(document, 'script', 'facebook-jssdk'));<\/script><\/p>\n<div class=\"fb-like\" data-href=\"https:\/\/www.facebook.com\/aconteceunovale\" data-layout=\"button_count\" data-action=\"like\" data-show-faces=\"true\" data-share=\"true\"><\/div>\n<p><\/br><\/p>\n<p>Uma tromba d\u2019\u00e1gua provocou preju\u00edzos e deixou praticamente ilhado o munic\u00edpio de Francisc\u00f3polis, no Vale do Mucuri. Em uma regi\u00e3o tradicionalmente castigada pela seca, a chuva trouxe transtorno e assustou a popula\u00e7\u00e3o, surpreendida pela tempestade incomum na regi\u00e3o. O volume previsto para 15 dias caiu em menos de duas horas, entre 2h e 4h, na madrugada de domingo. \u201cA chuva foi curta, mas muito intensa. Assustou muita gente\u201d, afirmou o soldado Rharumy Vieira Rodrigues, do destacamento de Pol\u00edcia Militar do munic\u00edpio.<\/p>\n<p><img decoding=\"async\" src=\"http:\/\/aconteceunovale.com.br\/portal\/wp-content\/uploads\/2014\/11\/chuva_franciscopolis_1.jpg\" alt=\"\" \/><em>Temporal deixou rastro de destrui\u00e7\u00e3o em Francisc\u00f3polis &#8211; Foto: Divulga\u00e7\u00e3o\/PMF<\/em><br \/>\n<\/br><\/p>\n<p>Na cidade, h\u00e1 destro\u00e7os por todos os lados. Ontem a popula\u00e7\u00e3o contava os preju\u00edzos e tentava se refazer da destrui\u00e7\u00e3o. O Rio Santa Cruz, que corta todo o munic\u00edpio, transbordou e atingiu principalmente casas que ficam \u00e0s margens. De acordo com coordenadora do Centro de Refer\u00eancia de Assist\u00eancia Social (Cras), Fl\u00e1via Ramos dos Santos, 113 fam\u00edlias tiveram que deixar as casas inundadas. \u201c\u00c9 um n\u00famero consider\u00e1vel para um munic\u00edpio com menos de 6 mil habitantes\u201d, disse.<\/p>\n<p>O prefeito Edilson \u00c1lves dos Santos (PDT) informou que foi decretado o estado de calamidade p\u00fablica. \u201cA tempestade veio brava. \u00c9 uma calamidade. O acesso est\u00e1 muito dif\u00edcil para os munic\u00edpios vizinhos, as escolas est\u00e3o fechadas e as pontes ca\u00edram\u201d, disse o prefeito, que estava em Belo Horizonte no dia da tempestade. \u201cCheguei \u00e0 capital no domingo \u00e0 noite. Vim para o encontro da Associa\u00e7\u00e3o Mineira dos Munic\u00edpios. Na madrugada, recebi diversos telefonemas informando sobre a calamidade\u201d, disse.<\/p>\n<p><img decoding=\"async\" src=\"http:\/\/aconteceunovale.com.br\/portal\/wp-content\/uploads\/2014\/11\/chuva_franciscopolis_2.jpg\" alt=\"\" \/><em>Temporal deixou rastro de destrui\u00e7\u00e3o em Francisc\u00f3polis &#8211; Foto: Divulga\u00e7\u00e3o\/PMF<\/em><br \/>\n<\/br><\/p>\n<p>De acordo com ele, ainda n\u00e3o \u00e9 poss\u00edvel avaliar a extens\u00e3o da destrui\u00e7\u00e3o e quanto ser\u00e1 necess\u00e1rio para reconstruir as pontes. Ele pretende se encontrar ainda hoje com o governador Alberto Pinto Coelho e solicitar ajuda para reconstruir o munic\u00edpio.<\/p>\n<p>As quatro pontes da cidade, duas no centro e duas na \u00e1rea rural, foram destru\u00eddas devido \u00e0 for\u00e7a das \u00e1guas, interrompendo liga\u00e7\u00f5es com a comunidade rural de Laranjeiras e com os povoados de Ant\u00f4nio Ferreira e Norete. A situa\u00e7\u00e3o mais preocupante \u00e9 a da ponte no Centro, que liga Francisc\u00f3polis a Malacacheta. \u201cFiquei muito assustada com a intensidade da chuva. N\u00e3o \u00e9 algo costumeiro. Abalou a cidade por completo\u201d, afirmou Fl\u00e1via dos Santos.<\/p>\n<p>O munic\u00edpio n\u00e3o est\u00e1 completamente isolado porque os moradores improvisaram um atalho. \u201cO caminho \u00e9 por dentro do rio. O medo \u00e9 que chova mais e fiquemos ilhados\u201d, diz a coordenadora do Cras. Depois de dois dias fora de casa, as fam\u00edlia voltavam \u00e0s suas moradias na tarde de ontem.<\/p>\n<p>Por\u00e9m, como a \u00e1gua tomou conta do interior das im\u00f3veis, os moradores foram obrigados a abandonar seus pertences. \u201cAs ruas ficaram alagadas. Fam\u00edlias perderam geladeiras, guarda-roupas e todos os utens\u00edlios dom\u00e9sticos\u201d, informou a representante da prefeitura. Os moradores ainda ter\u00e3o muito trabalho pela frente, para retirar toda lama e os destro\u00e7os. Eles ainda temem novas tempestades que pode piorar a situa\u00e7\u00e3o. \u201cO n\u00edvel da \u00e1gua baixou, mas pode chover forte a qualquer momento e ent\u00e3o n\u00e3o teremos onde passar \u201d, pontuou Fl\u00e1via.<\/p>\n<p><img decoding=\"async\" src=\"http:\/\/aconteceunovale.com.br\/portal\/wp-content\/uploads\/2014\/11\/chuva_franciscopolis_3.jpg\" alt=\"\" \/><em>Temporal deixou rastro de destrui\u00e7\u00e3o em Francisc\u00f3polis &#8211; Foto: Divulga\u00e7\u00e3o\/PMF<\/em><br \/>\n<\/br><\/p>\n<h4>Chuva concentrada e preju\u00edzo<\/h4>\n<p>Pancadas isoladas de chuva, com ventos de at\u00e9 70 quil\u00f4metros por hora, t\u00eam causado danos em cidades mineiras. Nessa ter\u00e7a-feira, pelo segundo dia consecutivo, Patos de Minas, no Alto Parana\u00edba, enfrentou fortes rajadas de vento com quedas de \u00e1rvores. No Norte e nos vales do Jequitinhonha e Mucuri, os temporais devem dar uma tr\u00e9gua at\u00e9 a sexta-feira, j\u00e1 que a frente fria que estava sobre a \u00e1rea come\u00e7a a se dissipar pelo Sul da Bahia. Mas a chegada de um novo sistema promete mais tempestades para s\u00e1bado e domingo.<\/p>\n<p>De acordo com o meteorologista Ruibran dos Reis, do Instituto ClimaTempo, o registro de chuvas fortes em determinadas cidades se deve os n\u00facleos de converg\u00eancia. Nuvens caracter\u00edsticas causam pancadas r\u00e1pidas, com granizo e rajadas de vento. Ruibran explica que nessas situa\u00e7\u00f5es o volume pluviom\u00e9trico n\u00e3o \u00e9 intenso. \u201cS\u00f3 em dezembro devemos ter chuvas cont\u00ednuas.\u201d <\/p>\n<p>Ontem, moradores de S\u00e3o Gon\u00e7alo do Rio Abaixo, na Regi\u00e3o Central, contabilizavam os estragos que um desses fen\u00f4menos provocou na segunda-feira. Houve queda de \u00e1rvores e telhados foram arrancados e jogados a longa dist\u00e2ncia. Motoristas que circulavam na \u00e1rea enfrentaram problemas na BR-381, altura do km 423. Duas faixas no sentido Jo\u00e3o Monlevade ficaram fechadas devido \u00e0 queda de uma \u00e1rvore. <\/p>\n<p>Em Patos de Minas, a ventania de ontem foi menor do que na segunda-feira, mas ainda assim deixou um rastro de estragos. Uma paineira de grande porte caiu na Avenida Parana\u00edba e esmagou um ve\u00edculo. O Corsa, rec\u00e9m-adquirido por uma mulher, foi destru\u00eddo pelo tronco da \u00e1rvore. Um poste tamb\u00e9m foi atingido e danificou a rede el\u00e9trica. <\/p>\n<p>Por sorte n\u00e3o houve feridos, mas sem\u00e1foros na regi\u00e3o ficaram desativados e policiais foram deslocados para controlar o tr\u00e2nsito. Os galhos da \u00e1rvore de grande porte tamb\u00e9m danificaram o teto do pr\u00e9dio da sede do Departamento de Estradas de Rodagem (DER\/MG). V\u00e1rias pessoas foram ao local acompanhar os trabalhos de retirada da \u00e1rvore pelo Corpo de Bombeiros.<\/p>\n<p><img decoding=\"async\" src=\"http:\/\/aconteceunovale.com.br\/portal\/wp-content\/uploads\/2014\/11\/chuva_franciscopolis_4.jpg\" alt=\"\" \/><em>Temporal deixou rastro de destrui\u00e7\u00e3o em Francisc\u00f3polis &#8211; Foto: Divulga\u00e7\u00e3o\/PMF<\/em><br \/>\n<\/br><\/p>\n<p><img decoding=\"async\" src=\"http:\/\/aconteceunovale.com.br\/portal\/wp-content\/uploads\/2014\/11\/chuva_franciscopolis_5.jpg\" alt=\"\" \/><em>Temporal deixou rastro de destrui\u00e7\u00e3o em Francisc\u00f3polis &#8211; Foto: Divulga\u00e7\u00e3o\/PMF<\/em><br \/>\n<\/br><\/p>\n<p><img decoding=\"async\" src=\"http:\/\/aconteceunovale.com.br\/portal\/wp-content\/uploads\/2014\/11\/chuva_franciscopolis_6.jpg\" alt=\"\" \/><em>Temporal deixou rastro de destrui\u00e7\u00e3o em Francisc\u00f3polis &#8211; Foto: Divulga\u00e7\u00e3o\/PMF<\/em><br \/>\n<\/br><\/p>\n<p><img decoding=\"async\" src=\"http:\/\/aconteceunovale.com.br\/portal\/wp-content\/uploads\/2014\/11\/chuva_franciscopolis_7.jpg\" alt=\"\" \/><em>Temporal deixou rastro de destrui\u00e7\u00e3o em Francisc\u00f3polis &#8211; Foto: Divulga\u00e7\u00e3o\/PMF<\/em><br \/>\n<\/br><\/p>\n<p><strong><em>(Fonte: Jornal Estado de Minas)<\/em><\/strong><\/p>\n","protected":false},"excerpt":{"rendered":"<p>Tromba d&#8217;\u00e1gua provocou preju\u00edzos em Francisc\u00f3polis. Quatro pontes foram destru\u00eddas e v\u00e1rias fam\u00edlias ficaram desabrigadas. Uma tromba d\u2019\u00e1gua provocou preju\u00edzos e deixou praticamente ilhado o munic\u00edpio de Francisc\u00f3polis, no Vale do Mucuri. Em uma regi\u00e3o tradicionalmente castigada pela seca, a chuva trouxe transtorno e assustou a popula\u00e7\u00e3o, surpreendida pela tempestade incomum na regi\u00e3o. O volume [&hellip;]<\/p>\n","protected":false},"author":1,"featured_media":45113,"comment_status":"open","ping_status":"closed","sticky":false,"template":"","format":"standard","meta":{"amp_status":"","footnotes":""},"categories":[122],"tags":[22641,22637,1018,22636,22638,1089,1102,22643,214,1739,22642,22639,22640],"class_list":["post-45112","post","type-post","status-publish","format-standard","has-post-thumbnail","hentry","category-mucuri","tag-chuva-concentrada-e-prejuizo-nos-vales-do-jequitinhonha-e-mucuri","tag-chuva-em-franciscopolis","tag-destaque","tag-edilson-alves-dos-santos","tag-estragos-da-chuva-em-franciscopolis","tag-franciscopolis","tag-joao-monlevade","tag-municipio-tradicionalmente-castigado-pela-seca-e-devastado-por-temporal-no-vale-do-mucuri","tag-patos-de-minas","tag-sao-goncalo-do-rio-abaixo","tag-temporal-deixou-rastro-de-destruicao-em-franciscopolis","tag-temporal-em-franciscopolis","tag-tromba-dagua-em-franciscopolis"],"_links":{"self":[{"href":"https:\/\/aconteceunovale.com.br\/portal\/index.php?rest_route=\/wp\/v2\/posts\/45112","targetHints":{"allow":["GET"]}}],"collection":[{"href":"https:\/\/aconteceunovale.com.br\/portal\/index.php?rest_route=\/wp\/v2\/posts"}],"about":[{"href":"https:\/\/aconteceunovale.com.br\/portal\/index.php?rest_route=\/wp\/v2\/types\/post"}],"author":[{"embeddable":true,"href":"https:\/\/aconteceunovale.com.br\/portal\/index.php?rest_route=\/wp\/v2\/users\/1"}],"replies":[{"embeddable":true,"href":"https:\/\/aconteceunovale.com.br\/portal\/index.php?rest_route=%2Fwp%2Fv2%2Fcomments&post=45112"}],"version-history":[{"count":0,"href":"https:\/\/aconteceunovale.com.br\/portal\/index.php?rest_route=\/wp\/v2\/posts\/45112\/revisions"}],"wp:featuredmedia":[{"embeddable":true,"href":"https:\/\/aconteceunovale.com.br\/portal\/index.php?rest_route=\/wp\/v2\/media\/45113"}],"wp:attachment":[{"href":"https:\/\/aconteceunovale.com.br\/portal\/index.php?rest_route=%2Fwp%2Fv2%2Fmedia&parent=45112"}],"wp:term":[{"taxonomy":"category","embeddable":true,"href":"https:\/\/aconteceunovale.com.br\/portal\/index.php?rest_route=%2Fwp%2Fv2%2Fcategories&post=45112"},{"taxonomy":"post_tag","embeddable":true,"href":"https:\/\/aconteceunovale.com.br\/portal\/index.php?rest_route=%2Fwp%2Fv2%2Ftags&post=45112"}],"curies":[{"name":"wp","href":"https:\/\/api.w.org\/{rel}","templated":true}]}}