{"id":45099,"date":"2014-11-12T10:16:57","date_gmt":"2014-11-12T13:16:57","guid":{"rendered":"http:\/\/aconteceunovale.com.br\/portal\/?p=45099"},"modified":"2014-11-12T10:16:57","modified_gmt":"2014-11-12T13:16:57","slug":"corpo-de-bombeiros-de-minas-gerais-publica-edital-para-30-vagas-de-oficiais","status":"publish","type":"post","link":"https:\/\/aconteceunovale.com.br\/portal\/?p=45099","title":{"rendered":"Corpo de Bombeiros de Minas Gerais publica edital para 30 vagas de oficiais"},"content":{"rendered":"<h4><strong><em>Das vagas oferecidas, 27 s\u00e3o para o sexo masculino e tr\u00eas para o sexo feminino. Inscri\u00e7\u00f5es ser\u00e3o abertas em janeiro<\/em><\/strong><\/h4>\n<div id=\"fb-root\"><\/div>\n<p>\t\t\t\t<script>(function(d, s, id) {\n\t\t\t\t  var js, fjs = d.getElementsByTagName(s)[0];\n\t\t\t\t  if (d.getElementById(id)) return;\n\t\t\t\t  js = d.createElement(s); js.id = id;\n\t\t\t\t  js.src = \"\/\/connect.facebook.net\/pt_BR\/sdk.js#xfbml=1&appId=691575364226355&version=v2.0\";\n\t\t\t\t  fjs.parentNode.insertBefore(js, fjs);\n\t\t\t\t}(document, 'script', 'facebook-jssdk'));<\/script><\/p>\n<div class=\"fb-like\" data-href=\"https:\/\/www.facebook.com\/aconteceunovale\" data-layout=\"button_count\" data-action=\"like\" data-show-faces=\"true\" data-share=\"true\"><\/div>\n<p><\/br><\/p>\n<p>Foi publicado, nessa ter\u00e7a-feira (11), o edital para o Curso de Forma\u00e7\u00e3o de Oficiais Bombeiros (CFO), com previs\u00e3o de 30 vagas. As inscri\u00e7\u00f5es estar\u00e3o abertas de 12 de janeiro a 19 de fevereiro de 2016. O concurso ser\u00e1 coordenado pelo Instituto de Desenvolvimento Educacional, Cultural e Assistencial Nacional (Idecan). Das vagas oferecidas, 27 s\u00e3o para o sexo masculino e tr\u00eas para o sexo feminino.<\/p>\n<p>O curso tem dura\u00e7\u00e3o de tr\u00eas anos e est\u00e1 em processo de reconhecimento como gradua\u00e7\u00e3o em Ci\u00eancias Militares, com \u00eanfase em Preven\u00e7\u00e3o e Gest\u00e3o de Cat\u00e1strofe, pelo Conselho Estadual de Educa\u00e7\u00e3o. As aulas ser\u00e3o ministradas na Academia de Bombeiros Militar (ABM), em Belo Horizonte, mas, ap\u00f3s a sua conclus\u00e3o, os militares ocupar\u00e3o vagas nas Unidades do Corpo de Bombeiros na capital e no interior do Estado.<\/p>\n<p>O candidato convocado ser\u00e1 nomeado Cadete, com vencimento inicial de R$ 5.769,42, valor vigente na data de publica\u00e7\u00e3o edital. Durante a forma\u00e7\u00e3o, o Cadete tem direito \u00e0 remunera\u00e7\u00e3o, abono fardamento, assist\u00eancia m\u00e9dico-hospitalar, psicol\u00f3gica e odontol\u00f3gica.  O concurso n\u00e3o prev\u00ea reserva de vagas para portadores de necessidades especiais, tendo em vista a natureza do cargo.<\/p>\n<h4>Provas<\/h4>\n<p>O candidato deve ser brasileiro nato, possuir idoneidade moral, estar em dia com as obriga\u00e7\u00f5es eleitorais e militares, ter entre 18 e 30 anos at\u00e9 a data de in\u00edcio do curso (nascidos entre 01.02.1986  e 01\/02\/1998), Ensino M\u00e9dio completo ou equivalente at\u00e9 a data da matr\u00edcula, altura m\u00ednima de 1,60 m, aptid\u00e3o f\u00edsica e ser aprovado em avalia\u00e7\u00e3o psicol\u00f3gica.  O valor da taxa de inscri\u00e7\u00e3o \u00e9 de R$175,00, sendo que os comprovadamente desempregados pode requerer a isen\u00e7\u00e3o desse valor no per\u00edodo de 12 a 16 de janeiro. As provas objetivas ser\u00e3o aplicadas no dia 15 de mar\u00e7o de 2015, somente na cidade de Belo Horizonte. Os candidatos ainda far\u00e3o exames de sa\u00fade e psicol\u00f3gico, al\u00e9m de testes de avalia\u00e7\u00e3o f\u00edsica e toxicol\u00f3gico.<\/p>\n<p>O edital completo pode ser consultado no site <a href=\"http:\/\/www.bombeiros.mg.gov.br\" target=\"_blank\">www.bombeiros.mg.gov.br<\/a> e no site <a href=\"http:\/\/www.idecan.org.br\" target=\"_blank\">www.idecan.org.br<\/a><\/p>\n","protected":false},"excerpt":{"rendered":"<p>Das vagas oferecidas, 27 s\u00e3o para o sexo masculino e tr\u00eas para o sexo feminino. Inscri\u00e7\u00f5es ser\u00e3o abertas em janeiro Foi publicado, nessa ter\u00e7a-feira (11), o edital para o Curso de Forma\u00e7\u00e3o de Oficiais Bombeiros (CFO), com previs\u00e3o de 30 vagas. As inscri\u00e7\u00f5es estar\u00e3o abertas de 12 de janeiro a 19 de fevereiro de 2016. [&hellip;]<\/p>\n","protected":false},"author":1,"featured_media":16072,"comment_status":"open","ping_status":"closed","sticky":false,"template":"","format":"standard","meta":{"amp_status":"","footnotes":""},"categories":[123],"tags":[700,22625,22623,22624],"class_list":["post-45099","post","type-post","status-publish","format-standard","has-post-thumbnail","hentry","category-gerais","tag-concurso-publico","tag-concurso-publico-para-o-corpo-de-bombeiros-de-minas-gerais","tag-corpo-de-bombeiros-de-minas-gerais-publica-edital-para-30-vagas-de-oficiais","tag-curso-de-formacao-de-oficiais-bombeiros"],"_links":{"self":[{"href":"https:\/\/aconteceunovale.com.br\/portal\/index.php?rest_route=\/wp\/v2\/posts\/45099","targetHints":{"allow":["GET"]}}],"collection":[{"href":"https:\/\/aconteceunovale.com.br\/portal\/index.php?rest_route=\/wp\/v2\/posts"}],"about":[{"href":"https:\/\/aconteceunovale.com.br\/portal\/index.php?rest_route=\/wp\/v2\/types\/post"}],"author":[{"embeddable":true,"href":"https:\/\/aconteceunovale.com.br\/portal\/index.php?rest_route=\/wp\/v2\/users\/1"}],"replies":[{"embeddable":true,"href":"https:\/\/aconteceunovale.com.br\/portal\/index.php?rest_route=%2Fwp%2Fv2%2Fcomments&post=45099"}],"version-history":[{"count":0,"href":"https:\/\/aconteceunovale.com.br\/portal\/index.php?rest_route=\/wp\/v2\/posts\/45099\/revisions"}],"wp:featuredmedia":[{"embeddable":true,"href":"https:\/\/aconteceunovale.com.br\/portal\/index.php?rest_route=\/wp\/v2\/media\/16072"}],"wp:attachment":[{"href":"https:\/\/aconteceunovale.com.br\/portal\/index.php?rest_route=%2Fwp%2Fv2%2Fmedia&parent=45099"}],"wp:term":[{"taxonomy":"category","embeddable":true,"href":"https:\/\/aconteceunovale.com.br\/portal\/index.php?rest_route=%2Fwp%2Fv2%2Fcategories&post=45099"},{"taxonomy":"post_tag","embeddable":true,"href":"https:\/\/aconteceunovale.com.br\/portal\/index.php?rest_route=%2Fwp%2Fv2%2Ftags&post=45099"}],"curies":[{"name":"wp","href":"https:\/\/api.w.org\/{rel}","templated":true}]}}