{"id":45091,"date":"2014-11-12T10:02:59","date_gmt":"2014-11-12T13:02:59","guid":{"rendered":"http:\/\/aconteceunovale.com.br\/portal\/?p=45091"},"modified":"2014-11-12T10:02:59","modified_gmt":"2014-11-12T13:02:59","slug":"populacao-de-sao-francisco-recebe-o-projeto-parceria-pela-vida","status":"publish","type":"post","link":"https:\/\/aconteceunovale.com.br\/portal\/?p=45091","title":{"rendered":"Popula\u00e7\u00e3o de S\u00e3o Francisco recebe o projeto Parceria pela Vida"},"content":{"rendered":"<h4><strong><em>O encontro realizado pelo Samu no Norte de Minas reuniu prefeitos e comunidade dos 16 munic\u00edpios da microrregi\u00e3o Bras\u00edlia de Minas\/S\u00e3o Francisco<\/em><\/strong><\/h4>\n<div id=\"fb-root\"><\/div>\n<p>\t\t\t\t<script>(function(d, s, id) {\n\t\t\t\t  var js, fjs = d.getElementsByTagName(s)[0];\n\t\t\t\t  if (d.getElementById(id)) return;\n\t\t\t\t  js = d.createElement(s); js.id = id;\n\t\t\t\t  js.src = \"\/\/connect.facebook.net\/pt_BR\/sdk.js#xfbml=1&appId=691575364226355&version=v2.0\";\n\t\t\t\t  fjs.parentNode.insertBefore(js, fjs);\n\t\t\t\t}(document, 'script', 'facebook-jssdk'));<\/script><\/p>\n<div class=\"fb-like\" data-href=\"https:\/\/www.facebook.com\/aconteceunovale\" data-layout=\"button_count\" data-action=\"like\" data-show-faces=\"true\" data-share=\"true\"><\/div>\n<p><\/br><\/p>\n<p>Prefeitos e demais autoridades, profissionais de sa\u00fade e comunidade dos 16 munic\u00edpios que comp\u00f5em a microrregi\u00e3o de sa\u00fade Bras\u00edlia de Minas\/S\u00e3o Francisco participaram, nesta ter\u00e7a-feira, 11\/11, de uma reuni\u00e3o p\u00fablica promovida pelo Servi\u00e7o de Atendimento M\u00f3vel de Urg\u00eancia do Norte de Minas (Samu Macro Norte).<\/p>\n<p>Com o tema \u201cParceria pela Vida: O Samu mais perto de voc\u00ea\u201d, o encontro foi realizado na cidade de S\u00e3o Francisco, com objetivo de promover um esfor\u00e7o de comunica\u00e7\u00e3o de car\u00e1ter educativo e social para que a popula\u00e7\u00e3o seja orientada em rela\u00e7\u00e3o \u00e0 melhor utiliza\u00e7\u00e3o dos servi\u00e7os prestados pelo SAMU 192 na regi\u00e3o.<\/p>\n<p><img decoding=\"async\" src=\"http:\/\/aconteceunovale.com.br\/portal\/wp-content\/uploads\/2014\/11\/pacto_pela_vida_sf_1.jpg\" alt=\"\" \/><em>Autoridades da regi\u00e3o de Bras\u00edlia de Minas\/S\u00e3o Francisco &#8211; Foto: Divulga\u00e7\u00e3o<\/em><br \/>\n<\/br><\/p>\n<p>Durante o encontro, o presidente do Cons\u00f3rcio Intermunicipal de Sa\u00fade da rede de Urg\u00eancia do Norte de Minas (Cisrun) e prefeito de Bocaiuva, Ricardo Afonso Veloso, destacou a import\u00e2ncia da orienta\u00e7\u00e3o da popula\u00e7\u00e3o para melhoria da gest\u00e3o do servi\u00e7o. \u201cCerca de 30% dos chamados recebidos pelo Samu s\u00e3o trote, que al\u00e9m de dificultar o atendimento a uma pessoa que realmente necessita geram gastos de recursos com a sa\u00edda de ambul\u00e2ncias desnecessariamente. Por isso \u00e9 importante que a popula\u00e7\u00e3o seja orientada para melhor utilizar o servi\u00e7o\u201d, justifica.<\/p>\n<p>As reuni\u00f5es est\u00e3o sendo realizadas nos munic\u00edpios sede das microrregi\u00f5es, quando s\u00e3o apresentados os dados estat\u00edsticos dos atendimentos do Samu; repassadas orienta\u00e7\u00f5es sobre a ado\u00e7\u00e3o de comportamento seguro para evitar acidentes ou situa\u00e7\u00f5es que coloquem a vida em risco; as situa\u00e7\u00f5es em que o Samu deve ser acionado pelo n\u00famero 192; e apresentados os avan\u00e7os alcan\u00e7ados pelo servi\u00e7o nos \u00faltimos cinco anos.<\/p>\n<p>O gerente regional de Sa\u00fade de Janu\u00e1ria, Carlos Manoel Pereira da Costa, explica que a sa\u00fade na regi\u00e3o foi redimensionada com a implanta\u00e7\u00e3o da rede de Urg\u00eancia e Emerg\u00eancia. \u201cMuitas vidas que se perderiam por causas evit\u00e1veis hoje s\u00e3o salvas gra\u00e7as \u00e0 organiza\u00e7\u00e3o da rede, que promoveu o acesso ao servi\u00e7o pr\u00e9-hospitalar, atrav\u00e9s do Samu, e a qualifica\u00e7\u00e3o e reestrutura\u00e7\u00e3o dos hospitais regionais. Esse resultado s\u00f3 foi poss\u00edvel pela parceria do Estado, Uni\u00e3o e Munic\u00edpios, atrav\u00e9s do Cisrun, que se tornou um importante instrumento de gest\u00e3o de sa\u00fade. O resultado \u00e9 p\u00fablico e not\u00f3rio, e motivo para comemorar\u201d, ressalta.<\/p>\n<p><img decoding=\"async\" src=\"http:\/\/aconteceunovale.com.br\/portal\/wp-content\/uploads\/2014\/11\/pacto_pela_vida_sf_2.jpg\" alt=\"\" \/><em>Popula\u00e7\u00e3o de S\u00e3o Francisco recebe o projeto Parceria pela Vida &#8211; Foto: Divulga\u00e7\u00e3o<\/em><br \/>\n<\/br><\/p>\n<p>A regi\u00e3o de sa\u00fade S\u00e3o Francisco\/Bras\u00edlia de Minas possui sete bases descentralizadas do Samu, sendo seis b\u00e1sicas e uma avan\u00e7ada para atender \u00e0 popula\u00e7\u00e3o de 238.649 habitantes. O Samu recebe mensalmente uma m\u00e9dia de 618 chamados para atendimento na regi\u00e3o, sendo 78% na \u00e1rea urbana e 22% na zona rural.<\/p>\n<p>Para o presidente da Associa\u00e7\u00e3o dos Munic\u00edpios da \u00c1rea Mineira da Sudene (Amams) e prefeito de Mirabela, Carl\u00facio Mendes Leite, a atua\u00e7\u00e3o do Samu \u00e9 um divisor de \u00e1guas na assist\u00eancia \u00e0 sa\u00fade no Norte de Minas. \u201cHoje, todos os munic\u00edpios da regi\u00e3o contam com a cobertura do Samu em p\u00e9 de igualdade, ou seja, a qualidade do servi\u00e7o \u00e9 a mesma para todos os munic\u00edpios, cumprindo os princ\u00edpios doutrin\u00e1rios do SUS. Ainda temos muito a avan\u00e7ar, mas os resultados alcan\u00e7ados mostram que estamos no caminho certo\u201d, avalia.<\/p>\n<p>No encontro, os prefeitos dos 16 munic\u00edpios receberam uma homenagem especial do Cisrun, pela parceria na gest\u00e3o do Samu Macro Norte. <\/p>\n<p>O prefeito de S\u00e3o Francisco, Luiz Rocha Neto, diz que o Samu Macro Norte \u00e9 a g\u00eanese do Samu regional do pa\u00eds. \u201cTemos orgulho em ser pioneiros de um projeto t\u00e3o importante para a sa\u00fade p\u00fablica, que \u00e9 a regionaliza\u00e7\u00e3o do atendimento pr\u00e9-hospitalar, n\u00e3o s\u00f3 de Minas Gerais, mas de todo o pa\u00eds. Sem esse projeto pioneiro, certamente n\u00f3s dos pequenos munic\u00edpios n\u00e3o ter\u00edamos acesso a um atendimento pr\u00e9-hospitalar com a qualidade e tempestividade que contamos hoje, porque esse servi\u00e7o at\u00e9 ent\u00e3o era reservado \u00e0s grandes cidades. Ent\u00e3o, \u00e9 com muito orgulho que S\u00e3o Francisco recebe esse t\u00edtulo de Munic\u00edpio Parceiro pela Vida e renovamos nosso compromisso e parceria para a manuten\u00e7\u00e3o do Samu na regi\u00e3o\u201d, conclui. <\/p>\n<p>Antes da reuni\u00e3o p\u00fablica, cerca de 80 socorristas do Samu e profissionais dos hospitais e centros de sa\u00fade dos munic\u00edpios envolvidos no encontro participaram de um curso de atualiza\u00e7\u00e3o em urg\u00eancia e emerg\u00eancia, ministrado por instrutores do N\u00facleo de Educa\u00e7\u00e3o Permanente do Samu Macro Norte.<\/p>\n<p><img decoding=\"async\" src=\"http:\/\/aconteceunovale.com.br\/portal\/wp-content\/uploads\/2014\/11\/pacto_pela_vida_sf_3.jpg\" alt=\"\" \/><em>Popula\u00e7\u00e3o de S\u00e3o Francisco recebe o projeto Parceria pela Vida &#8211; Foto: Divulga\u00e7\u00e3o<\/em><\/p>\n","protected":false},"excerpt":{"rendered":"<p>O encontro realizado pelo Samu no Norte de Minas reuniu prefeitos e comunidade dos 16 munic\u00edpios da microrregi\u00e3o Bras\u00edlia de Minas\/S\u00e3o Francisco Prefeitos e demais autoridades, profissionais de sa\u00fade e comunidade dos 16 munic\u00edpios que comp\u00f5em a microrregi\u00e3o de sa\u00fade Bras\u00edlia de Minas\/S\u00e3o Francisco participaram, nesta ter\u00e7a-feira, 11\/11, de uma reuni\u00e3o p\u00fablica promovida pelo Servi\u00e7o [&hellip;]<\/p>\n","protected":false},"author":1,"featured_media":45092,"comment_status":"open","ping_status":"closed","sticky":false,"template":"","format":"standard","meta":{"amp_status":"","footnotes":""},"categories":[1236],"tags":[949,14804,645,195,22618,14805,22050,22051,205,22619,1699,22616,22617,14636,13731,21139,4040,1522],"class_list":["post-45091","post","type-post","status-publish","format-standard","has-post-thumbnail","hentry","category-norte_de_minas","tag-amams","tag-associacao-dos-municipios-da-area-mineira-da-sudene","tag-bocaiuva","tag-brasilia-de-minas","tag-carlos-manoel-pereira-da-costa","tag-carlucio-mendes-leite","tag-cisrun","tag-consorcio-intermunicipal-de-saude-da-rede-de-urgencia-do-norte-de-minas","tag-januaria","tag-luiz-rocha-neto","tag-mirabela","tag-populacao-de-sao-francisco-recebe-o-projeto-parceria-pela-vida","tag-projeto-parceria-pela-vida","tag-ricardo-afonso-veloso","tag-samu","tag-samu-do-norte-de-minas","tag-samu-macro-norte","tag-sao-francisco"],"_links":{"self":[{"href":"https:\/\/aconteceunovale.com.br\/portal\/index.php?rest_route=\/wp\/v2\/posts\/45091","targetHints":{"allow":["GET"]}}],"collection":[{"href":"https:\/\/aconteceunovale.com.br\/portal\/index.php?rest_route=\/wp\/v2\/posts"}],"about":[{"href":"https:\/\/aconteceunovale.com.br\/portal\/index.php?rest_route=\/wp\/v2\/types\/post"}],"author":[{"embeddable":true,"href":"https:\/\/aconteceunovale.com.br\/portal\/index.php?rest_route=\/wp\/v2\/users\/1"}],"replies":[{"embeddable":true,"href":"https:\/\/aconteceunovale.com.br\/portal\/index.php?rest_route=%2Fwp%2Fv2%2Fcomments&post=45091"}],"version-history":[{"count":0,"href":"https:\/\/aconteceunovale.com.br\/portal\/index.php?rest_route=\/wp\/v2\/posts\/45091\/revisions"}],"wp:featuredmedia":[{"embeddable":true,"href":"https:\/\/aconteceunovale.com.br\/portal\/index.php?rest_route=\/wp\/v2\/media\/45092"}],"wp:attachment":[{"href":"https:\/\/aconteceunovale.com.br\/portal\/index.php?rest_route=%2Fwp%2Fv2%2Fmedia&parent=45091"}],"wp:term":[{"taxonomy":"category","embeddable":true,"href":"https:\/\/aconteceunovale.com.br\/portal\/index.php?rest_route=%2Fwp%2Fv2%2Fcategories&post=45091"},{"taxonomy":"post_tag","embeddable":true,"href":"https:\/\/aconteceunovale.com.br\/portal\/index.php?rest_route=%2Fwp%2Fv2%2Ftags&post=45091"}],"curies":[{"name":"wp","href":"https:\/\/api.w.org\/{rel}","templated":true}]}}