{"id":45089,"date":"2014-11-12T09:54:54","date_gmt":"2014-11-12T12:54:54","guid":{"rendered":"http:\/\/aconteceunovale.com.br\/portal\/?p=45089"},"modified":"2014-11-12T09:54:54","modified_gmt":"2014-11-12T12:54:54","slug":"plantao-do-samu-no-norte-de-minas-gerais-11-de-novembro-de-2014","status":"publish","type":"post","link":"https:\/\/aconteceunovale.com.br\/portal\/?p=45089","title":{"rendered":"Plant\u00e3o do Samu no Norte de Minas Gerais &#8211; 11 de novembro de 2014"},"content":{"rendered":"<h4><strong>Ter\u00e7a-feira, 11 de novembro de 2014<\/strong><\/h4>\n<div id=\"fb-root\"><\/div>\n<p>\t\t\t\t<script>(function(d, s, id) {\n\t\t\t\t  var js, fjs = d.getElementsByTagName(s)[0];\n\t\t\t\t  if (d.getElementById(id)) return;\n\t\t\t\t  js = d.createElement(s); js.id = id;\n\t\t\t\t  js.src = \"\/\/connect.facebook.net\/pt_BR\/sdk.js#xfbml=1&appId=691575364226355&version=v2.0\";\n\t\t\t\t  fjs.parentNode.insertBefore(js, fjs);\n\t\t\t\t}(document, 'script', 'facebook-jssdk'));<\/script><\/p>\n<div class=\"fb-like\" data-href=\"https:\/\/www.facebook.com\/aconteceunovale\" data-layout=\"button_count\" data-action=\"like\" data-show-faces=\"true\" data-share=\"true\"><\/div>\n<p><\/br><\/p>\n<p>A unidade do SAMU de Montes Claros realizou nesta ter\u00e7a-feira, 11\/11, 36 atendimentos, sendo 23 casos cl\u00ednicos e 13 em decorr\u00eancia de acidente de tr\u00e2nsito.<\/p>\n<p>Por volta da 21h30, a unidade do Samu foi acionada na para atendimento a cinco v\u00edtimas de um acidente ocorrido na Avenida Imperatriz Leopoldina, bairro Independ\u00eancia, envolvendo duas motos e ma bicicleta. Uma mulher de 19 anos e outra de 32 anos, e tr\u00eas homens de 23, 21 e 38 anos escoria\u00e7\u00f5es, fraturas e cortes pelo corpo, sendo encaminhados ao hospital ap\u00f3s receberem os primeiros atendimentos no local. Um dos condutores da moto estava visivelmente embriagado.<\/p>\n<p>\u00c0s 19h50, uma mulher de 19 anos ficou ferida ap\u00f3s colidir de moto contra um carro na Avenida S\u00e3o Judas, bairro S\u00e3o Judas. Ela apresentava corte contuso no nariz, necessitando de sutura no local.<\/p>\n<p>Por volta das 18h40, um homem de 42 anos caiu de uma carro\u00e7a na Rua Oito, bairro Chiquinho Guimar\u00e3es. Ele estava consciente e orientado, relata dor no tornozelo direito, onde apresentava escoria\u00e7\u00f5es e d\u00e9ficit motor. <\/p>\n<p>\u00c0s 15h47, uma mulher de 42 anos caiu de moto no bairro Cintra. Ela estava na garupa da moto e se queixava de dor na regi\u00e3o cervical e nos bra\u00e7os.<\/p>\n<p>\u00c0s 13h56, um jovem de 17 anos caiu de moto na Avenida Tucuru\u00ed, bairro Interlagos, e relata dor abdominal \u00e0 apalpa\u00e7\u00e3o.<\/p>\n<p>\u00c0s 12h, duas pessoas ficaram feridas ap\u00f3s colis\u00e3o entre duas motos na Rua Padre Vieira, bairro S\u00e3o Judas. Uma mulher de 31 anos, que estava em uma das motos, apresentava poss\u00edvel fratura no p\u00e9 esquerda e escoria\u00e7\u00f5es na regi\u00e3o dorsal. O condutor da outra moto, de 51 anos, apresentava poss\u00edvel fratura no bra\u00e7o esquerdo. <\/p>\n<p>\u00c0s 9h, um homem de 27 anos caiu de moto na Avenida Leonel Beir\u00e3o de Jesus, e relatava dor em tornozelo esquerdo e na clav\u00edcula.<\/p>\n<p>\u00c0s 8h50, uma mulher de 25 anos caiu de moto na Avenida Feliciano Martins de Freitas, Vila Regina, apresentando escoria\u00e7\u00f5es nas pernas e no punho direito.<\/p>\n<p>Em todas as ocorr\u00eancias os feridos receberam os primeiros atendimentos no local e foram encaminhados ao hospital para avalia\u00e7\u00e3o.<\/p>\n","protected":false},"excerpt":{"rendered":"<p>Ter\u00e7a-feira, 11 de novembro de 2014 A unidade do SAMU de Montes Claros realizou nesta ter\u00e7a-feira, 11\/11, 36 atendimentos, sendo 23 casos cl\u00ednicos e 13 em decorr\u00eancia de acidente de tr\u00e2nsito. Por volta da 21h30, a unidade do Samu foi acionada na para atendimento a cinco v\u00edtimas de um acidente ocorrido na Avenida Imperatriz Leopoldina, [&hellip;]<\/p>\n","protected":false},"author":1,"featured_media":37592,"comment_status":"open","ping_status":"closed","sticky":false,"template":"","format":"standard","meta":{"amp_status":"","footnotes":""},"categories":[1236],"tags":[18898,22615,13731,21139,4040],"class_list":["post-45089","post","type-post","status-publish","format-standard","has-post-thumbnail","hentry","category-norte_de_minas","tag-plantao-do-samu-macro-norte","tag-plantao-do-samu-no-norte-de-minas-gerais-11-de-novembro-de-2014","tag-samu","tag-samu-do-norte-de-minas","tag-samu-macro-norte"],"_links":{"self":[{"href":"https:\/\/aconteceunovale.com.br\/portal\/index.php?rest_route=\/wp\/v2\/posts\/45089","targetHints":{"allow":["GET"]}}],"collection":[{"href":"https:\/\/aconteceunovale.com.br\/portal\/index.php?rest_route=\/wp\/v2\/posts"}],"about":[{"href":"https:\/\/aconteceunovale.com.br\/portal\/index.php?rest_route=\/wp\/v2\/types\/post"}],"author":[{"embeddable":true,"href":"https:\/\/aconteceunovale.com.br\/portal\/index.php?rest_route=\/wp\/v2\/users\/1"}],"replies":[{"embeddable":true,"href":"https:\/\/aconteceunovale.com.br\/portal\/index.php?rest_route=%2Fwp%2Fv2%2Fcomments&post=45089"}],"version-history":[{"count":0,"href":"https:\/\/aconteceunovale.com.br\/portal\/index.php?rest_route=\/wp\/v2\/posts\/45089\/revisions"}],"wp:featuredmedia":[{"embeddable":true,"href":"https:\/\/aconteceunovale.com.br\/portal\/index.php?rest_route=\/wp\/v2\/media\/37592"}],"wp:attachment":[{"href":"https:\/\/aconteceunovale.com.br\/portal\/index.php?rest_route=%2Fwp%2Fv2%2Fmedia&parent=45089"}],"wp:term":[{"taxonomy":"category","embeddable":true,"href":"https:\/\/aconteceunovale.com.br\/portal\/index.php?rest_route=%2Fwp%2Fv2%2Fcategories&post=45089"},{"taxonomy":"post_tag","embeddable":true,"href":"https:\/\/aconteceunovale.com.br\/portal\/index.php?rest_route=%2Fwp%2Fv2%2Ftags&post=45089"}],"curies":[{"name":"wp","href":"https:\/\/api.w.org\/{rel}","templated":true}]}}