{"id":45073,"date":"2014-11-11T19:02:15","date_gmt":"2014-11-11T22:02:15","guid":{"rendered":"http:\/\/aconteceunovale.com.br\/portal\/?p=45073"},"modified":"2014-11-11T19:02:15","modified_gmt":"2014-11-11T22:02:15","slug":"montes-claros-ganhara-16-novas-cameras-do-olho-vivo-2","status":"publish","type":"post","link":"https:\/\/aconteceunovale.com.br\/portal\/?p=45073","title":{"rendered":"Montes Claros ganhar\u00e1 16 novas c\u00e2meras do Olho Vivo"},"content":{"rendered":"<div id=\"fb-root\"><\/div>\n<p>\t\t\t\t<script>(function(d, s, id) {\n\t\t\t\t  var js, fjs = d.getElementsByTagName(s)[0];\n\t\t\t\t  if (d.getElementById(id)) return;\n\t\t\t\t  js = d.createElement(s); js.id = id;\n\t\t\t\t  js.src = \"\/\/connect.facebook.net\/pt_BR\/sdk.js#xfbml=1&appId=691575364226355&version=v2.0\";\n\t\t\t\t  fjs.parentNode.insertBefore(js, fjs);\n\t\t\t\t}(document, 'script', 'facebook-jssdk'));<\/script><\/p>\n<div class=\"fb-like\" data-href=\"https:\/\/www.facebook.com\/aconteceunovale\" data-layout=\"button_count\" data-action=\"like\" data-show-faces=\"true\" data-share=\"true\"><\/div>\n<p><\/br><\/p>\n<p>As novas c\u00e2meras do Olho Vivo em Montes Claros, na regi\u00e3o Norte de Minas, come\u00e7ar\u00e3o a funcionar at\u00e9 o dia 15 de dezembro. O an\u00fancio foi feito nesta ter\u00e7a-feira (11), pela prefeitura. Ao todo, ser\u00e3o 16 novos equipamentos espalhados pela cidade, que totalizar\u00e3o 52 aparelhos de monitoramento.<\/p>\n<p>Segundo a Prefeitura de Montes Claros, as hastes de metal, com as c\u00e2meras, ser\u00e3o instaladas nos pr\u00f3ximos dias. Recentemente, foram instaladas as fia\u00e7\u00f5es subterr\u00e2neas dos equipamentos. A sede do monitoramento do programa tamb\u00e9m ser\u00e1 transferida. O novo controle sair\u00e1 do bairro Cintra para o Ibituruna.<\/p>\n<p>O chefe do Centro de Opera\u00e7\u00f5es da Pol\u00edcia Militar (COPOM), tenente Ad\u00e3o Leal, informa que o programa existe na cidade desde 2008 e s\u00e3o 36 c\u00e2meras atualmente na cidade. Ele diz que o Olho Vivo visa aumentar  a seguran\u00e7a p\u00fablica, inibindo a a\u00e7\u00e3o de marginais e possibilitando maior efici\u00eancia da pol\u00edcia.<\/p>\n<p>O militar lembrou que as c\u00e2maras ser\u00e3o todas substitu\u00eddas por modelos digitais e disse que a criminalidade, na \u00e1rea central de Montes Claros, diminuiu cerca de 70%, a instala\u00e7\u00e3o do Programa, em 2008. \u201cA diferen\u00e7a das c\u00e2meras atuais para as digitais \u00e9 influencia em melhor resolu\u00e7\u00e3o e tamb\u00e9m o tempo de armazenamento. O modelo digital armazena por at\u00e9 30 dias as imagens, sem grava\u00e7\u00e3o\u201d, afirmou.<\/p>\n<p><img decoding=\"async\" src=\"http:\/\/aconteceunovale.com.br\/portal\/wp-content\/uploads\/2014\/11\/olho_vivo_moc.jpg\" alt=\"\" \/><em>Olho Vivo ter\u00e1 16 novas c\u00e2meras em Montes Claros &#8211; Foto: F\u00e1bio Mar\u00e7al \/ Ascom PMMC<\/em><br \/>\n<\/br><\/p>\n<p><strong><em>(Fonte: Prefeitura de Montes Claros)<\/em><\/strong><\/p>\n","protected":false},"excerpt":{"rendered":"<p>As novas c\u00e2meras do Olho Vivo em Montes Claros, na regi\u00e3o Norte de Minas, come\u00e7ar\u00e3o a funcionar at\u00e9 o dia 15 de dezembro. O an\u00fancio foi feito nesta ter\u00e7a-feira (11), pela prefeitura. Ao todo, ser\u00e3o 16 novos equipamentos espalhados pela cidade, que totalizar\u00e3o 52 aparelhos de monitoramento. Segundo a Prefeitura de Montes Claros, as hastes [&hellip;]<\/p>\n","protected":false},"author":1,"featured_media":45069,"comment_status":"open","ping_status":"closed","sticky":false,"template":"","format":"standard","meta":{"amp_status":"","footnotes":""},"categories":[1236],"tags":[22609,210,22608,22610],"class_list":["post-45073","post","type-post","status-publish","format-standard","has-post-thumbnail","hentry","category-norte_de_minas","tag-cameras-do-olho-vivo-em-montes-claros","tag-montes-claros","tag-montes-claros-ganhara-16-novas-cameras-do-olho-vivo","tag-olho-vivo-em-montes-claros"],"_links":{"self":[{"href":"https:\/\/aconteceunovale.com.br\/portal\/index.php?rest_route=\/wp\/v2\/posts\/45073","targetHints":{"allow":["GET"]}}],"collection":[{"href":"https:\/\/aconteceunovale.com.br\/portal\/index.php?rest_route=\/wp\/v2\/posts"}],"about":[{"href":"https:\/\/aconteceunovale.com.br\/portal\/index.php?rest_route=\/wp\/v2\/types\/post"}],"author":[{"embeddable":true,"href":"https:\/\/aconteceunovale.com.br\/portal\/index.php?rest_route=\/wp\/v2\/users\/1"}],"replies":[{"embeddable":true,"href":"https:\/\/aconteceunovale.com.br\/portal\/index.php?rest_route=%2Fwp%2Fv2%2Fcomments&post=45073"}],"version-history":[{"count":0,"href":"https:\/\/aconteceunovale.com.br\/portal\/index.php?rest_route=\/wp\/v2\/posts\/45073\/revisions"}],"wp:featuredmedia":[{"embeddable":true,"href":"https:\/\/aconteceunovale.com.br\/portal\/index.php?rest_route=\/wp\/v2\/media\/45069"}],"wp:attachment":[{"href":"https:\/\/aconteceunovale.com.br\/portal\/index.php?rest_route=%2Fwp%2Fv2%2Fmedia&parent=45073"}],"wp:term":[{"taxonomy":"category","embeddable":true,"href":"https:\/\/aconteceunovale.com.br\/portal\/index.php?rest_route=%2Fwp%2Fv2%2Fcategories&post=45073"},{"taxonomy":"post_tag","embeddable":true,"href":"https:\/\/aconteceunovale.com.br\/portal\/index.php?rest_route=%2Fwp%2Fv2%2Ftags&post=45073"}],"curies":[{"name":"wp","href":"https:\/\/api.w.org\/{rel}","templated":true}]}}