{"id":45066,"date":"2014-11-11T19:31:26","date_gmt":"2014-11-11T22:31:26","guid":{"rendered":"http:\/\/aconteceunovale.com.br\/portal\/?p=45066"},"modified":"2014-11-11T19:55:57","modified_gmt":"2014-11-11T22:55:57","slug":"vitimas-de-acidente-aereo-no-vale-do-jequitinhonha-sao-identificadas","status":"publish","type":"post","link":"https:\/\/aconteceunovale.com.br\/portal\/?p=45066","title":{"rendered":"V\u00edtimas de acidente a\u00e9reo no Vale do Jequitinhonha s\u00e3o identificadas"},"content":{"rendered":"<h4><strong><em>Avi\u00e3o caiu no munic\u00edpio de Bandeira, perto da divisa de Minas com a Bahia. Os tr\u00eas ocupantes da aeronave morreram no acidente.<\/em><\/strong><\/h4>\n<div id=\"fb-root\"><\/div>\n<p>\t\t\t\t<script>(function(d, s, id) {\n\t\t\t\t  var js, fjs = d.getElementsByTagName(s)[0];\n\t\t\t\t  if (d.getElementById(id)) return;\n\t\t\t\t  js = d.createElement(s); js.id = id;\n\t\t\t\t  js.src = \"\/\/connect.facebook.net\/pt_BR\/sdk.js#xfbml=1&appId=691575364226355&version=v2.0\";\n\t\t\t\t  fjs.parentNode.insertBefore(js, fjs);\n\t\t\t\t}(document, 'script', 'facebook-jssdk'));<\/script><\/p>\n<div class=\"fb-like\" data-href=\"https:\/\/www.facebook.com\/aconteceunovale\" data-layout=\"button_count\" data-action=\"like\" data-show-faces=\"true\" data-share=\"true\"><\/div>\n<p><\/br><\/p>\n<p>As tr\u00eas v\u00edtimas da queda de um monomotor, modelo A36 Bonanza, em Bandeira, na regi\u00e3o do Vale do Jequitinhonha, foram identificadas nesta ter\u00e7a-feira, 11 de novembro. O avi\u00e3o caiu na tarde de segunda-feira, em uma fazenda na divisa entre Minas e Bahia.<\/p>\n<p>De acordo com a Pol\u00edcia Civil de Almenara, os corpos das tr\u00eas v\u00edtimas do acidente a\u00e9reo foram levados para o Instituto M\u00e9dico Legal do munic\u00edpio de Pedra Azul. As v\u00edtimas foram identificadas como Yves Monte Costa, de 36 anos, Yves Brand\u00e3o Moreno, 25, e Lucas Henrique F\u00e9lix Lima, de 21 anos, que era o piloto da aeronave e residia em Salvador.<\/p>\n<p><img decoding=\"async\" src=\"http:\/\/aconteceunovale.com.br\/portal\/wp-content\/uploads\/2014\/11\/acidente_areo_bandeira_nova_1.jpg\" alt=\"\" \/><em>Avi\u00e3o caiu perto de Bandeira, no Vale de Jequitinhonha (Foto: Divulga\u00e7\u00e3o)<\/em><br \/>\n<\/br><\/p>\n<h4>LEIA MAIS [+]<\/h4>\n<p><a href=\"http:\/\/aconteceunovale.com.br\/portal\/?p=45066\" target=\"_blank\">&#8211; V\u00edtimas de acidente a\u00e9reo no Vale do Jequitinhonha s\u00e3o identificadas<\/a><br \/>\n<a href=\"http:\/\/aconteceunovale.com.br\/portal\/?p=45013\" target=\"_blank\">&#8211; Corpo da terceira v\u00edtima de queda de avi\u00e3o \u00e9 encontrado em Bandeira<\/a><br \/>\n<a href=\"http:\/\/aconteceunovale.com.br\/portal\/?p=44988\" target=\"_blank\">&#8211; Bombeiros procuram por terceira v\u00edtima do acidente a\u00e9reo na divisa de Minas com a Bahia<\/a><br \/>\n<a href=\"http:\/\/aconteceunovale.com.br\/portal\/?p=44970\" target=\"_blank\">&#8211; Duas pessoas morrem em queda de avi\u00e3o no Vale do Jequitinhonha<\/a><br \/>\n<a href=\"http:\/\/aconteceunovale.com.br\/portal\/?p=44922\" target=\"_blank\">&#8211; Avi\u00e3o cai no Vale do Jequitinhonha e deixa pelo menos dois mortos<\/a><\/p>\n","protected":false},"excerpt":{"rendered":"<p>Avi\u00e3o caiu no munic\u00edpio de Bandeira, perto da divisa de Minas com a Bahia. Os tr\u00eas ocupantes da aeronave morreram no acidente. As tr\u00eas v\u00edtimas da queda de um monomotor, modelo A36 Bonanza, em Bandeira, na regi\u00e3o do Vale do Jequitinhonha, foram identificadas nesta ter\u00e7a-feira, 11 de novembro. O avi\u00e3o caiu na tarde de segunda-feira, [&hellip;]<\/p>\n","protected":false},"author":1,"featured_media":44989,"comment_status":"open","ping_status":"closed","sticky":false,"template":"","format":"standard","meta":{"amp_status":"","footnotes":""},"categories":[120],"tags":[22613,22614,22477,22478,22518,14552,22473,22508,22509,22474,22472,22504,22505,22506,22507,353,194,22540,22539,22541,22537,22536,22514,22561,1018,22511,22512,22510,22581,22582,22529,22517,22538,22519,22520,22521,22522,22516,22475,22476,21177,1104,6531,22515,22560,22513,22612,22611],"class_list":["post-45066","post","type-post","status-publish","format-standard","has-post-thumbnail","hentry","category-jequi","tag-acidente-aereo-em-bandeira","tag-acidente-aereo-no-vale-do-jequitinhonha","tag-acidente-com-aviao-em-bandeira","tag-acidente-com-aviao-no-vale-do-jequitinhonha","tag-acidente-com-lucas-henrique-lima","tag-aracaju","tag-aviao-cai-em-bandeira","tag-aviao-cai-na-divisa-da-bahia-com-minas-gerais","tag-aviao-cai-na-divisa-de-minas-gerais-com-a-bahia","tag-aviao-cai-no-vale-do-jequitinhonha","tag-aviao-cai-no-vale-do-jequitinhonha-e-deixa-pelo-menos-dois-mortos","tag-aviao-de-recife","tag-aviao-de-recife-cai-em-minas-gerais","tag-aviao-de-recife-cai-no-vale-do-jequitinhonha","tag-aviao-do-recife-cai-no-vale-do-jequitinhonha","tag-bandeira","tag-belo-horizonte","tag-bombeiros-procuram-por-terceira-vitima-do-acidente-aereo-em-bandeira","tag-bombeiros-procuram-por-terceira-vitima-do-acidente-aereo-na-divisa-de-minas-com-a-bahia","tag-bombeiros-procuram-por-terceira-vitima-do-acidente-aereo-no-vale-do-jequitinhonha","tag-cenipa","tag-centro-de-investigacao-e-prevencao-de-acidentes-aeronauticos","tag-ceripa-iii","tag-corpo-da-terceira-vitima-de-queda-de-aviao-e-encontrado-em-bandeira","tag-destaque","tag-fotos-do-acidente-com-aviao-em-bandeira","tag-fotos-do-acidente-com-aviao-na-divisa-de-minas-com-a-bahia","tag-fotos-do-acidente-com-aviao-no-vale-do-jequitinhonha","tag-ivys-brandao-moreno","tag-ivys-monte-costa","tag-lucas-henrique-felix-lima","tag-lucas-henrique-lima","tag-mata-do-passarinho","tag-morre-lucas-henrique-lima","tag-morre-o-piloto-lucas-henrique-lima","tag-morte-do-piloto-de-salvador-lucas-henrique-lima","tag-piloto-de-salvador","tag-pt-wvn-modelo-a36-bonanza","tag-queda-de-aviao-em-bandeira","tag-queda-de-aviao-no-vale-do-jequitinhonha","tag-recife","tag-rio-de-janeiro","tag-salvador","tag-seripa-iii","tag-sorocaba","tag-terceiro-servico-regional-de-investigacao-e-prevencao-de-acidentes-aeronauticos","tag-yves-brandao-moreno","tag-yves-monte-costa"],"_links":{"self":[{"href":"https:\/\/aconteceunovale.com.br\/portal\/index.php?rest_route=\/wp\/v2\/posts\/45066","targetHints":{"allow":["GET"]}}],"collection":[{"href":"https:\/\/aconteceunovale.com.br\/portal\/index.php?rest_route=\/wp\/v2\/posts"}],"about":[{"href":"https:\/\/aconteceunovale.com.br\/portal\/index.php?rest_route=\/wp\/v2\/types\/post"}],"author":[{"embeddable":true,"href":"https:\/\/aconteceunovale.com.br\/portal\/index.php?rest_route=\/wp\/v2\/users\/1"}],"replies":[{"embeddable":true,"href":"https:\/\/aconteceunovale.com.br\/portal\/index.php?rest_route=%2Fwp%2Fv2%2Fcomments&post=45066"}],"version-history":[{"count":0,"href":"https:\/\/aconteceunovale.com.br\/portal\/index.php?rest_route=\/wp\/v2\/posts\/45066\/revisions"}],"wp:featuredmedia":[{"embeddable":true,"href":"https:\/\/aconteceunovale.com.br\/portal\/index.php?rest_route=\/wp\/v2\/media\/44989"}],"wp:attachment":[{"href":"https:\/\/aconteceunovale.com.br\/portal\/index.php?rest_route=%2Fwp%2Fv2%2Fmedia&parent=45066"}],"wp:term":[{"taxonomy":"category","embeddable":true,"href":"https:\/\/aconteceunovale.com.br\/portal\/index.php?rest_route=%2Fwp%2Fv2%2Fcategories&post=45066"},{"taxonomy":"post_tag","embeddable":true,"href":"https:\/\/aconteceunovale.com.br\/portal\/index.php?rest_route=%2Fwp%2Fv2%2Ftags&post=45066"}],"curies":[{"name":"wp","href":"https:\/\/api.w.org\/{rel}","templated":true}]}}