{"id":45054,"date":"2014-11-11T17:41:12","date_gmt":"2014-11-11T20:41:12","guid":{"rendered":"http:\/\/aconteceunovale.com.br\/portal\/?p=45054"},"modified":"2014-11-11T17:41:12","modified_gmt":"2014-11-11T20:41:12","slug":"encontro-de-geracoes-do-sertanejo-no-vale-do-aco","status":"publish","type":"post","link":"https:\/\/aconteceunovale.com.br\/portal\/?p=45054","title":{"rendered":"Encontro de gera\u00e7\u00f5es do sertanejo no Vale do A\u00e7o"},"content":{"rendered":"<h4><strong><em>Zez\u00e9 Di Camargo &#038; Luciano e Lucas Lucco se apresentam no mesmo palco em Ipatinga<\/em><\/strong><\/h4>\n<div id=\"fb-root\"><\/div>\n<p>\t\t\t\t<script>(function(d, s, id) {\n\t\t\t\t  var js, fjs = d.getElementsByTagName(s)[0];\n\t\t\t\t  if (d.getElementById(id)) return;\n\t\t\t\t  js = d.createElement(s); js.id = id;\n\t\t\t\t  js.src = \"\/\/connect.facebook.net\/pt_BR\/sdk.js#xfbml=1&appId=691575364226355&version=v2.0\";\n\t\t\t\t  fjs.parentNode.insertBefore(js, fjs);\n\t\t\t\t}(document, 'script', 'facebook-jssdk'));<\/script><\/p>\n<div class=\"fb-like\" data-href=\"https:\/\/www.facebook.com\/aconteceunovale\" data-layout=\"button_count\" data-action=\"like\" data-show-faces=\"true\" data-share=\"true\"><\/div>\n<p><\/br><\/p>\n<p>No pr\u00f3ximo m\u00eas, o Vale do A\u00e7o vai acompanhar o encontro de duas gera\u00e7\u00f5es do sertanejo. A dupla Zez\u00e9 Di Camargo &#038; Luciano e o cantor Lucas Lucco se apresentam na sexta-feira, 19 de dezembro, na Usipa. O evento \u00e9 uma realiza\u00e7\u00e3o do empres\u00e1rio Jo\u00e3o Wellington. &#8220;Assim como no passado realizamos um encontro de gigantes do sertanejo em Ipatinga, este ano decidimos juntar dois grandes recordistas de p\u00fablico da m\u00fasica. Com certeza essa ser\u00e1 uma balada para toda a fam\u00edlia&#8221;, afirma o Jo\u00e3o Wellington, produtor executivo do evento.<\/p>\n<p>Com 23 anos de carreira, os irm\u00e3os de Goi\u00e1s trazem para o Vale do A\u00e7o pela primeira vez o show da turn\u00ea &#8220;Flores em Vida&#8221;. A apresenta\u00e7\u00e3o \u00e9 baseada no mais recente trabalho dos artistas, o CD &#8220;Teorias de Raul&#8221;, que \u00e9 uma homenagem para Raul Seixas como conta Zez\u00e9. \u201cRaul tinha o pseud\u00f4nimo de Raulzito e assim ele compunha para artistas populares m\u00fasicas bem rom\u00e2nticas. Tenho toda a discografia dele em vinil. Sempre gostei da linguagem do Raul. Dentro do est\u00fadio, o CD foi caminhando para isso, pela maneira simples de escrever e ao mesmo tempo sofisticada\u201d.<\/p>\n<p>Essa \u00e9 a segunda homenagem que a dupla presta \u00e0 Raul. Em 1994, os artistas regravaram \u201cTente Outra Vez\u201d, que ficou na turn\u00ea dos irm\u00e3os goianos at\u00e9 2000. Um dos destaques do novo CD \u00e9 a atual m\u00fasica de trabalho, \u201cFlores em Vida\u201d. O p\u00fablico tamb\u00e9m vai escutar as novas can\u00e7\u00f5es, \u201cNada \u00e9 Igual\u201d, \u201cQuando Fica Sem No\u00e7\u00e3o\u201d, \u201cCumplicidade\u201d, \u201cAssim Ser\u00e1 o Nosso Amor\u201d, \u201cAmor Que Alimenta\u201d e \u201cSeca Verde\u201d. Os sucessos dos 23 anos de carreira da dupla tamb\u00e9m ser\u00e3o apresentados para o p\u00fablico de Ipatinga.<\/p>\n<p>Quem tamb\u00e9m canta na noite de sexta \u00e9 o mineiro Lucas Lucco. O jovem come\u00e7ou a carreira de uma maneira diferente. Antes de conquistar espa\u00e7o nas r\u00e1dios, nos programas de TV e nas p\u00e1ginas dos jornais, o jovem de Patroc\u00ednio se destacou na internet. Hoje, com apenas um ano e meio de carreira j\u00e1 \u00e9 um dos mais populares artistas do sertanejo universit\u00e1rio. \u201cAtualmente fa\u00e7o mais de 20 shows por m\u00eas. Viajo muito e tenho me apresentado em todos os Estados. Estou muito feliz, pois recebo o carinho do p\u00fablico por onde passo\u201d, conta Lucas.<\/p>\n<p><img decoding=\"async\" src=\"http:\/\/aconteceunovale.com.br\/portal\/wp-content\/uploads\/2014\/11\/zeze_e_luciano_e_lucas_lucco.jpg\" alt=\"\" \/><em>Zez\u00e9 Di Camargo &#038; Luciano e Lucas Lucco &#8211; Foto: Divulga\u00e7\u00e3o\/Brasileira Comunica\u00e7\u00e3o<\/em><br \/>\n<\/br><\/p>\n<p>Lucas afirma que \u00e9 um prazer cantar em Minas Gerais e promete fazer um grande show. &#8220;Muita m\u00fasica, anima\u00e7\u00e3o e energia. No repert\u00f3rio, &#8220;Pronto pra Tudo&#8221;, &#8220;Coisa e Tal&#8221;, e do meu novo CD &#8220;Gago&#8221;, &#8220;Sua Linda&#8221;, &#8220;Toda Toda&#8221; e, claro, &#8220;Moz\u00e3o&#8221;. Fa\u00e7o tamb\u00e9m pout pourri de hits do momento de outros colegas&#8221;, conta Lucas que afirma levar para os quatro cantos do pa\u00eds o jeito mineirinho de ser. &#8220;Mesmo conhecendo pessoas de v\u00e1rios lugares, tenho o meu jeito mineiro de ser. Sou muito tranquilo, caseiro, falo baixo, enfim, o mineirinho mesmo. Costumo dizer que sou de boa e cantar em Minas Gerais \u00e9 sempre muito bom&#8221;.<\/p>\n<p>O p\u00fablico poder\u00e1 acompanhar as apresenta\u00e7\u00f5es da pista, da \u00e1rea vip que tem um espa\u00e7o reservado na frente do palco ou do camarote com uma vis\u00e3o privilegiada de toda a festa. Os ingressos para os shows est\u00e3o \u00e0 venda na Drogaria Indiana e na internet no <a href=\"http:\/\/www.blueticket.com.br\" target=\"_blank\">www.blueticket.com.br.<\/a><\/p>\n<h4>Zez\u00e9 Di Camargo &#038; Luciano e Lucas Lucco em Ipatinga<\/h4>\n<p>Local: Usipa (Av. Jo\u00e3o Cl\u00e1udio Teixeira Sales, 801, Horto)<br \/>\nData: 19 de dezembro, sexta-feira<br \/>\nAtra\u00e7\u00f5es: Zez\u00e9 Di Camargo &#038; Luciano e Lucas Lucco<br \/>\nPontos de Venda: Drogaria Indiana<br \/>\nInforma\u00e7\u00f5es: (31) 3291-5010 ou <a href=\"http:\/\/www.joaowellington.com.br\" target=\"_blank\">www.joaowellington.com.br<\/a><\/p>\n","protected":false},"excerpt":{"rendered":"<p>Zez\u00e9 Di Camargo &#038; Luciano e Lucas Lucco se apresentam no mesmo palco em Ipatinga No pr\u00f3ximo m\u00eas, o Vale do A\u00e7o vai acompanhar o encontro de duas gera\u00e7\u00f5es do sertanejo. A dupla Zez\u00e9 Di Camargo &#038; Luciano e o cantor Lucas Lucco se apresentam na sexta-feira, 19 de dezembro, na Usipa. O evento \u00e9 [&hellip;]<\/p>\n","protected":false},"author":1,"featured_media":45055,"comment_status":"open","ping_status":"closed","sticky":false,"template":"","format":"standard","meta":{"amp_status":"","footnotes":""},"categories":[125],"tags":[156,22588,201,22590,442,22591,22592,22587,22589],"class_list":["post-45054","post","type-post","status-publish","format-standard","has-post-thumbnail","hentry","category-noticias","tag-empresario-joao-wellington","tag-encontro-de-geracoes-do-sertanejo-no-vale-do-aco","tag-ipatinga","tag-joao-wellington","tag-lucas-lucco","tag-zeze-di-camargo-luciano","tag-zeze-di-camargo-luciano-e-lucas-lucco-em-ipatinga","tag-zeze-di-camargo-luciano-e-lucas-lucco-se-apresentam-em-ipatinga","tag-zeze-di-camargo-luciano-e-lucas-lucco-se-apresentam-no-mesmo-palco-em-ipatinga"],"_links":{"self":[{"href":"https:\/\/aconteceunovale.com.br\/portal\/index.php?rest_route=\/wp\/v2\/posts\/45054","targetHints":{"allow":["GET"]}}],"collection":[{"href":"https:\/\/aconteceunovale.com.br\/portal\/index.php?rest_route=\/wp\/v2\/posts"}],"about":[{"href":"https:\/\/aconteceunovale.com.br\/portal\/index.php?rest_route=\/wp\/v2\/types\/post"}],"author":[{"embeddable":true,"href":"https:\/\/aconteceunovale.com.br\/portal\/index.php?rest_route=\/wp\/v2\/users\/1"}],"replies":[{"embeddable":true,"href":"https:\/\/aconteceunovale.com.br\/portal\/index.php?rest_route=%2Fwp%2Fv2%2Fcomments&post=45054"}],"version-history":[{"count":0,"href":"https:\/\/aconteceunovale.com.br\/portal\/index.php?rest_route=\/wp\/v2\/posts\/45054\/revisions"}],"wp:featuredmedia":[{"embeddable":true,"href":"https:\/\/aconteceunovale.com.br\/portal\/index.php?rest_route=\/wp\/v2\/media\/45055"}],"wp:attachment":[{"href":"https:\/\/aconteceunovale.com.br\/portal\/index.php?rest_route=%2Fwp%2Fv2%2Fmedia&parent=45054"}],"wp:term":[{"taxonomy":"category","embeddable":true,"href":"https:\/\/aconteceunovale.com.br\/portal\/index.php?rest_route=%2Fwp%2Fv2%2Fcategories&post=45054"},{"taxonomy":"post_tag","embeddable":true,"href":"https:\/\/aconteceunovale.com.br\/portal\/index.php?rest_route=%2Fwp%2Fv2%2Ftags&post=45054"}],"curies":[{"name":"wp","href":"https:\/\/api.w.org\/{rel}","templated":true}]}}