{"id":45051,"date":"2014-11-11T17:32:19","date_gmt":"2014-11-11T20:32:19","guid":{"rendered":"http:\/\/aconteceunovale.com.br\/portal\/?p=45051"},"modified":"2014-11-11T17:32:42","modified_gmt":"2014-11-11T20:32:42","slug":"cemig-abre-inscricoes-para-o-programa-de-estagio-2015","status":"publish","type":"post","link":"https:\/\/aconteceunovale.com.br\/portal\/?p=45051","title":{"rendered":"Cemig abre inscri\u00e7\u00f5es para o Programa de Est\u00e1gio 2015"},"content":{"rendered":"<div id=\"fb-root\"><\/div>\n<p>\t\t\t\t<script>(function(d, s, id) {\n\t\t\t\t  var js, fjs = d.getElementsByTagName(s)[0];\n\t\t\t\t  if (d.getElementById(id)) return;\n\t\t\t\t  js = d.createElement(s); js.id = id;\n\t\t\t\t  js.src = \"\/\/connect.facebook.net\/pt_BR\/sdk.js#xfbml=1&appId=691575364226355&version=v2.0\";\n\t\t\t\t  fjs.parentNode.insertBefore(js, fjs);\n\t\t\t\t}(document, 'script', 'facebook-jssdk'));<\/script><\/p>\n<div class=\"fb-like\" data-href=\"https:\/\/www.facebook.com\/aconteceunovale\" data-layout=\"button_count\" data-action=\"like\" data-show-faces=\"true\" data-share=\"true\"><\/div>\n<p><\/br><\/p>\n<p>Na pr\u00f3xima segunda-feira (17\/11), ser\u00e3o abertas as inscri\u00e7\u00f5es para o Programa de Est\u00e1gio 2015 da Cemig. Ao todo ser\u00e3o oferecidas 248 vagas, sendo 137 para n\u00edvel superior e 111 para n\u00edvel m\u00e9dio t\u00e9cnico. As inscri\u00e7\u00f5es v\u00e3o at\u00e9 o dia 30 de novembro e devem ser feitas no site do Instituto Euvaldo Lodi (IEL), da Federa\u00e7\u00e3o das Ind\u00fastrias do Estado de Minas Gerais (Fiemg).<\/p>\n<p>O est\u00e1gio est\u00e1 previsto para come\u00e7ar em fevereiro, com dura\u00e7\u00e3o de dez meses e carga hor\u00e1ria de quatro horas por dia. Os candidatos selecionados receber\u00e3o bolsa de complementa\u00e7\u00e3o escolar, nos valores de 1,4 sal\u00e1rio m\u00ednimo para estudantes de n\u00edvel superior e 1,1 sal\u00e1rio m\u00ednimo para os de n\u00edvel t\u00e9cnico, com direito a vale-transporte.<\/p>\n<h4>Provas online<\/h4>\n<p>O candidato dever\u00e1 responder, imediatamente ap\u00f3s realizar a inscri\u00e7\u00e3o pela internet, a uma prova online de conhecimentos gerais e atualidades. Ap\u00f3s a etapa de inscri\u00e7\u00e3o, os candidatos que alcan\u00e7arem as melhores classifica\u00e7\u00f5es conforme os crit\u00e9rios, estabelecidos no regulamento do Programa de Est\u00e1gio Cemig 2015, ser\u00e3o convocados a enviar, por meio eletr\u00f4nico, os documentos comprobat\u00f3rios. Depois da verifica\u00e7\u00e3o dos documentos comprobat\u00f3rios, a Cemig entrar\u00e1 em contato com os finalistas para agendamento da entrevista t\u00e9cnica com o gestor da Cemig.<\/p>\n<h4>Especifica\u00e7\u00f5es<\/h4>\n<p>Para se inscrever, o candidato deve estar matriculado e frequente no pen\u00faltimo ou no \u00faltimo ano do curso, para est\u00e1gio de n\u00edvel superior. Para est\u00e1gio de n\u00edvel m\u00e9dio t\u00e9cnico, o candidato dever\u00e1 estar no \u00faltimo ano do curso ou, ent\u00e3o, ter conclu\u00eddo o curso e necessitar do est\u00e1gio para obten\u00e7\u00e3o do certificado de conclus\u00e3o. Para os cursos de tecnologia, os estudantes dever\u00e3o estar cursando o \u00faltimo ano.<\/p>\n<p>Somente ser\u00e3o aceitas inscri\u00e7\u00f5es de estudantes dos cursos reconhecidos pelo MEC, conforme consta no site da institui\u00e7\u00e3o. Inscri\u00e7\u00f5es de estudantes que j\u00e1 tenham cumprido est\u00e1gio do mesmo curso na Cemig n\u00e3o ser\u00e3o aceitas.<\/p>\n<h4>Confira a lista de cursos:<\/h4>\n<p><em><strong>N\u00edvel Superior<\/strong><\/em><\/p>\n<p>Administra\u00e7\u00e3o, Agronomia, Biologia, Ci\u00eancias Cont\u00e1beis, Ci\u00eancias da Computa\u00e7\u00e3o, Ci\u00eancias Econ\u00f4micas, Comunica\u00e7\u00e3o Social\/Jornalismo, Direito, Economia, Engenharia Ambiental,  Engenharia Civil, Engenharia da Computa\u00e7\u00e3o, Engenharia de Controle e Automa\u00e7\u00e3o, Engenharia de Energia, Engenharia de Produ\u00e7\u00e3o, Engenharia El\u00e9trica, Engenharia Eletr\u00f4nica, Engenharia Florestal, Engenharia Mec\u00e2nica, Engenharia Qu\u00edmica, Engenharia de Telecomunica\u00e7\u00f5es, Estat\u00edstica, Geografia,  Psicologia, Redes de Computadores, Rela\u00e7\u00f5es Internacionais,  Servi\u00e7o Social, Sistemas de Informa\u00e7\u00e3o e Sociologia.<\/p>\n<p><strong><em>N\u00edvel t\u00e9cnico<\/em><\/strong><\/p>\n<p>Administra\u00e7\u00e3o, Agr\u00edcola, Agrimensura, Automa\u00e7\u00e3o Industrial, Contabilidade,  Edifica\u00e7\u00f5es, El\u00e9trica, Eletroeletr\u00f4nica, Eletromec\u00e2nica, Eletrot\u00e9cnica, Eletr\u00f4nica, Estradas, Gerencial, Gest\u00e3o da Qualidade, Inform\u00e1tica, Mec\u00e2nica,  Qu\u00edmica e Seguran\u00e7a do Trabalho.<\/p>\n","protected":false},"excerpt":{"rendered":"<p>Na pr\u00f3xima segunda-feira (17\/11), ser\u00e3o abertas as inscri\u00e7\u00f5es para o Programa de Est\u00e1gio 2015 da Cemig. Ao todo ser\u00e3o oferecidas 248 vagas, sendo 137 para n\u00edvel superior e 111 para n\u00edvel m\u00e9dio t\u00e9cnico. As inscri\u00e7\u00f5es v\u00e3o at\u00e9 o dia 30 de novembro e devem ser feitas no site do Instituto Euvaldo Lodi (IEL), da Federa\u00e7\u00e3o [&hellip;]<\/p>\n","protected":false},"author":1,"featured_media":35562,"comment_status":"open","ping_status":"closed","sticky":false,"template":"","format":"standard","meta":{"amp_status":"","footnotes":""},"categories":[123],"tags":[22583,22584,22586,22585],"class_list":["post-45051","post","type-post","status-publish","format-standard","has-post-thumbnail","hentry","category-gerais","tag-cemig-abre-inscricoes-para-o-programa-de-estagio-2015","tag-estagio-2015-da-cemig","tag-inscricoes-para-o-programa-de-estagio-2015-da-cemig","tag-inscricoes-para-o-programa-de-estagio-da-cemig"],"_links":{"self":[{"href":"https:\/\/aconteceunovale.com.br\/portal\/index.php?rest_route=\/wp\/v2\/posts\/45051","targetHints":{"allow":["GET"]}}],"collection":[{"href":"https:\/\/aconteceunovale.com.br\/portal\/index.php?rest_route=\/wp\/v2\/posts"}],"about":[{"href":"https:\/\/aconteceunovale.com.br\/portal\/index.php?rest_route=\/wp\/v2\/types\/post"}],"author":[{"embeddable":true,"href":"https:\/\/aconteceunovale.com.br\/portal\/index.php?rest_route=\/wp\/v2\/users\/1"}],"replies":[{"embeddable":true,"href":"https:\/\/aconteceunovale.com.br\/portal\/index.php?rest_route=%2Fwp%2Fv2%2Fcomments&post=45051"}],"version-history":[{"count":0,"href":"https:\/\/aconteceunovale.com.br\/portal\/index.php?rest_route=\/wp\/v2\/posts\/45051\/revisions"}],"wp:featuredmedia":[{"embeddable":true,"href":"https:\/\/aconteceunovale.com.br\/portal\/index.php?rest_route=\/wp\/v2\/media\/35562"}],"wp:attachment":[{"href":"https:\/\/aconteceunovale.com.br\/portal\/index.php?rest_route=%2Fwp%2Fv2%2Fmedia&parent=45051"}],"wp:term":[{"taxonomy":"category","embeddable":true,"href":"https:\/\/aconteceunovale.com.br\/portal\/index.php?rest_route=%2Fwp%2Fv2%2Fcategories&post=45051"},{"taxonomy":"post_tag","embeddable":true,"href":"https:\/\/aconteceunovale.com.br\/portal\/index.php?rest_route=%2Fwp%2Fv2%2Ftags&post=45051"}],"curies":[{"name":"wp","href":"https:\/\/api.w.org\/{rel}","templated":true}]}}