{"id":45044,"date":"2014-11-11T12:45:44","date_gmt":"2014-11-11T15:45:44","guid":{"rendered":"http:\/\/aconteceunovale.com.br\/portal\/?p=45044"},"modified":"2014-11-11T12:46:45","modified_gmt":"2014-11-11T15:46:45","slug":"jovem-e-assassinado-a-tiros-em-teofilo-otoni","status":"publish","type":"post","link":"https:\/\/aconteceunovale.com.br\/portal\/?p=45044","title":{"rendered":"Jovem \u00e9 assassinado a tiros em Te\u00f3filo Otoni"},"content":{"rendered":"<h4><strong><em>Suspeito estava em uma motocicleta e atirou v\u00e1rias vezes. Em outro caso, um jovem foi baleado na regi\u00e3o central da cidade.<\/em><\/strong><\/h4>\n<div id=\"fb-root\"><\/div>\n<p>\t\t\t\t<script>(function(d, s, id) {\n\t\t\t\t  var js, fjs = d.getElementsByTagName(s)[0];\n\t\t\t\t  if (d.getElementById(id)) return;\n\t\t\t\t  js = d.createElement(s); js.id = id;\n\t\t\t\t  js.src = \"\/\/connect.facebook.net\/pt_BR\/sdk.js#xfbml=1&appId=691575364226355&version=v2.0\";\n\t\t\t\t  fjs.parentNode.insertBefore(js, fjs);\n\t\t\t\t}(document, 'script', 'facebook-jssdk'));<\/script><\/p>\n<div class=\"fb-like\" data-href=\"https:\/\/www.facebook.com\/aconteceunovale\" data-layout=\"button_count\" data-action=\"like\" data-show-faces=\"true\" data-share=\"true\"><\/div>\n<p><\/br><\/p>\n<p>Um rapaz de 19 anos foi morto a tiros nessa segunda-feira, 11 de novembro, na Rua Altamiro Nunes Leite, no Bairro Barreiros, em Te\u00f3filo Otoni, no Vale do Mucuri. Segundo a Pol\u00edcia Militar, Vitor Rodrigues da Silva andava pela rua quando foi surpreendido por um homem em uma motocicleta, que atirou v\u00e1rias vezes.<\/p>\n<p>O Corpo de Bombeiros prestou os primeiros socorros e encaminhou o rapaz para o Hospital Santa Ros\u00e1lia, mas ele n\u00e3o resistiu aos ferimentos e morreu.<\/p>\n<p>No local do crime, a PM apreendeu oito cartuchos, duas buchas de maconha e um aparelho celular. At\u00e9 o momento a motiva\u00e7\u00e3o do crime \u00e9 desconhecida. Ningu\u00e9m foi preso.<\/p>\n<h4>Baleado na regi\u00e3o central da cidade<\/h4>\n<p>No domingo, 9 de novembro, um rapaz de 25 anos foi baleado na Pra\u00e7a Tiradentes, no Centro de Te\u00f3filo Otoni. O autor disparou tr\u00eas vezes contra a v\u00edtima, que foi atingida por um tiro na barriga. O rapaz foi atendido por uma equipe do Servi\u00e7o de Atendimento M\u00f3vel de Urg\u00eancia  e encaminhado ao Hospital Santa Ros\u00e1lia.<\/p>\n<p>Testemunhas afirmaram para a PM que o autor dos tiros, de 17 anos, teria fugido para Rua Padre Virgulino. O adolescente foi encontrado momentos depois, com um revolver de numera\u00e7\u00e3o raspada, com tr\u00eas muni\u00e7\u00f5es.<\/p>\n<p>Para a pol\u00edcia, o jovem contou que a v\u00edtima estava o amea\u00e7ando e esse seria o motivo do crime. O adolescente foi apreendido e conduzido \u00e0 delegacia, juntamente com a arma. Segundo a PM, ele j\u00e1 tem passagem por tentativa de homic\u00eddio.<\/p>\n<p><img decoding=\"async\" src=\"http:\/\/aconteceunovale.com.br\/portal\/wp-content\/uploads\/2014\/11\/homicidio_teo.jpg\" alt=\"\" \/><em>Revolver usado no crime foi apreendido (Foto: reprodu\u00e7\u00e3o\/Inter TV dos Vales)<\/em><br \/>\n<\/br><\/p>\n<p><strong><em>(Portal G1)<\/em><\/strong><\/p>\n","protected":false},"excerpt":{"rendered":"<p>Suspeito estava em uma motocicleta e atirou v\u00e1rias vezes. Em outro caso, um jovem foi baleado na regi\u00e3o central da cidade. Um rapaz de 19 anos foi morto a tiros nessa segunda-feira, 11 de novembro, na Rua Altamiro Nunes Leite, no Bairro Barreiros, em Te\u00f3filo Otoni, no Vale do Mucuri. Segundo a Pol\u00edcia Militar, Vitor [&hellip;]<\/p>\n","protected":false},"author":1,"featured_media":45045,"comment_status":"open","ping_status":"closed","sticky":false,"template":"","format":"standard","meta":{"amp_status":"","footnotes":""},"categories":[122],"tags":[19571,22577,164,22578],"class_list":["post-45044","post","type-post","status-publish","format-standard","has-post-thumbnail","hentry","category-mucuri","tag-homicidio-em-teofilo-otoni","tag-jovem-e-assassinado-a-tiros-em-teofilo-otoni","tag-teofilo-otoni","tag-vitor-rodrigues-da-silva"],"_links":{"self":[{"href":"https:\/\/aconteceunovale.com.br\/portal\/index.php?rest_route=\/wp\/v2\/posts\/45044","targetHints":{"allow":["GET"]}}],"collection":[{"href":"https:\/\/aconteceunovale.com.br\/portal\/index.php?rest_route=\/wp\/v2\/posts"}],"about":[{"href":"https:\/\/aconteceunovale.com.br\/portal\/index.php?rest_route=\/wp\/v2\/types\/post"}],"author":[{"embeddable":true,"href":"https:\/\/aconteceunovale.com.br\/portal\/index.php?rest_route=\/wp\/v2\/users\/1"}],"replies":[{"embeddable":true,"href":"https:\/\/aconteceunovale.com.br\/portal\/index.php?rest_route=%2Fwp%2Fv2%2Fcomments&post=45044"}],"version-history":[{"count":0,"href":"https:\/\/aconteceunovale.com.br\/portal\/index.php?rest_route=\/wp\/v2\/posts\/45044\/revisions"}],"wp:featuredmedia":[{"embeddable":true,"href":"https:\/\/aconteceunovale.com.br\/portal\/index.php?rest_route=\/wp\/v2\/media\/45045"}],"wp:attachment":[{"href":"https:\/\/aconteceunovale.com.br\/portal\/index.php?rest_route=%2Fwp%2Fv2%2Fmedia&parent=45044"}],"wp:term":[{"taxonomy":"category","embeddable":true,"href":"https:\/\/aconteceunovale.com.br\/portal\/index.php?rest_route=%2Fwp%2Fv2%2Fcategories&post=45044"},{"taxonomy":"post_tag","embeddable":true,"href":"https:\/\/aconteceunovale.com.br\/portal\/index.php?rest_route=%2Fwp%2Fv2%2Ftags&post=45044"}],"curies":[{"name":"wp","href":"https:\/\/api.w.org\/{rel}","templated":true}]}}