{"id":45027,"date":"2014-11-11T12:08:07","date_gmt":"2014-11-11T15:08:07","guid":{"rendered":"http:\/\/aconteceunovale.com.br\/portal\/?p=45027"},"modified":"2014-11-11T12:09:17","modified_gmt":"2014-11-11T15:09:17","slug":"corte-de-arvores-revolta-moradores-de-taiobeiras","status":"publish","type":"post","link":"https:\/\/aconteceunovale.com.br\/portal\/?p=45027","title":{"rendered":"Corte de \u00e1rvores revolta moradores de Taiobeiras"},"content":{"rendered":"<div id=\"fb-root\"><\/div>\n<p>\t\t\t\t<script>(function(d, s, id) {\n\t\t\t\t  var js, fjs = d.getElementsByTagName(s)[0];\n\t\t\t\t  if (d.getElementById(id)) return;\n\t\t\t\t  js = d.createElement(s); js.id = id;\n\t\t\t\t  js.src = \"\/\/connect.facebook.net\/pt_BR\/sdk.js#xfbml=1&appId=691575364226355&version=v2.0\";\n\t\t\t\t  fjs.parentNode.insertBefore(js, fjs);\n\t\t\t\t}(document, 'script', 'facebook-jssdk'));<\/script><\/p>\n<div class=\"fb-like\" data-href=\"https:\/\/www.facebook.com\/aconteceunovale\" data-layout=\"button_count\" data-action=\"like\" data-show-faces=\"true\" data-share=\"true\"><\/div>\n<p><\/br><\/p>\n<p>Moradores de Taiobeiras, no Norte de Minas, est\u00e3o revoltados com o corte de v\u00e1rias \u00e1rvores na \u00e1rea urbana da cidade. Na regi\u00e3o central, em frente ao Mercado Municipal, \u00e1rvores de grande porte, que garantiam sombras nos dias de sol quente, foram arrancadas pela raiz. A a\u00e7\u00e3o da administra\u00e7\u00e3o p\u00fablica desagradou a muitas pessoas, principalmente os comerciantes da Avenida da Liberdade.<\/p>\n<p><img decoding=\"async\" src=\"http:\/\/aconteceunovale.com.br\/portal\/wp-content\/uploads\/2014\/11\/corte_arvores_taiobeiras_2.jpg\" alt=\"\" \/><em>\u00c1rvores foram cortadas na regi\u00e3o central da cidade &#8211; Foto: Folha Regional<\/em><br \/>\n<\/br><\/p>\n<p>A empres\u00e1ria Luiza Helena Moreira, da Farm\u00e1cia Antonino, reclamou que a pra\u00e7a est\u00e1 horr\u00edvel. &#8220;Est\u00e1 dif\u00edcil trabalhar hoje. As \u00e1rvores foram cortadas, a pra\u00e7a est\u00e1 horr\u00edvel&#8221;, disse a empres\u00e1ria. &#8220;Isso \u00e9 o fim! As \u00e1rvores fazem parte da hist\u00f3ria da nossa cidade, meio ambiente se conserva, n\u00e3o se destr\u00f3i.&#8221;, completou Luzia.<\/p>\n<p>A funcion\u00e1ria p\u00fablica Gaby de Oliveira tamb\u00e9m reclamou. &#8220;Meu cora\u00e7\u00e3o est\u00e1 destru\u00eddo&#8221;, disse Gaby, lamentando o corte das \u00e1rvores, que deixou a pra\u00e7a vazia.<\/p>\n<p>Nas redes sociais, muitos moradores lembraram que as \u00e1rvores fazem parte de Taiobeiras e ainda fazem com que o clima da cidade seja diferenciado. &#8220;Passei na Avenida e sentir que estavam derrubando um pouco da hist\u00f3ria de Taiobeiras. O local ficou horr\u00edvel&#8221;, disse Jose Willians Moreira.<\/p>\n<p>Na sa\u00edda da cidade, com destino \u00e0 Salinas, tamb\u00e9m foi cortada uma \u00e1rvore centen\u00e1ria, com cerca de 25 metros de altura, conforme o comerciante Roberto Dias da Rocha. &#8220;\u00c9 o maior crime ecol\u00f3gico de Taiobeiras. Fique indignado&#8221;, disse o comerciante.<\/p>\n<p>A vendedora Simone Alves retratou perfeitamente o sentido da popula\u00e7\u00e3o taiobeirense. &#8220;S\u00e3o atitudes lament\u00e1veis, que contribuem para a destrui\u00e7\u00e3o da nossa querida terra. Essa seca que estamos enfrentando \u00e9 consequ\u00eancia da falta de \u00e1rvores&#8221;, disse.<\/p>\n<p>O Cabo Alves, da Pol\u00edcia Militar de Meio Ambiente, informou que o corte de \u00e1rvores em \u00e1rea urbana \u00e9 deliberado pelo Conselho Municipal de Meio Ambiente (Codema), \u00f3rg\u00e3o respons\u00e1vel pela emiss\u00e3o da autoriza\u00e7\u00e3o de corte. &#8220;Se houver alguma den\u00fancia, a Pol\u00edcia de Meio Ambiente apura se houve o tr\u00e2mite legal feito pelo Codema&#8221;, explicou.<\/p>\n<p>O presidente do Codema, Kennedy Correia de Almeida, explicou que as \u00e1rvores em frente ao mercado foram condenadas pelo Corpo de Bombeiros ap\u00f3s o vendaval ocorrido no \u00faltimo dia 03 de junho. &#8220;Al\u00e9m disso, aquelas \u00e1rvores (F\u00edcus) n\u00e3o s\u00e3o apropriadas para \u00e1reas urbanas&#8221;, disse Kennedy.<\/p>\n<p><img decoding=\"async\" src=\"http:\/\/aconteceunovale.com.br\/portal\/wp-content\/uploads\/2014\/11\/corte_arvores_taiobeiras_1.jpg\" alt=\"\" \/><em>\u00c1rvore centen\u00e1ria foi cortada na sa\u00edda para Salinas &#8211; Foto: Folha Regional<\/em><br \/>\n<\/br><\/p>\n<p><strong><em>(Folha Regional de Taiobeiras)<\/em><\/strong><\/p>\n","protected":false},"excerpt":{"rendered":"<p>Moradores de Taiobeiras, no Norte de Minas, est\u00e3o revoltados com o corte de v\u00e1rias \u00e1rvores na \u00e1rea urbana da cidade. Na regi\u00e3o central, em frente ao Mercado Municipal, \u00e1rvores de grande porte, que garantiam sombras nos dias de sol quente, foram arrancadas pela raiz. A a\u00e7\u00e3o da administra\u00e7\u00e3o p\u00fablica desagradou a muitas pessoas, principalmente os [&hellip;]<\/p>\n","protected":false},"author":1,"featured_media":45028,"comment_status":"open","ping_status":"closed","sticky":false,"template":"","format":"standard","meta":{"amp_status":"","footnotes":""},"categories":[1236],"tags":[22568,419],"class_list":["post-45027","post","type-post","status-publish","format-standard","has-post-thumbnail","hentry","category-norte_de_minas","tag-corte-de-arvores-revolta-moradores-de-taiobeiras","tag-taiobeiras"],"_links":{"self":[{"href":"https:\/\/aconteceunovale.com.br\/portal\/index.php?rest_route=\/wp\/v2\/posts\/45027","targetHints":{"allow":["GET"]}}],"collection":[{"href":"https:\/\/aconteceunovale.com.br\/portal\/index.php?rest_route=\/wp\/v2\/posts"}],"about":[{"href":"https:\/\/aconteceunovale.com.br\/portal\/index.php?rest_route=\/wp\/v2\/types\/post"}],"author":[{"embeddable":true,"href":"https:\/\/aconteceunovale.com.br\/portal\/index.php?rest_route=\/wp\/v2\/users\/1"}],"replies":[{"embeddable":true,"href":"https:\/\/aconteceunovale.com.br\/portal\/index.php?rest_route=%2Fwp%2Fv2%2Fcomments&post=45027"}],"version-history":[{"count":0,"href":"https:\/\/aconteceunovale.com.br\/portal\/index.php?rest_route=\/wp\/v2\/posts\/45027\/revisions"}],"wp:featuredmedia":[{"embeddable":true,"href":"https:\/\/aconteceunovale.com.br\/portal\/index.php?rest_route=\/wp\/v2\/media\/45028"}],"wp:attachment":[{"href":"https:\/\/aconteceunovale.com.br\/portal\/index.php?rest_route=%2Fwp%2Fv2%2Fmedia&parent=45027"}],"wp:term":[{"taxonomy":"category","embeddable":true,"href":"https:\/\/aconteceunovale.com.br\/portal\/index.php?rest_route=%2Fwp%2Fv2%2Fcategories&post=45027"},{"taxonomy":"post_tag","embeddable":true,"href":"https:\/\/aconteceunovale.com.br\/portal\/index.php?rest_route=%2Fwp%2Fv2%2Ftags&post=45027"}],"curies":[{"name":"wp","href":"https:\/\/api.w.org\/{rel}","templated":true}]}}