{"id":45021,"date":"2014-11-11T11:42:58","date_gmt":"2014-11-11T14:42:58","guid":{"rendered":"http:\/\/aconteceunovale.com.br\/portal\/?p=45021"},"modified":"2014-11-11T11:42:58","modified_gmt":"2014-11-11T14:42:58","slug":"mpmg-deflagra-operacao-para-combater-o-comercio-ilicito-de-bens-culturais","status":"publish","type":"post","link":"https:\/\/aconteceunovale.com.br\/portal\/?p=45021","title":{"rendered":"MPMG deflagra opera\u00e7\u00e3o para combater o com\u00e9rcio il\u00edcito de bens culturais"},"content":{"rendered":"<h4><strong><em>O objetivo \u00e9 a apreens\u00e3o de pe\u00e7as sacras e de documentos envolvendo o com\u00e9rcio il\u00edcito de bens culturais<\/em><\/strong><\/h4>\n<div id=\"fb-root\"><\/div>\n<p>\t\t\t\t<script>(function(d, s, id) {\n\t\t\t\t  var js, fjs = d.getElementsByTagName(s)[0];\n\t\t\t\t  if (d.getElementById(id)) return;\n\t\t\t\t  js = d.createElement(s); js.id = id;\n\t\t\t\t  js.src = \"\/\/connect.facebook.net\/pt_BR\/sdk.js#xfbml=1&appId=691575364226355&version=v2.0\";\n\t\t\t\t  fjs.parentNode.insertBefore(js, fjs);\n\t\t\t\t}(document, 'script', 'facebook-jssdk'));<\/script><\/p>\n<div class=\"fb-like\" data-href=\"https:\/\/www.facebook.com\/aconteceunovale\" data-layout=\"button_count\" data-action=\"like\" data-show-faces=\"true\" data-share=\"true\"><\/div>\n<p><\/br><\/p>\n<p>O Minist\u00e9rio P\u00fablico de Minas Gerais (MPMG) deflagrou na manh\u00e3 de hoje, 11 de novembro, a opera\u00e7\u00e3o Barroco Mineiro, com o objetivo de combater o com\u00e9rcio il\u00edcito de bens culturais. Foi cumprido mandado de busca e apreens\u00e3o em um galp\u00e3o localizado na regi\u00e3o nordeste de Belo Horizonte.<\/p>\n<p>Est\u00e3o sendo apreendidas pe\u00e7as de valor hist\u00f3rico. As pe\u00e7as foram depositadas judicialmente, sob a responsabilidade do Instituto do Patrim\u00f4nio Hist\u00f3rico e Art\u00edstico Nacional (Iphan). Al\u00e9m desses objetos, centenas de documentos \u2013 incluindo notas fiscais, recibos, livros e fotografias de pe\u00e7as sacras \u2013 foram apreendidos e ser\u00e3o periciados.<\/p>\n<p>Em setembro de 2013, durante a opera\u00e7\u00e3o Moroj\u00f3, realizada pela Pol\u00edcia Federal, o Iphan constatou que bens culturais do Engenho Moroj\u00f3, situado em Pernambuco e tombado em n\u00edvel federal, foram retirados ilicitamente do local e transportados para o referido galp\u00e3o, na capital mineira. O Iphan solicitou o apoio do MPMG, que passou a investigar o caso.<\/p>\n<p>Em levantamento preliminar, t\u00e9cnicos do MPMG, do Iphan e do Instituto do Patrim\u00f4nio Hist\u00f3rico e Art\u00edstico Nacional (Iphan)constataram a exist\u00eancia, no galp\u00e3o, de diversos bens com caracter\u00edsticas de serem integrantes de templos coloniais mineiros. Tamb\u00e9m foi descoberta grande quantidade de material de demoli\u00e7\u00e3o retirado de casar\u00f5es hist\u00f3ricos de Minas Gerais.<\/p>\n<p>Coordenada pela Promotoria Estadual de Defesa do Patrim\u00f4nio Cultural e Tur\u00edstico de Minas Gerais, a opera\u00e7\u00e3o conta com a participa\u00e7\u00e3o dos Centros de Apoio Operacional de Combate ao Crime Organizado (Caocrimo) e de Combate aos Crimes contra a Ordem Econ\u00f4mica e Tribut\u00e1ria (Caoet), \u00f3rg\u00e3os do MPMG. A a\u00e7\u00e3o tamb\u00e9m conta com o apoio do Iphan, do Iepha-MG, da Pol\u00edcia Militar e da Secretaria de Estado de Fazenda. Cerca de 30 pessoas, entre promotores de Justi\u00e7a, policiais militares, auditores da Receita Estadual e servidores do MPMG, Iphan, Iepha e Tribunal de Justi\u00e7a de Minas Gerais (TJMG) participaram da opera\u00e7\u00e3o.<\/p>\n<p>O nome Barroco Mineiro foi escolhido pelo fato de a opera\u00e7\u00e3o ocorrer no m\u00eas do bicenten\u00e1rio da morte de Ant\u00f4nio Francisco Lisboa, o Aleijadinho, falecido em 18 de novembro de 1814, considerado o maior mestre do estilo.<\/p>\n<p><em>(Fonte: Promotoria Estadual de Defesa do Patrim\u00f4nio Cultural e Tur\u00edstico de Minas Gerais)<\/em><\/p>\n","protected":false},"excerpt":{"rendered":"<p>O objetivo \u00e9 a apreens\u00e3o de pe\u00e7as sacras e de documentos envolvendo o com\u00e9rcio il\u00edcito de bens culturais O Minist\u00e9rio P\u00fablico de Minas Gerais (MPMG) deflagrou na manh\u00e3 de hoje, 11 de novembro, a opera\u00e7\u00e3o Barroco Mineiro, com o objetivo de combater o com\u00e9rcio il\u00edcito de bens culturais. Foi cumprido mandado de busca e apreens\u00e3o [&hellip;]<\/p>\n","protected":false},"author":1,"featured_media":45022,"comment_status":"open","ping_status":"closed","sticky":false,"template":"","format":"standard","meta":{"amp_status":"","footnotes":""},"categories":[123],"tags":[3380,22564,22562,22566,22567,22563,22565],"class_list":["post-45021","post","type-post","status-publish","format-standard","has-post-thumbnail","hentry","category-gerais","tag-aleijadinho","tag-antonio-francisco-lisboa","tag-barroco-mineiro","tag-engenho-morojo","tag-mpmg-deflagra-operacao-para-combater-o-comercio-ilicito-de-bens-culturais","tag-operacao-barroco-mineiro","tag-operacao-morojo"],"_links":{"self":[{"href":"https:\/\/aconteceunovale.com.br\/portal\/index.php?rest_route=\/wp\/v2\/posts\/45021","targetHints":{"allow":["GET"]}}],"collection":[{"href":"https:\/\/aconteceunovale.com.br\/portal\/index.php?rest_route=\/wp\/v2\/posts"}],"about":[{"href":"https:\/\/aconteceunovale.com.br\/portal\/index.php?rest_route=\/wp\/v2\/types\/post"}],"author":[{"embeddable":true,"href":"https:\/\/aconteceunovale.com.br\/portal\/index.php?rest_route=\/wp\/v2\/users\/1"}],"replies":[{"embeddable":true,"href":"https:\/\/aconteceunovale.com.br\/portal\/index.php?rest_route=%2Fwp%2Fv2%2Fcomments&post=45021"}],"version-history":[{"count":0,"href":"https:\/\/aconteceunovale.com.br\/portal\/index.php?rest_route=\/wp\/v2\/posts\/45021\/revisions"}],"wp:featuredmedia":[{"embeddable":true,"href":"https:\/\/aconteceunovale.com.br\/portal\/index.php?rest_route=\/wp\/v2\/media\/45022"}],"wp:attachment":[{"href":"https:\/\/aconteceunovale.com.br\/portal\/index.php?rest_route=%2Fwp%2Fv2%2Fmedia&parent=45021"}],"wp:term":[{"taxonomy":"category","embeddable":true,"href":"https:\/\/aconteceunovale.com.br\/portal\/index.php?rest_route=%2Fwp%2Fv2%2Fcategories&post=45021"},{"taxonomy":"post_tag","embeddable":true,"href":"https:\/\/aconteceunovale.com.br\/portal\/index.php?rest_route=%2Fwp%2Fv2%2Ftags&post=45021"}],"curies":[{"name":"wp","href":"https:\/\/api.w.org\/{rel}","templated":true}]}}